{"id":944,"date":"2017-05-13T08:34:13","date_gmt":"2017-05-13T06:34:13","guid":{"rendered":"http:\/\/www.lktwg.com\/?p=944"},"modified":"2017-05-13T08:34:13","modified_gmt":"2017-05-13T06:34:13","slug":"juniorzy-wystartowali-sobienczycach","status":"publish","type":"post","link":"https:\/\/www.lktwg.com\/en\/juniorzy-wystartowali-sobienczycach\/","title":{"rendered":"Juniorzy wystartowali w Sobie\u0144czycach"},"content":{"rendered":"<p class=\"qtranxs-available-languages-message qtranxs-available-languages-message-en\">Sorry, this entry is only available in <a href=\"https:\/\/www.lktwg.com\/pl\/wp-json\/wp\/v2\/posts\/944\" class=\"qtranxs-available-language-link qtranxs-available-language-link-pl\" title=\"Polski\">Polish<\/a>. For the sake of viewer convenience, the content is shown below in the alternative language. You may click the link to switch the active language.<\/p><style type=\"text\/css\"><\/style><p>W miniony weekend na torze w Sobie\u0144czycach zosta\u0142a rozegrana I runda Mistrzostw Polski w Motocrossie. Na obiekcie Speed Stars po\u0142o\u017conym kilkana\u015bcie kilometr\u00f3w od Morza Ba\u0142tyckiego zameldowa\u0142o si\u0119 prawie 240 zawodnik\u00f3w w 12 klasach, w tym dw\u00f3ch reprezentant\u00f3w LKT Wycz\u00f3\u0142 Go\u015bcieradz.\u00a0 Jan Santus wystartowa\u0142 w klasie MX 85, gdzie na treningu klasyfikacyjnym najszybsze jedno okr\u0105\u017cenie pokona\u0142 w czasie 2:14, trac\u0105c tylko kilkana\u015bcie sekund od lidera klasyfikacji.\u00a0 Tym samym zapowiada\u0142 si\u0119 udany dzie\u0144 wy\u015bcig\u00f3w. W pierwszym biegu Ja\u015b mocno odkr\u0119ca\u0142 manetk\u0119 pokonuj\u0105c pierwsze okr\u0105\u017cenie ze \u015brednim czasem 43 km\/h, ale upadek na drugim okr\u0105\u017ceniu i strata prawie dw\u00f3ch minut do prowadz\u0105cego ostatecznie przekre\u015bli\u0142a szanse na dobr\u0105 lokat\u0119.<\/p>\n<p>,,-Na jednej z hopek podczas l\u0105dowania nie uda\u0142o mi si\u0119 prawid\u0142owo ustawi\u0107 motocykla, w efekcie czego skantowa\u0142o mnie i zaliczy\u0142em mocny upadek. Oczywi\u015bcie zanim si\u0119 pozbiera\u0142em i wsiad\u0142em ponownie na Kawasaki, to czo\u0142\u00f3wka wy\u015bcigu odjecha\u0142a mi daleko i musia\u0142em odpu\u015bci\u0107 \u015bciganie, bo b\u00f3l by\u0142 coraz bardziej odczuwalny\u201d.<\/p>\n<p>Jak wiemy Ja\u015b nie nale\u017cy do tych zawodnik\u00f3w, kt\u00f3rzy \u0142atwo odpuszczaj\u0105. Udowodni\u0142 to ju\u017c w drugim wy\u015bcigu, gdzie pomimo siniak\u00f3w wystartowa\u0142 \u00a0i\u2026 zaj\u0105\u0142 12 miejsce zgarniaj\u0105c 29 punkt\u00f3w do klasyfikacji sezonu!<\/p>\n<p>Jeden z najlepszych rezultat\u00f3w uzyska\u0142 m\u0142odszy z braci Santus. Zdecydowanie Adam polubi\u0142 nawierzchni\u0119 toru w Sobie\u0144czycach.\u00a0 Ju\u017c w pierwszym biegu klasy MX 65 uplasowa\u0142 si\u0119 w po\u0142owie stawki rider\u00f3w uzyskuj\u0105c 13 lokat\u0119. Kolejny wy\u015bcig zako\u0144czy\u0142 na 14 pozycji i efekcie zgarn\u0105\u0142 55 punkt\u00f3w do klasyfikacji sezonu. To pozwala optymistycznie patrze\u0107 na wyniki Adama w kolejnych zawodach. Ju\u017c 14.05 zobaczymy ch\u0142opak\u00f3w na III rundzie Mistrzostw Strefy P\u00f3\u0142nocnej, kt\u00f3ra zostanie rozegrana na piaszczystym torze w Lidzbarku Warmi\u0144skim.<\/p>\n<p>Trzymamy kciuki za Adama i Jana Santusa i dzi\u0119kujemy firmie Oponeo.pl SA za wsparcie ch\u0142opak\u00f3w w realizacji pasji motocrossowej. Wielkie podzi\u0119kowania r\u00f3wnie\u017c dla taty ch\u0142opak\u00f3w Piotra Santus, kt\u00f3ry zawsze stanowi nieodzowny suport dla syn\u00f3w!<\/p>\n<p>&nbsp;<\/p>","protected":false},"excerpt":{"rendered":"<p>Sorry, this entry is only available in Polish. For the sake of viewer convenience, the content is shown below in the alternative language. You may click the link to switch the active language.W miniony weekend na torze w Sobie\u0144czycach zosta\u0142a rozegrana I runda Mistrzostw Polski w Motocrossie. Na obiekcie Speed Stars po\u0142o\u017conym kilkana\u015bcie kilometr\u00f3w od&#8230;<\/p>\n","protected":false},"author":4,"featured_media":939,"comment_status":"closed","ping_status":"open","sticky":false,"template":"","format":"gallery","meta":[],"categories":[12,13,14],"tags":[73,65,74,83,79,81,82,80,70],"yoast_head":"<!-- This site is optimized with the Yoast SEO plugin v15.2.1 - https:\/\/yoast.com\/wordpress\/plugins\/seo\/ -->\n<title>Juniorzy wystartowali w Sobie\u0144czycach - LKT Wycz\u00f3\u0142 Go\u015bcieradz Polska<\/title>\n<meta name=\"robots\" content=\"index, follow, max-snippet:-1, max-image-preview:large, max-video-preview:-1\" \/>\n<link rel=\"canonical\" href=\"https:\/\/www.lktwg.com\/en\/juniorzy-wystartowali-sobienczycach\/\" \/>\n<meta property=\"og:locale\" content=\"en_US\" \/>\n<meta property=\"og:type\" content=\"article\" \/>\n<meta property=\"og:title\" content=\"Juniorzy wystartowali w Sobie\u0144czycach - LKT Wycz\u00f3\u0142 Go\u015bcieradz Polska\" \/>\n<meta property=\"og:description\" content=\"Sorry, this entry is only available in Polish. For the sake of viewer convenience, the content is shown below in the alternative language. You may click the link to switch the active language.W miniony weekend na torze w Sobie\u0144czycach zosta\u0142a rozegrana I runda Mistrzostw Polski w Motocrossie. Na obiekcie Speed Stars po\u0142o\u017conym kilkana\u015bcie kilometr\u00f3w od...\" \/>\n<meta property=\"og:url\" content=\"https:\/\/www.lktwg.com\/en\/juniorzy-wystartowali-sobienczycach\/\" \/>\n<meta property=\"og:site_name\" content=\"LKT Wycz\u00f3\u0142 Go\u015bcieradz Polska\" \/>\n<meta property=\"article:publisher\" content=\"https:\/\/www.facebook.com\/lktwyczol\/\" \/>\n<meta property=\"article:published_time\" content=\"2017-05-13T06:34:13+00:00\" \/>\n<meta property=\"og:image\" content=\"https:\/\/www.lktwg.com\/wp-content\/uploads\/2017\/05\/18358596_1847397741944441_6811650489067722975_o.jpg\" \/>\n\t<meta property=\"og:image:width\" content=\"2048\" \/>\n\t<meta property=\"og:image:height\" content=\"1369\" \/>\n<meta name=\"twitter:card\" content=\"summary\" \/>\n<meta name=\"twitter:label1\" content=\"Written by\">\n\t<meta name=\"twitter:data1\" content=\"Szymon Krupa\">\n\t<meta name=\"twitter:label2\" content=\"Est. reading time\">\n\t<meta name=\"twitter:data2\" content=\"1 minute\">\n<script type=\"application\/ld+json\" class=\"yoast-schema-graph\">{\"@context\":\"https:\/\/schema.org\",\"@graph\":[{\"@type\":\"WebSite\",\"@id\":\"https:\/\/www.lktwg.com\/en\/#website\",\"url\":\"https:\/\/www.lktwg.com\/en\/\",\"name\":\"LKT Wycz\\u00f3\\u0142 Go\\u015bcieradz Polska\",\"description\":\"Ludowy Klub Turystyczny\",\"potentialAction\":[{\"@type\":\"SearchAction\",\"target\":\"https:\/\/www.lktwg.com\/en\/?s={search_term_string}\",\"query-input\":\"required name=search_term_string\"}],\"inLanguage\":\"en-US\"},{\"@type\":\"ImageObject\",\"@id\":\"https:\/\/www.lktwg.com\/en\/juniorzy-wystartowali-sobienczycach\/#primaryimage\",\"inLanguage\":\"en-US\",\"url\":\"https:\/\/www.lktwg.com\/wp-content\/uploads\/2017\/05\/18358596_1847397741944441_6811650489067722975_o.jpg\",\"width\":2048,\"height\":1369},{\"@type\":\"WebPage\",\"@id\":\"https:\/\/www.lktwg.com\/en\/juniorzy-wystartowali-sobienczycach\/#webpage\",\"url\":\"https:\/\/www.lktwg.com\/en\/juniorzy-wystartowali-sobienczycach\/\",\"name\":\"Juniorzy wystartowali w Sobie\\u0144czycach - LKT Wycz\\u00f3\\u0142 Go\\u015bcieradz Polska\",\"isPartOf\":{\"@id\":\"https:\/\/www.lktwg.com\/en\/#website\"},\"primaryImageOfPage\":{\"@id\":\"https:\/\/www.lktwg.com\/en\/juniorzy-wystartowali-sobienczycach\/#primaryimage\"},\"datePublished\":\"2017-05-13T06:34:13+00:00\",\"dateModified\":\"2017-05-13T06:34:13+00:00\",\"author\":{\"@id\":\"https:\/\/www.lktwg.com\/en\/#\/schema\/person\/6bdf16306d63f6890497ce5c248c00ab\"},\"inLanguage\":\"en-US\",\"potentialAction\":[{\"@type\":\"ReadAction\",\"target\":[\"https:\/\/www.lktwg.com\/en\/juniorzy-wystartowali-sobienczycach\/\"]}]},{\"@type\":\"Person\",\"@id\":\"https:\/\/www.lktwg.com\/en\/#\/schema\/person\/6bdf16306d63f6890497ce5c248c00ab\",\"name\":\"Szymon Krupa\",\"image\":{\"@type\":\"ImageObject\",\"@id\":\"https:\/\/www.lktwg.com\/en\/#personlogo\",\"inLanguage\":\"en-US\",\"url\":\"https:\/\/secure.gravatar.com\/avatar\/c0e2b7c0f015fe0d6c14ac0951d89111?s=96&d=mm&r=g\",\"caption\":\"Szymon Krupa\"}}]}<\/script>\n<!-- \/ Yoast SEO plugin. -->","_links":{"self":[{"href":"https:\/\/www.lktwg.com\/en\/wp-json\/wp\/v2\/posts\/944"}],"collection":[{"href":"https:\/\/www.lktwg.com\/en\/wp-json\/wp\/v2\/posts"}],"about":[{"href":"https:\/\/www.lktwg.com\/en\/wp-json\/wp\/v2\/types\/post"}],"author":[{"embeddable":true,"href":"https:\/\/www.lktwg.com\/en\/wp-json\/wp\/v2\/users\/4"}],"replies":[{"embeddable":true,"href":"https:\/\/www.lktwg.com\/en\/wp-json\/wp\/v2\/comments?post=944"}],"version-history":[{"count":2,"href":"https:\/\/www.lktwg.com\/en\/wp-json\/wp\/v2\/posts\/944\/revisions"}],"predecessor-version":[{"id":946,"href":"https:\/\/www.lktwg.com\/en\/wp-json\/wp\/v2\/posts\/944\/revisions\/946"}],"wp:featuredmedia":[{"embeddable":true,"href":"https:\/\/www.lktwg.com\/en\/wp-json\/wp\/v2\/media\/939"}],"wp:attachment":[{"href":"https:\/\/www.lktwg.com\/en\/wp-json\/wp\/v2\/media?parent=944"}],"wp:term":[{"taxonomy":"category","embeddable":true,"href":"https:\/\/www.lktwg.com\/en\/wp-json\/wp\/v2\/categories?post=944"},{"taxonomy":"post_tag","embeddable":true,"href":"https:\/\/www.lktwg.com\/en\/wp-json\/wp\/v2\/tags?post=944"}],"curies":[{"name":"wp","href":"https:\/\/api.w.org\/{rel}","templated":true}]}}