{"id":677,"date":"2017-04-02T18:58:35","date_gmt":"2017-04-02T16:58:35","guid":{"rendered":"http:\/\/test.lktwg.com\/?p=677"},"modified":"2017-04-02T19:22:41","modified_gmt":"2017-04-02T17:22:41","slug":"start-ekipy-wyczola-1-rundzie-wolnej-ligi-wyscigowej","status":"publish","type":"post","link":"https:\/\/www.lktwg.com\/en\/start-ekipy-wyczola-1-rundzie-wolnej-ligi-wyscigowej\/","title":{"rendered":"Start ekipy Wycz\u00f3\u0142a w 1 rundzie Wolnej Ligi Wy\u015bcigowej"},"content":{"rendered":"<p class=\"qtranxs-available-languages-message qtranxs-available-languages-message-en\">Sorry, this entry is only available in <a href=\"https:\/\/www.lktwg.com\/pl\/wp-json\/wp\/v2\/posts\/677\" class=\"qtranxs-available-language-link qtranxs-available-language-link-pl\" title=\"Polski\">Polish<\/a>. For the sake of viewer convenience, the content is shown below in the alternative language. You may click the link to switch the active language.<\/p><style type=\"text\/css\"><\/style><p><strong>Mamy dla Was relacj\u0119 kolegi Kamila Jaroszewskiego, kt\u00f3ry wraz z ekip\u0105 kierowc\u00f3w LKT Wycz\u00f3\u0142 Go\u015bcieradz pierwszy raz bra\u0142 udzia\u0142 w imprezie na Torze Pszcz\u00f3\u0142ki.<\/strong><\/p>\n<p>,,Tym razem wybrali\u015bmy si\u0119 do ODTJ Autodrom Pomorze na 1 rund\u0119 imprezy pod nazw\u0105 Wolna Liga Wy\u015bcigowa. Tylko jeden zawodnik wr\u00f3ci\u0142 z pucharem, poniewa\u017c konkurencja by\u0142a naprawd\u0119 mocna. \u0141\u0105cznie do rywalizacji stan\u0119\u0142o 44 zawodnik\u00f3w. Nasze &#8220;cywilne&#8221; auta musia\u0142y walczy\u0107 z typowymi rajd\u00f3wkami nap\u0119dzanymi motorami nawet w granicach 400-500KM. Dodatkowo zauwa\u017cyli\u015bmy, \u017ce 90% zawodnik\u00f3w to osoby miejscowe, kt\u00f3re doskonale znaj\u0105 tor. Mimo tak silnej konkurencji nasi zawodnicy ostro walczyli i uzyskiwali niewiele s\u0142absze czasy, a z ka\u017cdym kolejnym przejazdem by\u0142o coraz lepiej. Je\u017celi chodzi o same zawody to uwa\u017camy, \u017ce organizacja by\u0142a perfekcyjna. Przebieg wy\u015bcig\u00f3w by\u0142 bardzo p\u0142ynny i wszystko przebiega\u0142o bezproblemowo. Tor o d\u0142ugo\u015bci 2km pozwala\u0142 na dobr\u0105 zabaw\u0119, poniewa\u017c by\u0142 szybki, a jednocze\u015bnie miejscami bardzo kr\u0119ty. Ka\u017cdy z zawodnik\u00f3w mia\u0142 do przejechania \u0142\u0105cznie 16km (8 przejazd\u00f3w). W takcie imprezy zmienia\u0142a si\u0119 pogoda i zaczynali\u015bmy rywalizacj\u0119 na suchym torze, p\u00f3\u017aniej na mokrym i ostatnie dwa przejazdy r\u00f3wnie\u017c po suchym asfalcie.&#8221;<\/p>\n<p><strong>Wyniki zawodnik\u00f3w LKT &#8220;Wycz\u00f3\u0142&#8221; Go\u015bcieradz&#8221; w 1 rundzie WLW:<\/strong><\/p>\n<p>1. Maciej \u017bwirko (Subaru Impreza 275KM) &#8211; 9 miejsce w klasie K5 i 12 miejsce w klasyfikacji generalnej<br \/>\n2. Kamil Jaroszewski (Subaru Impreza 240KM) &#8211; 10 miejsce w klasie K5 i 22 miejsce w klasyfikacji generalnej<br \/>\n3. Rzepecki Aleksander (VW Golf TD 150KM) &#8211; 3 miejsce w klasie K3 i 18 miejsce w klasyfikacji generalnej<br \/>\n4. Rzepecki Tomasz (BMW 320D 190KM) &#8211; 11 miejsce w klasie K3 i 29 miejsce w klasyfikacji generalnej<br \/>\n5. Karol Wysoki\u0144ski (Citroen Xsara VTS 163KM) &#8211; 14 miejsce w klasie K3 i 34 miejsce w klasyfikacji generalnej<\/p>\n<p>W dniu 26.03.2017r. jedziemy na zawody Wolna Liga Wy\u015bcigowa runda 2 &#8211; zapraszamy pozosta\u0142ych zawodnik\u00f3w LKT &#8220;Wycz\u00f3\u0142&#8221; Go\u015bcieradz do wsp\u00f3lnego wyjazdu (oko\u0142o 1,5 &#8211; 2h drogi w jedn\u0105 stron\u0119).<\/p>\n<p>Trzymamy kciuki za naszych klubowicz\u00f3w!<\/p>","protected":false},"excerpt":{"rendered":"<p>Sorry, this entry is only available in Polish. For the sake of viewer convenience, the content is shown below in the alternative language. You may click the link to switch the active language.Mamy dla Was relacj\u0119 kolegi Kamila Jaroszewskiego, kt\u00f3ry wraz z ekip\u0105 kierowc\u00f3w LKT Wycz\u00f3\u0142 Go\u015bcieradz pierwszy raz bra\u0142 udzia\u0142 w imprezie na Torze&#8230;<\/p>\n","protected":false},"author":4,"featured_media":668,"comment_status":"closed","ping_status":"open","sticky":false,"template":"","format":"gallery","meta":[],"categories":[9],"tags":[65,67,68,69,64],"yoast_head":"<!-- This site is optimized with the Yoast SEO plugin v15.2.1 - https:\/\/yoast.com\/wordpress\/plugins\/seo\/ -->\n<title>Start ekipy Wycz\u00f3\u0142a w 1 rundzie Wolnej Ligi Wy\u015bcigowej - LKT Wycz\u00f3\u0142 Go\u015bcieradz Polska<\/title>\n<meta name=\"robots\" content=\"index, follow, max-snippet:-1, max-image-preview:large, max-video-preview:-1\" \/>\n<link rel=\"canonical\" href=\"https:\/\/www.lktwg.com\/en\/start-ekipy-wyczola-1-rundzie-wolnej-ligi-wyscigowej\/\" \/>\n<meta property=\"og:locale\" content=\"en_US\" \/>\n<meta property=\"og:type\" content=\"article\" \/>\n<meta property=\"og:title\" content=\"Start ekipy Wycz\u00f3\u0142a w 1 rundzie Wolnej Ligi Wy\u015bcigowej - LKT Wycz\u00f3\u0142 Go\u015bcieradz Polska\" \/>\n<meta property=\"og:description\" content=\"Sorry, this entry is only available in Polish. For the sake of viewer convenience, the content is shown below in the alternative language. You may click the link to switch the active language.Mamy dla Was relacj\u0119 kolegi Kamila Jaroszewskiego, kt\u00f3ry wraz z ekip\u0105 kierowc\u00f3w LKT Wycz\u00f3\u0142 Go\u015bcieradz pierwszy raz bra\u0142 udzia\u0142 w imprezie na Torze...\" \/>\n<meta property=\"og:url\" content=\"https:\/\/www.lktwg.com\/en\/start-ekipy-wyczola-1-rundzie-wolnej-ligi-wyscigowej\/\" \/>\n<meta property=\"og:site_name\" content=\"LKT Wycz\u00f3\u0142 Go\u015bcieradz Polska\" \/>\n<meta property=\"article:publisher\" content=\"https:\/\/www.facebook.com\/lktwyczol\/\" \/>\n<meta property=\"article:published_time\" content=\"2017-04-02T16:58:35+00:00\" \/>\n<meta property=\"article:modified_time\" content=\"2017-04-02T17:22:41+00:00\" \/>\n<meta property=\"og:image\" content=\"https:\/\/www.lktwg.com\/wp-content\/uploads\/2017\/04\/Pszcz\u00f3ki-1.jpg\" \/>\n\t<meta property=\"og:image:width\" content=\"620\" \/>\n\t<meta property=\"og:image:height\" content=\"361\" \/>\n<meta name=\"twitter:card\" content=\"summary\" \/>\n<meta name=\"twitter:label1\" content=\"Written by\">\n\t<meta name=\"twitter:data1\" content=\"Szymon Krupa\">\n\t<meta name=\"twitter:label2\" content=\"Est. reading time\">\n\t<meta name=\"twitter:data2\" content=\"1 minute\">\n<script type=\"application\/ld+json\" class=\"yoast-schema-graph\">{\"@context\":\"https:\/\/schema.org\",\"@graph\":[{\"@type\":\"WebSite\",\"@id\":\"https:\/\/www.lktwg.com\/en\/#website\",\"url\":\"https:\/\/www.lktwg.com\/en\/\",\"name\":\"LKT Wycz\\u00f3\\u0142 Go\\u015bcieradz Polska\",\"description\":\"Ludowy Klub Turystyczny\",\"potentialAction\":[{\"@type\":\"SearchAction\",\"target\":\"https:\/\/www.lktwg.com\/en\/?s={search_term_string}\",\"query-input\":\"required name=search_term_string\"}],\"inLanguage\":\"en-US\"},{\"@type\":\"ImageObject\",\"@id\":\"https:\/\/www.lktwg.com\/en\/start-ekipy-wyczola-1-rundzie-wolnej-ligi-wyscigowej\/#primaryimage\",\"inLanguage\":\"en-US\",\"url\":\"https:\/\/www.lktwg.com\/wp-content\/uploads\/2017\/04\/Pszcz\\u00f3ki-1.jpg\",\"width\":620,\"height\":361},{\"@type\":\"WebPage\",\"@id\":\"https:\/\/www.lktwg.com\/en\/start-ekipy-wyczola-1-rundzie-wolnej-ligi-wyscigowej\/#webpage\",\"url\":\"https:\/\/www.lktwg.com\/en\/start-ekipy-wyczola-1-rundzie-wolnej-ligi-wyscigowej\/\",\"name\":\"Start ekipy Wycz\\u00f3\\u0142a w 1 rundzie Wolnej Ligi Wy\\u015bcigowej - LKT Wycz\\u00f3\\u0142 Go\\u015bcieradz Polska\",\"isPartOf\":{\"@id\":\"https:\/\/www.lktwg.com\/en\/#website\"},\"primaryImageOfPage\":{\"@id\":\"https:\/\/www.lktwg.com\/en\/start-ekipy-wyczola-1-rundzie-wolnej-ligi-wyscigowej\/#primaryimage\"},\"datePublished\":\"2017-04-02T16:58:35+00:00\",\"dateModified\":\"2017-04-02T17:22:41+00:00\",\"author\":{\"@id\":\"https:\/\/www.lktwg.com\/en\/#\/schema\/person\/6bdf16306d63f6890497ce5c248c00ab\"},\"inLanguage\":\"en-US\",\"potentialAction\":[{\"@type\":\"ReadAction\",\"target\":[\"https:\/\/www.lktwg.com\/en\/start-ekipy-wyczola-1-rundzie-wolnej-ligi-wyscigowej\/\"]}]},{\"@type\":\"Person\",\"@id\":\"https:\/\/www.lktwg.com\/en\/#\/schema\/person\/6bdf16306d63f6890497ce5c248c00ab\",\"name\":\"Szymon Krupa\",\"image\":{\"@type\":\"ImageObject\",\"@id\":\"https:\/\/www.lktwg.com\/en\/#personlogo\",\"inLanguage\":\"en-US\",\"url\":\"https:\/\/secure.gravatar.com\/avatar\/c0e2b7c0f015fe0d6c14ac0951d89111?s=96&d=mm&r=g\",\"caption\":\"Szymon Krupa\"}}]}<\/script>\n<!-- \/ Yoast SEO plugin. -->","_links":{"self":[{"href":"https:\/\/www.lktwg.com\/en\/wp-json\/wp\/v2\/posts\/677"}],"collection":[{"href":"https:\/\/www.lktwg.com\/en\/wp-json\/wp\/v2\/posts"}],"about":[{"href":"https:\/\/www.lktwg.com\/en\/wp-json\/wp\/v2\/types\/post"}],"author":[{"embeddable":true,"href":"https:\/\/www.lktwg.com\/en\/wp-json\/wp\/v2\/users\/4"}],"replies":[{"embeddable":true,"href":"https:\/\/www.lktwg.com\/en\/wp-json\/wp\/v2\/comments?post=677"}],"version-history":[{"count":1,"href":"https:\/\/www.lktwg.com\/en\/wp-json\/wp\/v2\/posts\/677\/revisions"}],"predecessor-version":[{"id":678,"href":"https:\/\/www.lktwg.com\/en\/wp-json\/wp\/v2\/posts\/677\/revisions\/678"}],"wp:featuredmedia":[{"embeddable":true,"href":"https:\/\/www.lktwg.com\/en\/wp-json\/wp\/v2\/media\/668"}],"wp:attachment":[{"href":"https:\/\/www.lktwg.com\/en\/wp-json\/wp\/v2\/media?parent=677"}],"wp:term":[{"taxonomy":"category","embeddable":true,"href":"https:\/\/www.lktwg.com\/en\/wp-json\/wp\/v2\/categories?post=677"},{"taxonomy":"post_tag","embeddable":true,"href":"https:\/\/www.lktwg.com\/en\/wp-json\/wp\/v2\/tags?post=677"}],"curies":[{"name":"wp","href":"https:\/\/api.w.org\/{rel}","templated":true}]}}