{"id":5724,"date":"2026-04-30T19:57:42","date_gmt":"2026-04-30T17:57:42","guid":{"rendered":"https:\/\/www.lktwg.com\/?p=5724"},"modified":"2026-04-30T19:57:42","modified_gmt":"2026-04-30T17:57:42","slug":"debiut-patryka-kaldowskiego-na-yamaha-r3","status":"publish","type":"post","link":"https:\/\/www.lktwg.com\/en\/debiut-patryka-kaldowskiego-na-yamaha-r3\/","title":{"rendered":"Debiut Patryka Ka\u0142dowskiego na Yamaha R3"},"content":{"rendered":"<p class=\"qtranxs-available-languages-message qtranxs-available-languages-message-en\">Sorry, this entry is only available in <a href=\"https:\/\/www.lktwg.com\/pl\/wp-json\/wp\/v2\/posts\/5724\" class=\"qtranxs-available-language-link qtranxs-available-language-link-pl\" title=\"Polski\">Polish<\/a>. For the sake of viewer convenience, the content is shown below in the alternative language. You may click the link to switch the active language.<\/p><style type=\"text\/css\"><\/style><p>Po zimowej przerwie nasz Mistrz Polski i zdobywca z\u0142otego medalu Pucharu Polski Pitbike SM 2025 Patryk Ka\u0142dowski #303 rozpocz\u0105\u0142 sezon w S\u0142omczynie. Obiekt bardzo dobrze znany dla naszego klubowicza, ale motocykl to zupe\u0142na nowo\u015b\u0107. W 2026r Patryk b\u0119dzie rywalizowa\u0142 na Yamaha R3, mi\u0119dzy innymi w klasie SST 300.<br \/>\nKr\u00f3tka relacja Patryka po pierwszych wy\u015bcigowych kilometrach na R3:<br \/>\nW miniony weekend pojechali\u015bmy do S\u0142omczyna na pierwsz\u0105 rund\u0119 Mistrzostw Moto3 duszanteam.pl(dawniej znanych pod nazw\u0105 Mistrzostwa Sl\u0105ska). W debiucie zaj\u0105\u0142em 3 miejsce! Mieli\u015bmy a\u017c 33 zawodnik\u00f3w w klasie i do tego bez idealnych warunk\u00f3w pogodowych. By\u0142o ch\u0142odno i wietrznie, ale uzyskiwane czasy by\u0142y na mega dobrym poziomie. By\u0142 to m\u00f3j drugi raz na R3, z kt\u00f3r\u0105 dogaduje si\u0119 bardzo dobrze:). Szybko si\u0119 ucz\u0119, poprawiam czasy i z pomoc\u0105 mechanika-trenera taty wszystko idzie do przodu!<\/p>","protected":false},"excerpt":{"rendered":"<p>Sorry, this entry is only available in Polish. For the sake of viewer convenience, the content is shown below in the alternative language. You may click the link to switch the active language.Po zimowej przerwie nasz Mistrz Polski i zdobywca z\u0142otego medalu Pucharu Polski Pitbike SM 2025 Patryk Ka\u0142dowski #303 rozpocz\u0105\u0142 sezon w S\u0142omczynie. Obiekt&#8230;<\/p>\n","protected":false},"author":1,"featured_media":5721,"comment_status":"closed","ping_status":"open","sticky":false,"template":"","format":"gallery","meta":[],"categories":[1],"tags":[],"yoast_head":"<!-- This site is optimized with the Yoast SEO plugin v15.2.1 - https:\/\/yoast.com\/wordpress\/plugins\/seo\/ -->\n<title>Debiut Patryka Ka\u0142dowskiego na Yamaha R3 - LKT Wycz\u00f3\u0142 Go\u015bcieradz Polska<\/title>\n<meta name=\"robots\" content=\"index, follow, max-snippet:-1, max-image-preview:large, max-video-preview:-1\" \/>\n<link rel=\"canonical\" href=\"https:\/\/www.lktwg.com\/debiut-patryka-kaldowskiego-na-yamaha-r3\/\" \/>\n<meta property=\"og:locale\" content=\"en_US\" \/>\n<meta property=\"og:type\" content=\"article\" \/>\n<meta property=\"og:title\" content=\"Debiut Patryka Ka\u0142dowskiego na Yamaha R3 - LKT Wycz\u00f3\u0142 Go\u015bcieradz Polska\" \/>\n<meta property=\"og:description\" content=\"Sorry, this entry is only available in Polish. For the sake of viewer convenience, the content is shown below in the alternative language. You may click the link to switch the active language.Po zimowej przerwie nasz Mistrz Polski i zdobywca z\u0142otego medalu Pucharu Polski Pitbike SM 2025 Patryk Ka\u0142dowski #303 rozpocz\u0105\u0142 sezon w S\u0142omczynie. Obiekt...\" \/>\n<meta property=\"og:url\" content=\"https:\/\/www.lktwg.com\/debiut-patryka-kaldowskiego-na-yamaha-r3\/\" \/>\n<meta property=\"og:site_name\" content=\"LKT Wycz\u00f3\u0142 Go\u015bcieradz Polska\" \/>\n<meta property=\"article:publisher\" content=\"https:\/\/www.facebook.com\/lktwyczol\/\" \/>\n<meta property=\"article:published_time\" content=\"2026-04-30T17:57:42+00:00\" \/>\n<meta name=\"twitter:card\" content=\"summary\" \/>\n<meta name=\"twitter:image\" content=\"https:\/\/www.lktwg.com\/wp-content\/uploads\/2026\/04\/Patryk_5_jpg.jpg\" \/>\n<meta name=\"twitter:label1\" content=\"Written by\">\n\t<meta name=\"twitter:data1\" content=\"admin\">\n\t<meta name=\"twitter:label2\" content=\"Est. reading time\">\n\t<meta name=\"twitter:data2\" content=\"1 minute\">\n<script type=\"application\/ld+json\" class=\"yoast-schema-graph\">{\"@context\":\"https:\/\/schema.org\",\"@graph\":[{\"@type\":\"WebSite\",\"@id\":\"https:\/\/www.lktwg.com\/en\/#website\",\"url\":\"https:\/\/www.lktwg.com\/en\/\",\"name\":\"LKT Wycz\\u00f3\\u0142 Go\\u015bcieradz Polska\",\"description\":\"Ludowy Klub Turystyczny\",\"potentialAction\":[{\"@type\":\"SearchAction\",\"target\":\"https:\/\/www.lktwg.com\/en\/?s={search_term_string}\",\"query-input\":\"required name=search_term_string\"}],\"inLanguage\":\"en-US\"},{\"@type\":\"ImageObject\",\"@id\":\"https:\/\/www.lktwg.com\/debiut-patryka-kaldowskiego-na-yamaha-r3\/#primaryimage\",\"inLanguage\":\"en-US\",\"url\":\"https:\/\/www.lktwg.com\/wp-content\/uploads\/2026\/04\/Patryk_5_jpg.jpg\",\"width\":2048,\"height\":1365},{\"@type\":\"WebPage\",\"@id\":\"https:\/\/www.lktwg.com\/debiut-patryka-kaldowskiego-na-yamaha-r3\/#webpage\",\"url\":\"https:\/\/www.lktwg.com\/debiut-patryka-kaldowskiego-na-yamaha-r3\/\",\"name\":\"Debiut Patryka Ka\\u0142dowskiego na Yamaha R3 - LKT Wycz\\u00f3\\u0142 Go\\u015bcieradz Polska\",\"isPartOf\":{\"@id\":\"https:\/\/www.lktwg.com\/en\/#website\"},\"primaryImageOfPage\":{\"@id\":\"https:\/\/www.lktwg.com\/debiut-patryka-kaldowskiego-na-yamaha-r3\/#primaryimage\"},\"datePublished\":\"2026-04-30T17:57:42+00:00\",\"dateModified\":\"2026-04-30T17:57:42+00:00\",\"author\":{\"@id\":\"https:\/\/www.lktwg.com\/en\/#\/schema\/person\/e89f59392b8ee840afbd86a4adc4411e\"},\"inLanguage\":\"en-US\",\"potentialAction\":[{\"@type\":\"ReadAction\",\"target\":[\"https:\/\/www.lktwg.com\/debiut-patryka-kaldowskiego-na-yamaha-r3\/\"]}]},{\"@type\":\"Person\",\"@id\":\"https:\/\/www.lktwg.com\/en\/#\/schema\/person\/e89f59392b8ee840afbd86a4adc4411e\",\"name\":\"admin\",\"image\":{\"@type\":\"ImageObject\",\"@id\":\"https:\/\/www.lktwg.com\/en\/#personlogo\",\"inLanguage\":\"en-US\",\"url\":\"https:\/\/secure.gravatar.com\/avatar\/befd0f1e5a3e4401138e37fe7cb9b525?s=96&d=mm&r=g\",\"caption\":\"admin\"}}]}<\/script>\n<!-- \/ Yoast SEO plugin. -->","_links":{"self":[{"href":"https:\/\/www.lktwg.com\/en\/wp-json\/wp\/v2\/posts\/5724"}],"collection":[{"href":"https:\/\/www.lktwg.com\/en\/wp-json\/wp\/v2\/posts"}],"about":[{"href":"https:\/\/www.lktwg.com\/en\/wp-json\/wp\/v2\/types\/post"}],"author":[{"embeddable":true,"href":"https:\/\/www.lktwg.com\/en\/wp-json\/wp\/v2\/users\/1"}],"replies":[{"embeddable":true,"href":"https:\/\/www.lktwg.com\/en\/wp-json\/wp\/v2\/comments?post=5724"}],"version-history":[{"count":1,"href":"https:\/\/www.lktwg.com\/en\/wp-json\/wp\/v2\/posts\/5724\/revisions"}],"predecessor-version":[{"id":5725,"href":"https:\/\/www.lktwg.com\/en\/wp-json\/wp\/v2\/posts\/5724\/revisions\/5725"}],"wp:featuredmedia":[{"embeddable":true,"href":"https:\/\/www.lktwg.com\/en\/wp-json\/wp\/v2\/media\/5721"}],"wp:attachment":[{"href":"https:\/\/www.lktwg.com\/en\/wp-json\/wp\/v2\/media?parent=5724"}],"wp:term":[{"taxonomy":"category","embeddable":true,"href":"https:\/\/www.lktwg.com\/en\/wp-json\/wp\/v2\/categories?post=5724"},{"taxonomy":"post_tag","embeddable":true,"href":"https:\/\/www.lktwg.com\/en\/wp-json\/wp\/v2\/tags?post=5724"}],"curies":[{"name":"wp","href":"https:\/\/api.w.org\/{rel}","templated":true}]}}