{"id":5564,"date":"2025-08-04T07:58:28","date_gmt":"2025-08-04T05:58:28","guid":{"rendered":"https:\/\/www.lktwg.com\/?p=5564"},"modified":"2025-08-04T07:58:28","modified_gmt":"2025-08-04T05:58:28","slug":"maksym-szulc-na-v-rundzie-super-rally","status":"publish","type":"post","link":"https:\/\/www.lktwg.com\/en\/maksym-szulc-na-v-rundzie-super-rally\/","title":{"rendered":"Maksym Szulc na V rundzie Super Rally"},"content":{"rendered":"<p class=\"qtranxs-available-languages-message qtranxs-available-languages-message-en\">Sorry, this entry is only available in <a href=\"https:\/\/www.lktwg.com\/pl\/wp-json\/wp\/v2\/posts\/5564\" class=\"qtranxs-available-language-link qtranxs-available-language-link-pl\" title=\"Polski\">Polish<\/a>. For the sake of viewer convenience, the content is shown below in the alternative language. You may click the link to switch the active language.<\/p><style type=\"text\/css\"><\/style><p>Czy co\u015b Wam m\u00f3wi W\u00f3lka Go\u015bcieradowska? Nam te\u017c nie, ale od 26 lipca ju\u017c wiemy, \u017ce ta ma\u0142a miejscowo\u015b\u0107 jest po\u0142o\u017cona na Lubelszczy\u017anie z fajnym obiektem Adrenalina Moto Park Go\u015bcierad\u00f3w. To w\u0142a\u015bnie tam zago\u015bci\u0142a V runda Super Rally \/ Super Race, kt\u00f3ra zgromadzi\u0142a a\u017c 117 uczestnik\u00f3w. Z naszych poprzednich relacji wiecie, \u017ce regularnie na starcie serii rajd\u00f3w pojawia si\u0119 nasz klubowicz Maksym Szulc 605. Nie inaczej by\u0142o tym razem. Ponownie Max wystartowa\u0142 w klasie Quad 2&#215;4 i kolejny raz stan\u0105\u0142 na najwy\u017cszym stopniu podium deklasuj\u0105c rywali. W klasyfikacji sezonu Super Race Maksym Szulc zajmuje 2 miejsce! Do ko\u0144ca sezonu zmaga\u0144 zosta\u0142o jeszcze kilka rund, wi\u0119c trzymamy kciuki za podium!<br \/>\nFot. strona FB Super Rally \/ Super Race<\/p>","protected":false},"excerpt":{"rendered":"<p>Sorry, this entry is only available in Polish. For the sake of viewer convenience, the content is shown below in the alternative language. You may click the link to switch the active language.Czy co\u015b Wam m\u00f3wi W\u00f3lka Go\u015bcieradowska? Nam te\u017c nie, ale od 26 lipca ju\u017c wiemy, \u017ce ta ma\u0142a miejscowo\u015b\u0107 jest po\u0142o\u017cona na Lubelszczy\u017anie&#8230;<\/p>\n","protected":false},"author":1,"featured_media":5560,"comment_status":"closed","ping_status":"open","sticky":false,"template":"","format":"gallery","meta":[],"categories":[58],"tags":[],"yoast_head":"<!-- This site is optimized with the Yoast SEO plugin v15.2.1 - https:\/\/yoast.com\/wordpress\/plugins\/seo\/ -->\n<title>Maksym Szulc na V rundzie Super Rally - LKT Wycz\u00f3\u0142 Go\u015bcieradz Polska<\/title>\n<meta name=\"robots\" content=\"index, follow, max-snippet:-1, max-image-preview:large, max-video-preview:-1\" \/>\n<link rel=\"canonical\" href=\"https:\/\/www.lktwg.com\/maksym-szulc-na-v-rundzie-super-rally\/\" \/>\n<meta property=\"og:locale\" content=\"en_US\" \/>\n<meta property=\"og:type\" content=\"article\" \/>\n<meta property=\"og:title\" content=\"Maksym Szulc na V rundzie Super Rally - LKT Wycz\u00f3\u0142 Go\u015bcieradz Polska\" \/>\n<meta property=\"og:description\" content=\"Sorry, this entry is only available in Polish. For the sake of viewer convenience, the content is shown below in the alternative language. You may click the link to switch the active language.Czy co\u015b Wam m\u00f3wi W\u00f3lka Go\u015bcieradowska? Nam te\u017c nie, ale od 26 lipca ju\u017c wiemy, \u017ce ta ma\u0142a miejscowo\u015b\u0107 jest po\u0142o\u017cona na Lubelszczy\u017anie...\" \/>\n<meta property=\"og:url\" content=\"https:\/\/www.lktwg.com\/maksym-szulc-na-v-rundzie-super-rally\/\" \/>\n<meta property=\"og:site_name\" content=\"LKT Wycz\u00f3\u0142 Go\u015bcieradz Polska\" \/>\n<meta property=\"article:publisher\" content=\"https:\/\/www.facebook.com\/lktwyczol\/\" \/>\n<meta property=\"article:published_time\" content=\"2025-08-04T05:58:28+00:00\" \/>\n<meta name=\"twitter:card\" content=\"summary\" \/>\n<meta name=\"twitter:image\" content=\"https:\/\/www.lktwg.com\/wp-content\/uploads\/2025\/08\/1000021534.jpg\" \/>\n<meta name=\"twitter:label1\" content=\"Written by\">\n\t<meta name=\"twitter:data1\" content=\"admin\">\n\t<meta name=\"twitter:label2\" content=\"Est. reading time\">\n\t<meta name=\"twitter:data2\" content=\"1 minute\">\n<script type=\"application\/ld+json\" class=\"yoast-schema-graph\">{\"@context\":\"https:\/\/schema.org\",\"@graph\":[{\"@type\":\"WebSite\",\"@id\":\"https:\/\/www.lktwg.com\/en\/#website\",\"url\":\"https:\/\/www.lktwg.com\/en\/\",\"name\":\"LKT Wycz\\u00f3\\u0142 Go\\u015bcieradz Polska\",\"description\":\"Ludowy Klub Turystyczny\",\"potentialAction\":[{\"@type\":\"SearchAction\",\"target\":\"https:\/\/www.lktwg.com\/en\/?s={search_term_string}\",\"query-input\":\"required name=search_term_string\"}],\"inLanguage\":\"en-US\"},{\"@type\":\"ImageObject\",\"@id\":\"https:\/\/www.lktwg.com\/maksym-szulc-na-v-rundzie-super-rally\/#primaryimage\",\"inLanguage\":\"en-US\",\"url\":\"https:\/\/www.lktwg.com\/wp-content\/uploads\/2025\/08\/1000021534.jpg\",\"width\":1498,\"height\":1000},{\"@type\":\"WebPage\",\"@id\":\"https:\/\/www.lktwg.com\/maksym-szulc-na-v-rundzie-super-rally\/#webpage\",\"url\":\"https:\/\/www.lktwg.com\/maksym-szulc-na-v-rundzie-super-rally\/\",\"name\":\"Maksym Szulc na V rundzie Super Rally - LKT Wycz\\u00f3\\u0142 Go\\u015bcieradz Polska\",\"isPartOf\":{\"@id\":\"https:\/\/www.lktwg.com\/en\/#website\"},\"primaryImageOfPage\":{\"@id\":\"https:\/\/www.lktwg.com\/maksym-szulc-na-v-rundzie-super-rally\/#primaryimage\"},\"datePublished\":\"2025-08-04T05:58:28+00:00\",\"dateModified\":\"2025-08-04T05:58:28+00:00\",\"author\":{\"@id\":\"https:\/\/www.lktwg.com\/en\/#\/schema\/person\/e89f59392b8ee840afbd86a4adc4411e\"},\"inLanguage\":\"en-US\",\"potentialAction\":[{\"@type\":\"ReadAction\",\"target\":[\"https:\/\/www.lktwg.com\/maksym-szulc-na-v-rundzie-super-rally\/\"]}]},{\"@type\":\"Person\",\"@id\":\"https:\/\/www.lktwg.com\/en\/#\/schema\/person\/e89f59392b8ee840afbd86a4adc4411e\",\"name\":\"admin\",\"image\":{\"@type\":\"ImageObject\",\"@id\":\"https:\/\/www.lktwg.com\/en\/#personlogo\",\"inLanguage\":\"en-US\",\"url\":\"https:\/\/secure.gravatar.com\/avatar\/befd0f1e5a3e4401138e37fe7cb9b525?s=96&d=mm&r=g\",\"caption\":\"admin\"}}]}<\/script>\n<!-- \/ Yoast SEO plugin. -->","_links":{"self":[{"href":"https:\/\/www.lktwg.com\/en\/wp-json\/wp\/v2\/posts\/5564"}],"collection":[{"href":"https:\/\/www.lktwg.com\/en\/wp-json\/wp\/v2\/posts"}],"about":[{"href":"https:\/\/www.lktwg.com\/en\/wp-json\/wp\/v2\/types\/post"}],"author":[{"embeddable":true,"href":"https:\/\/www.lktwg.com\/en\/wp-json\/wp\/v2\/users\/1"}],"replies":[{"embeddable":true,"href":"https:\/\/www.lktwg.com\/en\/wp-json\/wp\/v2\/comments?post=5564"}],"version-history":[{"count":1,"href":"https:\/\/www.lktwg.com\/en\/wp-json\/wp\/v2\/posts\/5564\/revisions"}],"predecessor-version":[{"id":5565,"href":"https:\/\/www.lktwg.com\/en\/wp-json\/wp\/v2\/posts\/5564\/revisions\/5565"}],"wp:featuredmedia":[{"embeddable":true,"href":"https:\/\/www.lktwg.com\/en\/wp-json\/wp\/v2\/media\/5560"}],"wp:attachment":[{"href":"https:\/\/www.lktwg.com\/en\/wp-json\/wp\/v2\/media?parent=5564"}],"wp:term":[{"taxonomy":"category","embeddable":true,"href":"https:\/\/www.lktwg.com\/en\/wp-json\/wp\/v2\/categories?post=5564"},{"taxonomy":"post_tag","embeddable":true,"href":"https:\/\/www.lktwg.com\/en\/wp-json\/wp\/v2\/tags?post=5564"}],"curies":[{"name":"wp","href":"https:\/\/api.w.org\/{rel}","templated":true}]}}