{"id":5226,"date":"2024-07-16T22:05:45","date_gmt":"2024-07-16T20:05:45","guid":{"rendered":"https:\/\/www.lktwg.com\/?p=5226"},"modified":"2024-07-16T22:05:45","modified_gmt":"2024-07-16T20:05:45","slug":"udany-start-nikodema-michalka-w-strefie-centralnej-mx","status":"publish","type":"post","link":"https:\/\/www.lktwg.com\/en\/udany-start-nikodema-michalka-w-strefie-centralnej-mx\/","title":{"rendered":"Udany start Nikodema Micha\u0142ka w Strefie Centralnej MX"},"content":{"rendered":"<p class=\"qtranxs-available-languages-message qtranxs-available-languages-message-en\">Sorry, this entry is only available in <a href=\"https:\/\/www.lktwg.com\/pl\/wp-json\/wp\/v2\/posts\/5226\" class=\"qtranxs-available-language-link qtranxs-available-language-link-pl\" title=\"Polski\">Polish<\/a>. For the sake of viewer convenience, the content is shown below in the alternative language. You may click the link to switch the active language.<\/p><style type=\"text\/css\"><\/style><p>Udany start Nikodema Micha\u0142ka w Strefie Centralnej MX<\/p>\n<p>Pogoda potrafi zaskoczy\u0107! Tak by\u0142o w minion\u0105 niedziel\u0119 (14.07) w Przybyszowy, gdzie na<br \/>\npi\u0119knie przygotowanym obiekcie od wczesnych godzin porannych mia\u0142y wystartowa\u0107 treningi zawodnik\u00f3w, kt\u00f3rzy<br \/>\nbrali udzia\u0142 w III rundzie Strefy Centralnej Motocrossie. Mia\u0142y, bo w \u015brodku sobotniej nocy a\u017c do<br \/>\n9:00 z szarych i deszczowych chmur spad\u0142a ogromna ilo\u015b\u0107 wody, kt\u00f3ra zamieni\u0142a Tor Lobo Racing w<br \/>\nb\u0142otn\u0105 i nieprzejezdn\u0105 aren\u0119.<br \/>\nTutaj warto zaznaczy\u0107, \u017ce decyzja o odwo\u0142aniu zawod\u00f3w przez organizatora wisia\u0142a na w\u0142osku, ale po<br \/>\nnaradzie z zawodnikami, akcji &#8220;ratowniczej&#8221; za pomoc\u0105 koparek i ci\u0105gnika decyzja mog\u0142a by\u0107 jedna &#8211; jedziemy!<br \/>\nCze\u015b\u0107 zawodnik\u00f3w zdecydowa\u0142a si\u0119 odpu\u015bci\u0107 i wr\u00f3ci\u0142a do dom\u00f3w, ale pozostali odwa\u017cni dumnie<br \/>\nzameldowali si\u0119 na maszynie startowej. W\u015br\u00f3d \u015bmia\u0142k\u00f3w by\u0142 numer #911, czyli Nikodem Micha\u0142ek, kt\u00f3ry walczy\u0142<br \/>\nnie tylko z innymi zawodnikami klasy MX85, ale r\u00f3wnie\u017c z motocyklem. Z okr\u0105\u017cenia na okr\u0105\u017cenie KTM SX85 zbiera\u0142<br \/>\ndodatkowe kilogramy b\u0142ota podczas pokonywania g\u0142\u0119bokich kolein.<br \/>\nFinalnie Nikodem zako\u0144czy\u0142 walk\u0119 na 10 pozycji z dorobkiem 63 punkt\u00f3w, ale z pewno\u015bci\u0105 z pot\u0119\u017cnym baga\u017cem<br \/>\nnowych do\u015bwiadcze\u0144.<br \/>\nGratulujemy i trzymamy kciuki za kolejne starty. <\/p>","protected":false},"excerpt":{"rendered":"<p>Sorry, this entry is only available in Polish. For the sake of viewer convenience, the content is shown below in the alternative language. You may click the link to switch the active language.Udany start Nikodema Micha\u0142ka w Strefie Centralnej MX Pogoda potrafi zaskoczy\u0107! Tak by\u0142o w minion\u0105 niedziel\u0119 (14.07) w Przybyszowy, gdzie na pi\u0119knie przygotowanym&#8230;<\/p>\n","protected":false},"author":1,"featured_media":5222,"comment_status":"closed","ping_status":"open","sticky":false,"template":"","format":"gallery","meta":[],"categories":[1],"tags":[],"yoast_head":"<!-- This site is optimized with the Yoast SEO plugin v15.2.1 - https:\/\/yoast.com\/wordpress\/plugins\/seo\/ -->\n<title>Udany start Nikodema Micha\u0142ka w Strefie Centralnej MX - LKT Wycz\u00f3\u0142 Go\u015bcieradz Polska<\/title>\n<meta name=\"robots\" content=\"index, follow, max-snippet:-1, max-image-preview:large, max-video-preview:-1\" \/>\n<link rel=\"canonical\" href=\"https:\/\/www.lktwg.com\/udany-start-nikodema-michalka-w-strefie-centralnej-mx\/\" \/>\n<meta property=\"og:locale\" content=\"en_US\" \/>\n<meta property=\"og:type\" content=\"article\" \/>\n<meta property=\"og:title\" content=\"Udany start Nikodema Micha\u0142ka w Strefie Centralnej MX - LKT Wycz\u00f3\u0142 Go\u015bcieradz Polska\" \/>\n<meta property=\"og:description\" content=\"Sorry, this entry is only available in Polish. For the sake of viewer convenience, the content is shown below in the alternative language. You may click the link to switch the active language.Udany start Nikodema Micha\u0142ka w Strefie Centralnej MX Pogoda potrafi zaskoczy\u0107! Tak by\u0142o w minion\u0105 niedziel\u0119 (14.07) w Przybyszowy, gdzie na pi\u0119knie przygotowanym...\" \/>\n<meta property=\"og:url\" content=\"https:\/\/www.lktwg.com\/udany-start-nikodema-michalka-w-strefie-centralnej-mx\/\" \/>\n<meta property=\"og:site_name\" content=\"LKT Wycz\u00f3\u0142 Go\u015bcieradz Polska\" \/>\n<meta property=\"article:publisher\" content=\"https:\/\/www.facebook.com\/lktwyczol\/\" \/>\n<meta property=\"article:published_time\" content=\"2024-07-16T20:05:45+00:00\" \/>\n<meta name=\"twitter:card\" content=\"summary\" \/>\n<meta name=\"twitter:image\" content=\"https:\/\/www.lktwg.com\/wp-content\/uploads\/2024\/07\/michalek-b.jpg\" \/>\n<meta name=\"twitter:label1\" content=\"Written by\">\n\t<meta name=\"twitter:data1\" content=\"admin\">\n\t<meta name=\"twitter:label2\" content=\"Est. reading time\">\n\t<meta name=\"twitter:data2\" content=\"1 minute\">\n<script type=\"application\/ld+json\" class=\"yoast-schema-graph\">{\"@context\":\"https:\/\/schema.org\",\"@graph\":[{\"@type\":\"WebSite\",\"@id\":\"https:\/\/www.lktwg.com\/en\/#website\",\"url\":\"https:\/\/www.lktwg.com\/en\/\",\"name\":\"LKT Wycz\\u00f3\\u0142 Go\\u015bcieradz Polska\",\"description\":\"Ludowy Klub Turystyczny\",\"potentialAction\":[{\"@type\":\"SearchAction\",\"target\":\"https:\/\/www.lktwg.com\/en\/?s={search_term_string}\",\"query-input\":\"required name=search_term_string\"}],\"inLanguage\":\"en-US\"},{\"@type\":\"ImageObject\",\"@id\":\"https:\/\/www.lktwg.com\/udany-start-nikodema-michalka-w-strefie-centralnej-mx\/#primaryimage\",\"inLanguage\":\"en-US\",\"url\":\"https:\/\/www.lktwg.com\/wp-content\/uploads\/2024\/07\/michalek-b.jpg\",\"width\":2103,\"height\":1402},{\"@type\":\"WebPage\",\"@id\":\"https:\/\/www.lktwg.com\/udany-start-nikodema-michalka-w-strefie-centralnej-mx\/#webpage\",\"url\":\"https:\/\/www.lktwg.com\/udany-start-nikodema-michalka-w-strefie-centralnej-mx\/\",\"name\":\"Udany start Nikodema Micha\\u0142ka w Strefie Centralnej MX - LKT Wycz\\u00f3\\u0142 Go\\u015bcieradz Polska\",\"isPartOf\":{\"@id\":\"https:\/\/www.lktwg.com\/en\/#website\"},\"primaryImageOfPage\":{\"@id\":\"https:\/\/www.lktwg.com\/udany-start-nikodema-michalka-w-strefie-centralnej-mx\/#primaryimage\"},\"datePublished\":\"2024-07-16T20:05:45+00:00\",\"dateModified\":\"2024-07-16T20:05:45+00:00\",\"author\":{\"@id\":\"https:\/\/www.lktwg.com\/en\/#\/schema\/person\/e89f59392b8ee840afbd86a4adc4411e\"},\"inLanguage\":\"en-US\",\"potentialAction\":[{\"@type\":\"ReadAction\",\"target\":[\"https:\/\/www.lktwg.com\/udany-start-nikodema-michalka-w-strefie-centralnej-mx\/\"]}]},{\"@type\":\"Person\",\"@id\":\"https:\/\/www.lktwg.com\/en\/#\/schema\/person\/e89f59392b8ee840afbd86a4adc4411e\",\"name\":\"admin\",\"image\":{\"@type\":\"ImageObject\",\"@id\":\"https:\/\/www.lktwg.com\/en\/#personlogo\",\"inLanguage\":\"en-US\",\"url\":\"https:\/\/secure.gravatar.com\/avatar\/befd0f1e5a3e4401138e37fe7cb9b525?s=96&d=mm&r=g\",\"caption\":\"admin\"}}]}<\/script>\n<!-- \/ Yoast SEO plugin. -->","_links":{"self":[{"href":"https:\/\/www.lktwg.com\/en\/wp-json\/wp\/v2\/posts\/5226"}],"collection":[{"href":"https:\/\/www.lktwg.com\/en\/wp-json\/wp\/v2\/posts"}],"about":[{"href":"https:\/\/www.lktwg.com\/en\/wp-json\/wp\/v2\/types\/post"}],"author":[{"embeddable":true,"href":"https:\/\/www.lktwg.com\/en\/wp-json\/wp\/v2\/users\/1"}],"replies":[{"embeddable":true,"href":"https:\/\/www.lktwg.com\/en\/wp-json\/wp\/v2\/comments?post=5226"}],"version-history":[{"count":1,"href":"https:\/\/www.lktwg.com\/en\/wp-json\/wp\/v2\/posts\/5226\/revisions"}],"predecessor-version":[{"id":5228,"href":"https:\/\/www.lktwg.com\/en\/wp-json\/wp\/v2\/posts\/5226\/revisions\/5228"}],"wp:featuredmedia":[{"embeddable":true,"href":"https:\/\/www.lktwg.com\/en\/wp-json\/wp\/v2\/media\/5222"}],"wp:attachment":[{"href":"https:\/\/www.lktwg.com\/en\/wp-json\/wp\/v2\/media?parent=5226"}],"wp:term":[{"taxonomy":"category","embeddable":true,"href":"https:\/\/www.lktwg.com\/en\/wp-json\/wp\/v2\/categories?post=5226"},{"taxonomy":"post_tag","embeddable":true,"href":"https:\/\/www.lktwg.com\/en\/wp-json\/wp\/v2\/tags?post=5226"}],"curies":[{"name":"wp","href":"https:\/\/api.w.org\/{rel}","templated":true}]}}