{"id":5045,"date":"2023-11-13T22:13:48","date_gmt":"2023-11-13T21:13:48","guid":{"rendered":"https:\/\/www.lktwg.com\/?p=5045"},"modified":"2023-11-13T22:13:48","modified_gmt":"2023-11-13T21:13:48","slug":"56-torunski-rajdzie-samochodowy-12-11-2023-pn-wdzieczni-bohaterom","status":"publish","type":"post","link":"https:\/\/www.lktwg.com\/en\/56-torunski-rajdzie-samochodowy-12-11-2023-pn-wdzieczni-bohaterom\/","title":{"rendered":"56. Toru\u0144ski Rajdzie Samochodowy 12.11.2023 pn. Wdzi\u0119czni Bohaterom"},"content":{"rendered":"<p class=\"qtranxs-available-languages-message qtranxs-available-languages-message-en\">Sorry, this entry is only available in <a href=\"https:\/\/www.lktwg.com\/pl\/wp-json\/wp\/v2\/posts\/5045\" class=\"qtranxs-available-language-link qtranxs-available-language-link-pl\" title=\"Polski\">Polish<\/a>. For the sake of viewer convenience, the content is shown below in the alternative language. You may click the link to switch the active language.<\/p><style type=\"text\/css\"><\/style><p>Miniony weekend by\u0142 bardzo intensywny. Gdy odpoczywali\u015bmy po organizacji Enduro Sprint nasi klubowicze nie pr\u00f3\u017cnowali. 12 listopada Krzysztof Wizner i @Ewa Brzycka wystartowali<br \/>\nw 56. Toru\u0144skim Rajdzie Samochodowym 12.11.2023 pn. Wdzi\u0119czni Bohaterom, kt\u00f3ry zorganizowa\u0142 Automobilklub Toru\u0144ski.  Kilkana\u015bcie za\u0142\u00f3g, 4 klasy, ciekawa trasa oraz niezwyk\u0142a data. Jak im posz\u0142o? Przeczytacie w relacji Krzysztofa, kt\u00f3r\u0105 udost\u0119pniamy poni\u017cej.<br \/>\nGratulujemy wyniku!<\/p>\n<p>56. Toru\u0144ski rajd samochodowy za nami. 3 odcinki pokonywane trzykrotnie. Zaklinanie pogody sprawdzi\u0142o si\u0119 tym razem. Pochmurnie i sucho, idealnie. P\u0142askie, r\u00f3wne odcinki, takie pod nasze auto. Fajnie si\u0119 jecha\u0142o, tempo od pocz\u0105tku dobre, wyniki poprawiali\u015bmy z p\u0119tli na p\u0119tl\u0119. Rozmawiali\u015bmy sobie w trakcie z Ewa Brzycka (dzi\u0119kuj\u0119 za wynik, m\u00f3j Pilocie), \u017ce w sumie to jest szansa na pierwsze w klasie i nasze przypuszczenia si\u0119 zi\u015bci\u0142y. Liczy\u0142em r\u00f3wnie\u017c, \u017ce w generalce dobrym miejscem by\u0142oby czwarte. Jakie\u017c by\u0142o nasze zdziwienie kiedy opublikowano wyniki i okaza\u0142o si\u0119, \u017ce w klasyfikacji generalnej jeste\u015bmy na &#8230; DRUGIM MIEJSCU!!! O takim wyniku nawet nie my\u015bleli\u015bmy. Tym samym w dobrym stylu ko\u0144czymy sezon. Wed\u0142ug szybkich oblicze\u0144 zdobywamy tytu\u0142 mistrza okr\u0119gu kierowc\u00f3w w klasie trzeciej, tytu\u0142 wice mistrza okr\u0119gu w klasyfikacji generalnej pilot\u00f3w oraz tytu\u0142 drugiego wice mistrza okr\u0119gu w klasyfikacji generalnej kierowc\u00f3w. To by\u0142 dobry sezon &#x1f4aa;&#x1f60e;&#x1f3c6;&#x1f44d;<\/p>","protected":false},"excerpt":{"rendered":"<p>Sorry, this entry is only available in Polish. For the sake of viewer convenience, the content is shown below in the alternative language. You may click the link to switch the active language.Miniony weekend by\u0142 bardzo intensywny. Gdy odpoczywali\u015bmy po organizacji Enduro Sprint nasi klubowicze nie pr\u00f3\u017cnowali. 12 listopada Krzysztof Wizner i @Ewa Brzycka wystartowali&#8230;<\/p>\n","protected":false},"author":4,"featured_media":5047,"comment_status":"closed","ping_status":"open","sticky":false,"template":"","format":"gallery","meta":[],"categories":[1],"tags":[],"yoast_head":"<!-- This site is optimized with the Yoast SEO plugin v15.2.1 - https:\/\/yoast.com\/wordpress\/plugins\/seo\/ -->\n<title>56. Toru\u0144ski Rajdzie Samochodowy 12.11.2023 pn. Wdzi\u0119czni Bohaterom - LKT Wycz\u00f3\u0142 Go\u015bcieradz Polska<\/title>\n<meta name=\"robots\" content=\"index, follow, max-snippet:-1, max-image-preview:large, max-video-preview:-1\" \/>\n<link rel=\"canonical\" href=\"https:\/\/www.lktwg.com\/56-torunski-rajdzie-samochodowy-12-11-2023-pn-wdzieczni-bohaterom\/\" \/>\n<meta property=\"og:locale\" content=\"en_US\" \/>\n<meta property=\"og:type\" content=\"article\" \/>\n<meta property=\"og:title\" content=\"56. Toru\u0144ski Rajdzie Samochodowy 12.11.2023 pn. Wdzi\u0119czni Bohaterom - LKT Wycz\u00f3\u0142 Go\u015bcieradz Polska\" \/>\n<meta property=\"og:description\" content=\"Sorry, this entry is only available in Polish. For the sake of viewer convenience, the content is shown below in the alternative language. You may click the link to switch the active language.Miniony weekend by\u0142 bardzo intensywny. Gdy odpoczywali\u015bmy po organizacji Enduro Sprint nasi klubowicze nie pr\u00f3\u017cnowali. 12 listopada Krzysztof Wizner i @Ewa Brzycka wystartowali...\" \/>\n<meta property=\"og:url\" content=\"https:\/\/www.lktwg.com\/56-torunski-rajdzie-samochodowy-12-11-2023-pn-wdzieczni-bohaterom\/\" \/>\n<meta property=\"og:site_name\" content=\"LKT Wycz\u00f3\u0142 Go\u015bcieradz Polska\" \/>\n<meta property=\"article:publisher\" content=\"https:\/\/www.facebook.com\/lktwyczol\/\" \/>\n<meta property=\"article:published_time\" content=\"2023-11-13T21:13:48+00:00\" \/>\n<meta name=\"twitter:card\" content=\"summary\" \/>\n<meta name=\"twitter:image\" content=\"https:\/\/www.lktwg.com\/wp-content\/uploads\/2023\/11\/401519355_1106521960342386_5537551490449276026_n.jpg\" \/>\n<meta name=\"twitter:label1\" content=\"Written by\">\n\t<meta name=\"twitter:data1\" content=\"Szymon Krupa\">\n\t<meta name=\"twitter:label2\" content=\"Est. reading time\">\n\t<meta name=\"twitter:data2\" content=\"1 minute\">\n<script type=\"application\/ld+json\" class=\"yoast-schema-graph\">{\"@context\":\"https:\/\/schema.org\",\"@graph\":[{\"@type\":\"WebSite\",\"@id\":\"https:\/\/www.lktwg.com\/en\/#website\",\"url\":\"https:\/\/www.lktwg.com\/en\/\",\"name\":\"LKT Wycz\\u00f3\\u0142 Go\\u015bcieradz Polska\",\"description\":\"Ludowy Klub Turystyczny\",\"potentialAction\":[{\"@type\":\"SearchAction\",\"target\":\"https:\/\/www.lktwg.com\/en\/?s={search_term_string}\",\"query-input\":\"required name=search_term_string\"}],\"inLanguage\":\"en-US\"},{\"@type\":\"ImageObject\",\"@id\":\"https:\/\/www.lktwg.com\/56-torunski-rajdzie-samochodowy-12-11-2023-pn-wdzieczni-bohaterom\/#primaryimage\",\"inLanguage\":\"en-US\",\"url\":\"https:\/\/www.lktwg.com\/wp-content\/uploads\/2023\/11\/401519355_1106521960342386_5537551490449276026_n.jpg\",\"width\":2048,\"height\":922},{\"@type\":\"WebPage\",\"@id\":\"https:\/\/www.lktwg.com\/56-torunski-rajdzie-samochodowy-12-11-2023-pn-wdzieczni-bohaterom\/#webpage\",\"url\":\"https:\/\/www.lktwg.com\/56-torunski-rajdzie-samochodowy-12-11-2023-pn-wdzieczni-bohaterom\/\",\"name\":\"56. Toru\\u0144ski Rajdzie Samochodowy 12.11.2023 pn. Wdzi\\u0119czni Bohaterom - LKT Wycz\\u00f3\\u0142 Go\\u015bcieradz Polska\",\"isPartOf\":{\"@id\":\"https:\/\/www.lktwg.com\/en\/#website\"},\"primaryImageOfPage\":{\"@id\":\"https:\/\/www.lktwg.com\/56-torunski-rajdzie-samochodowy-12-11-2023-pn-wdzieczni-bohaterom\/#primaryimage\"},\"datePublished\":\"2023-11-13T21:13:48+00:00\",\"dateModified\":\"2023-11-13T21:13:48+00:00\",\"author\":{\"@id\":\"https:\/\/www.lktwg.com\/en\/#\/schema\/person\/6bdf16306d63f6890497ce5c248c00ab\"},\"inLanguage\":\"en-US\",\"potentialAction\":[{\"@type\":\"ReadAction\",\"target\":[\"https:\/\/www.lktwg.com\/56-torunski-rajdzie-samochodowy-12-11-2023-pn-wdzieczni-bohaterom\/\"]}]},{\"@type\":\"Person\",\"@id\":\"https:\/\/www.lktwg.com\/en\/#\/schema\/person\/6bdf16306d63f6890497ce5c248c00ab\",\"name\":\"Szymon Krupa\",\"image\":{\"@type\":\"ImageObject\",\"@id\":\"https:\/\/www.lktwg.com\/en\/#personlogo\",\"inLanguage\":\"en-US\",\"url\":\"https:\/\/secure.gravatar.com\/avatar\/c0e2b7c0f015fe0d6c14ac0951d89111?s=96&d=mm&r=g\",\"caption\":\"Szymon Krupa\"}}]}<\/script>\n<!-- \/ Yoast SEO plugin. -->","_links":{"self":[{"href":"https:\/\/www.lktwg.com\/en\/wp-json\/wp\/v2\/posts\/5045"}],"collection":[{"href":"https:\/\/www.lktwg.com\/en\/wp-json\/wp\/v2\/posts"}],"about":[{"href":"https:\/\/www.lktwg.com\/en\/wp-json\/wp\/v2\/types\/post"}],"author":[{"embeddable":true,"href":"https:\/\/www.lktwg.com\/en\/wp-json\/wp\/v2\/users\/4"}],"replies":[{"embeddable":true,"href":"https:\/\/www.lktwg.com\/en\/wp-json\/wp\/v2\/comments?post=5045"}],"version-history":[{"count":1,"href":"https:\/\/www.lktwg.com\/en\/wp-json\/wp\/v2\/posts\/5045\/revisions"}],"predecessor-version":[{"id":5051,"href":"https:\/\/www.lktwg.com\/en\/wp-json\/wp\/v2\/posts\/5045\/revisions\/5051"}],"wp:featuredmedia":[{"embeddable":true,"href":"https:\/\/www.lktwg.com\/en\/wp-json\/wp\/v2\/media\/5047"}],"wp:attachment":[{"href":"https:\/\/www.lktwg.com\/en\/wp-json\/wp\/v2\/media?parent=5045"}],"wp:term":[{"taxonomy":"category","embeddable":true,"href":"https:\/\/www.lktwg.com\/en\/wp-json\/wp\/v2\/categories?post=5045"},{"taxonomy":"post_tag","embeddable":true,"href":"https:\/\/www.lktwg.com\/en\/wp-json\/wp\/v2\/tags?post=5045"}],"curies":[{"name":"wp","href":"https:\/\/api.w.org\/{rel}","templated":true}]}}