{"id":4963,"date":"2023-06-28T07:08:55","date_gmt":"2023-06-28T05:08:55","guid":{"rendered":"https:\/\/www.lktwg.com\/?p=4963"},"modified":"2023-06-28T07:08:55","modified_gmt":"2023-06-28T05:08:55","slug":"supermoto-w-slomczynie","status":"publish","type":"post","link":"https:\/\/www.lktwg.com\/en\/supermoto-w-slomczynie\/","title":{"rendered":"Supermoto w S\u0142omczynie"},"content":{"rendered":"<p class=\"qtranxs-available-languages-message qtranxs-available-languages-message-en\">Sorry, this entry is only available in <a href=\"https:\/\/www.lktwg.com\/pl\/wp-json\/wp\/v2\/posts\/4963\" class=\"qtranxs-available-language-link qtranxs-available-language-link-pl\" title=\"Polski\">Polish<\/a>. For the sake of viewer convenience, the content is shown below in the alternative language. You may click the link to switch the active language.<\/p><style type=\"text\/css\"><\/style><p>II runda Mistrzostw Polski i Pucharu Polski Supermoto za nami. Po rundzie w Bydgoszczy tym razem w gor\u0105c\u0105 niedziele zawodnicy zameldowali si\u0119 na Mazowszu a konkretnie na Autodrom S\u0142omczyn. Frekwencja imponuj\u0105ca, bo zawodach wzi\u0119\u0142o udzia\u0142 129 g\u0142odnych adrenaliny motocyklist\u00f3w w 8 klasach, wi\u0119c emocji nie zabrak\u0142o! Tor o d\u0142ugo\u015bci 1309m z ponad 250m odcinkiem szutrowym, wi\u0119c to gwarantowa\u0142o mocne \u015bciganie.<br \/>\nBarwy ,,Wycz\u00f3\u0142a\u201d reprezentowa\u0142o 3 naszych klubowicz\u00f3w. W klasie S1 Mistrzostw Polski Maciej Wi\u015bniewski  po dw\u00f3ch wy\u015bcigach zaj\u0105\u0142 11 miejsce i zgarn\u0105\u0142 okr\u0105g\u0142e 20 punkt\u00f3w do klasyfikacji sezonu, gdzie po 2 rundach rider CF450 #528 zajmuje 8 pozycj\u0119!<br \/>\nKlasa C2 Pucharu Polski to udany wyst\u0119p Micha\u0142a Wi\u015bniewskiego, kt\u00f3ry wywalczy\u0142 10 miejsce i 22 punkty do klasyfikacji sezonu. Po 2 rundach Micha\u0142 idzie w \u015blady Macieja i zajmuje 8 miejsce w C2 Pucharu Polski.<br \/>\nTrzecim muszkieterem w barwach Wycz\u00f3\u0142a by\u0142 Patryk Kaldowski dosiadaj\u0105cy Pit Bike YCF o pojemno\u015bci 150cm. W klasie Stock 150 Junior nasz klubowicz zameldowa\u0142 si\u0119 na 5 pozycji a w klasyfikacji sezonu z dorobkiem 64 punkt\u00f3w zajmuje 4 miejsce i ca\u0142y czas ma szans\u0119 na podium.<br \/>\n16 lipca zmagania Supermoto przenosz\u0105 si\u0119 nad morze, gdzie w Motopark Koszalin zostanie rozegrana III runda Mistrzostw Polski i Pucharu Polski, kt\u00f3ra b\u0119dzie jednocze\u015bnie p\u00f3\u0142metkiem tegorocznych zmaga\u0144 Supermoto.<br \/>\nZdj\u0119cia: Mistrzostwa i Puchar Polski Pit Bike  &#8211; jak zawsze \u015bwietne foty!<\/p>","protected":false},"excerpt":{"rendered":"<p>Sorry, this entry is only available in Polish. For the sake of viewer convenience, the content is shown below in the alternative language. You may click the link to switch the active language.II runda Mistrzostw Polski i Pucharu Polski Supermoto za nami. Po rundzie w Bydgoszczy tym razem w gor\u0105c\u0105 niedziele zawodnicy zameldowali si\u0119 na&#8230;<\/p>\n","protected":false},"author":4,"featured_media":4954,"comment_status":"closed","ping_status":"open","sticky":false,"template":"","format":"gallery","meta":[],"categories":[1],"tags":[],"yoast_head":"<!-- This site is optimized with the Yoast SEO plugin v15.2.1 - https:\/\/yoast.com\/wordpress\/plugins\/seo\/ -->\n<title>Supermoto w S\u0142omczynie - LKT Wycz\u00f3\u0142 Go\u015bcieradz Polska<\/title>\n<meta name=\"robots\" content=\"index, follow, max-snippet:-1, max-image-preview:large, max-video-preview:-1\" \/>\n<link rel=\"canonical\" href=\"https:\/\/www.lktwg.com\/supermoto-w-slomczynie\/\" \/>\n<meta property=\"og:locale\" content=\"en_US\" \/>\n<meta property=\"og:type\" content=\"article\" \/>\n<meta property=\"og:title\" content=\"Supermoto w S\u0142omczynie - LKT Wycz\u00f3\u0142 Go\u015bcieradz Polska\" \/>\n<meta property=\"og:description\" content=\"Sorry, this entry is only available in Polish. For the sake of viewer convenience, the content is shown below in the alternative language. You may click the link to switch the active language.II runda Mistrzostw Polski i Pucharu Polski Supermoto za nami. Po rundzie w Bydgoszczy tym razem w gor\u0105c\u0105 niedziele zawodnicy zameldowali si\u0119 na...\" \/>\n<meta property=\"og:url\" content=\"https:\/\/www.lktwg.com\/supermoto-w-slomczynie\/\" \/>\n<meta property=\"og:site_name\" content=\"LKT Wycz\u00f3\u0142 Go\u015bcieradz Polska\" \/>\n<meta property=\"article:publisher\" content=\"https:\/\/www.facebook.com\/lktwyczol\/\" \/>\n<meta property=\"article:published_time\" content=\"2023-06-28T05:08:55+00:00\" \/>\n<meta name=\"twitter:card\" content=\"summary\" \/>\n<meta name=\"twitter:image\" content=\"https:\/\/www.lktwg.com\/wp-content\/uploads\/2023\/06\/354462597_667970215374699_8835891400773549961_n.jpg\" \/>\n<meta name=\"twitter:label1\" content=\"Written by\">\n\t<meta name=\"twitter:data1\" content=\"Szymon Krupa\">\n\t<meta name=\"twitter:label2\" content=\"Est. reading time\">\n\t<meta name=\"twitter:data2\" content=\"1 minute\">\n<script type=\"application\/ld+json\" class=\"yoast-schema-graph\">{\"@context\":\"https:\/\/schema.org\",\"@graph\":[{\"@type\":\"WebSite\",\"@id\":\"https:\/\/www.lktwg.com\/en\/#website\",\"url\":\"https:\/\/www.lktwg.com\/en\/\",\"name\":\"LKT Wycz\\u00f3\\u0142 Go\\u015bcieradz Polska\",\"description\":\"Ludowy Klub Turystyczny\",\"potentialAction\":[{\"@type\":\"SearchAction\",\"target\":\"https:\/\/www.lktwg.com\/en\/?s={search_term_string}\",\"query-input\":\"required name=search_term_string\"}],\"inLanguage\":\"en-US\"},{\"@type\":\"ImageObject\",\"@id\":\"https:\/\/www.lktwg.com\/supermoto-w-slomczynie\/#primaryimage\",\"inLanguage\":\"en-US\",\"url\":\"https:\/\/www.lktwg.com\/wp-content\/uploads\/2023\/06\/354462597_667970215374699_8835891400773549961_n.jpg\",\"width\":2048,\"height\":1365},{\"@type\":\"WebPage\",\"@id\":\"https:\/\/www.lktwg.com\/supermoto-w-slomczynie\/#webpage\",\"url\":\"https:\/\/www.lktwg.com\/supermoto-w-slomczynie\/\",\"name\":\"Supermoto w S\\u0142omczynie - LKT Wycz\\u00f3\\u0142 Go\\u015bcieradz Polska\",\"isPartOf\":{\"@id\":\"https:\/\/www.lktwg.com\/en\/#website\"},\"primaryImageOfPage\":{\"@id\":\"https:\/\/www.lktwg.com\/supermoto-w-slomczynie\/#primaryimage\"},\"datePublished\":\"2023-06-28T05:08:55+00:00\",\"dateModified\":\"2023-06-28T05:08:55+00:00\",\"author\":{\"@id\":\"https:\/\/www.lktwg.com\/en\/#\/schema\/person\/6bdf16306d63f6890497ce5c248c00ab\"},\"inLanguage\":\"en-US\",\"potentialAction\":[{\"@type\":\"ReadAction\",\"target\":[\"https:\/\/www.lktwg.com\/supermoto-w-slomczynie\/\"]}]},{\"@type\":\"Person\",\"@id\":\"https:\/\/www.lktwg.com\/en\/#\/schema\/person\/6bdf16306d63f6890497ce5c248c00ab\",\"name\":\"Szymon Krupa\",\"image\":{\"@type\":\"ImageObject\",\"@id\":\"https:\/\/www.lktwg.com\/en\/#personlogo\",\"inLanguage\":\"en-US\",\"url\":\"https:\/\/secure.gravatar.com\/avatar\/c0e2b7c0f015fe0d6c14ac0951d89111?s=96&d=mm&r=g\",\"caption\":\"Szymon Krupa\"}}]}<\/script>\n<!-- \/ Yoast SEO plugin. -->","_links":{"self":[{"href":"https:\/\/www.lktwg.com\/en\/wp-json\/wp\/v2\/posts\/4963"}],"collection":[{"href":"https:\/\/www.lktwg.com\/en\/wp-json\/wp\/v2\/posts"}],"about":[{"href":"https:\/\/www.lktwg.com\/en\/wp-json\/wp\/v2\/types\/post"}],"author":[{"embeddable":true,"href":"https:\/\/www.lktwg.com\/en\/wp-json\/wp\/v2\/users\/4"}],"replies":[{"embeddable":true,"href":"https:\/\/www.lktwg.com\/en\/wp-json\/wp\/v2\/comments?post=4963"}],"version-history":[{"count":1,"href":"https:\/\/www.lktwg.com\/en\/wp-json\/wp\/v2\/posts\/4963\/revisions"}],"predecessor-version":[{"id":4964,"href":"https:\/\/www.lktwg.com\/en\/wp-json\/wp\/v2\/posts\/4963\/revisions\/4964"}],"wp:featuredmedia":[{"embeddable":true,"href":"https:\/\/www.lktwg.com\/en\/wp-json\/wp\/v2\/media\/4954"}],"wp:attachment":[{"href":"https:\/\/www.lktwg.com\/en\/wp-json\/wp\/v2\/media?parent=4963"}],"wp:term":[{"taxonomy":"category","embeddable":true,"href":"https:\/\/www.lktwg.com\/en\/wp-json\/wp\/v2\/categories?post=4963"},{"taxonomy":"post_tag","embeddable":true,"href":"https:\/\/www.lktwg.com\/en\/wp-json\/wp\/v2\/tags?post=4963"}],"curies":[{"name":"wp","href":"https:\/\/api.w.org\/{rel}","templated":true}]}}