{"id":4612,"date":"2022-09-07T23:03:28","date_gmt":"2022-09-07T21:03:28","guid":{"rendered":"https:\/\/www.lktwg.com\/?p=4612"},"modified":"2022-09-07T23:03:28","modified_gmt":"2022-09-07T21:03:28","slug":"rajd-ekologiczny-relacja","status":"publish","type":"post","link":"https:\/\/www.lktwg.com\/en\/rajd-ekologiczny-relacja\/","title":{"rendered":"Rajd Ekologiczny-relacja"},"content":{"rendered":"<p class=\"qtranxs-available-languages-message qtranxs-available-languages-message-en\">Sorry, this entry is only available in <a href=\"https:\/\/www.lktwg.com\/pl\/wp-json\/wp\/v2\/posts\/4612\" class=\"qtranxs-available-language-link qtranxs-available-language-link-pl\" title=\"Polski\">Polish<\/a>. For the sake of viewer convenience, the content is shown below in the alternative language. You may click the link to switch the active language.<\/p><style type=\"text\/css\"><\/style><p>W minion\u0105 sobot\u0119 3 wrze\u015bnia 2022 roku LKT WYCZ\u00d3\u0141 GO\u015aCIERADZ przy wsp\u00f3\u0142pracy z Ludowym Klubem Turystycznym w Tucholi oraz Grup\u0105 Wojew\u00f3dzk\u0105 Mi\u0119dzynarodowego Stowarzyszenia Policji IPA w Bydgoszczy zorganizowa\u0142 XXV Og\u00f3lnopolski Rajd Ekologiczny pod nazw\u0105 Ekologicznie w Borach Tucholskich &#8211; z elementami bezpiecze\u0144stwa ruchu drogowego. Wydarzenie stanowi\u0142o r\u00f3wnie\u017c IV rund\u0105 Turystycznych Samochodowych Mistrzostw Okr\u0119gu PZM.<br \/>\n Jak zawsze impreza cieszy\u0142a si\u0119 du\u017cym zainteresowaniem, poniewa\u017c w sobotni poranek na starcie w Tucholi stawi\u0142o si\u0119 15 za\u0142\u00f3g. Trasa prowadzi\u0142a z Tucholi do miejscowo\u015bci Swornegacie, gdzie zaplanowano podsumowanie imprezy. Trzeba podkre\u015bli\u0107, \u017ce s\u0142oneczna pogoda sprzyja\u0142a rywalizacji. Wszyscy uczestnicy dotarli szcz\u0119\u015bliwie do mety, gdzie czeka\u0142a na nich przepyszna groch\u00f3wka. Po wr\u0119czeniu puchar\u00f3w oraz nagr\u00f3d rzeczowych zorganizowano wsp\u00f3lne ognisko z pieczonymi kie\u0142baskami.<br \/>\n Mamy dla Was fotogalerie wydarzenia. Du\u017c\u0105 porcj\u0119 zdj\u0119\u0107 przygotowa\u0142 dla Was r\u00f3wnie\u017c Edward Makowski- do pobrania ze strony: https:\/\/we.tl\/t-zyB7l20d07 .<br \/>\n Wyniki znajdziecie tutaj: https:\/\/pzm.pl\/&#8230;\/wyniki\/2022_wyniki_xxv_ekologiczny.pdf<br \/>\nDo zobaczenia na kolejnym rajdzie!<br \/>\n<\/p>","protected":false},"excerpt":{"rendered":"<p>Sorry, this entry is only available in Polish. For the sake of viewer convenience, the content is shown below in the alternative language. You may click the link to switch the active language.W minion\u0105 sobot\u0119 3 wrze\u015bnia 2022 roku LKT WYCZ\u00d3\u0141 GO\u015aCIERADZ przy wsp\u00f3\u0142pracy z Ludowym Klubem Turystycznym w Tucholi oraz Grup\u0105 Wojew\u00f3dzk\u0105 Mi\u0119dzynarodowego Stowarzyszenia&#8230;<\/p>\n","protected":false},"author":4,"featured_media":4588,"comment_status":"closed","ping_status":"open","sticky":false,"template":"","format":"gallery","meta":[],"categories":[1],"tags":[],"yoast_head":"<!-- This site is optimized with the Yoast SEO plugin v15.2.1 - https:\/\/yoast.com\/wordpress\/plugins\/seo\/ -->\n<title>Rajd Ekologiczny-relacja - LKT Wycz\u00f3\u0142 Go\u015bcieradz Polska<\/title>\n<meta name=\"robots\" content=\"index, follow, max-snippet:-1, max-image-preview:large, max-video-preview:-1\" \/>\n<link rel=\"canonical\" href=\"https:\/\/www.lktwg.com\/rajd-ekologiczny-relacja\/\" \/>\n<meta property=\"og:locale\" content=\"en_US\" \/>\n<meta property=\"og:type\" content=\"article\" \/>\n<meta property=\"og:title\" content=\"Rajd Ekologiczny-relacja - LKT Wycz\u00f3\u0142 Go\u015bcieradz Polska\" \/>\n<meta property=\"og:description\" content=\"Sorry, this entry is only available in Polish. For the sake of viewer convenience, the content is shown below in the alternative language. You may click the link to switch the active language.W minion\u0105 sobot\u0119 3 wrze\u015bnia 2022 roku LKT WYCZ\u00d3\u0141 GO\u015aCIERADZ przy wsp\u00f3\u0142pracy z Ludowym Klubem Turystycznym w Tucholi oraz Grup\u0105 Wojew\u00f3dzk\u0105 Mi\u0119dzynarodowego Stowarzyszenia...\" \/>\n<meta property=\"og:url\" content=\"https:\/\/www.lktwg.com\/rajd-ekologiczny-relacja\/\" \/>\n<meta property=\"og:site_name\" content=\"LKT Wycz\u00f3\u0142 Go\u015bcieradz Polska\" \/>\n<meta property=\"article:publisher\" content=\"https:\/\/www.facebook.com\/lktwyczol\/\" \/>\n<meta property=\"article:published_time\" content=\"2022-09-07T21:03:28+00:00\" \/>\n<meta name=\"twitter:card\" content=\"summary\" \/>\n<meta name=\"twitter:image\" content=\"https:\/\/www.lktwg.com\/wp-content\/uploads\/2022\/09\/20220903_131302.jpg\" \/>\n<meta name=\"twitter:label1\" content=\"Written by\">\n\t<meta name=\"twitter:data1\" content=\"Szymon Krupa\">\n\t<meta name=\"twitter:label2\" content=\"Est. reading time\">\n\t<meta name=\"twitter:data2\" content=\"1 minute\">\n<script type=\"application\/ld+json\" class=\"yoast-schema-graph\">{\"@context\":\"https:\/\/schema.org\",\"@graph\":[{\"@type\":\"WebSite\",\"@id\":\"https:\/\/www.lktwg.com\/en\/#website\",\"url\":\"https:\/\/www.lktwg.com\/en\/\",\"name\":\"LKT Wycz\\u00f3\\u0142 Go\\u015bcieradz Polska\",\"description\":\"Ludowy Klub Turystyczny\",\"potentialAction\":[{\"@type\":\"SearchAction\",\"target\":\"https:\/\/www.lktwg.com\/en\/?s={search_term_string}\",\"query-input\":\"required name=search_term_string\"}],\"inLanguage\":\"en-US\"},{\"@type\":\"ImageObject\",\"@id\":\"https:\/\/www.lktwg.com\/rajd-ekologiczny-relacja\/#primaryimage\",\"inLanguage\":\"en-US\",\"url\":\"https:\/\/www.lktwg.com\/wp-content\/uploads\/2022\/09\/20220903_131302.jpg\",\"width\":2312,\"height\":1042},{\"@type\":\"WebPage\",\"@id\":\"https:\/\/www.lktwg.com\/rajd-ekologiczny-relacja\/#webpage\",\"url\":\"https:\/\/www.lktwg.com\/rajd-ekologiczny-relacja\/\",\"name\":\"Rajd Ekologiczny-relacja - LKT Wycz\\u00f3\\u0142 Go\\u015bcieradz Polska\",\"isPartOf\":{\"@id\":\"https:\/\/www.lktwg.com\/en\/#website\"},\"primaryImageOfPage\":{\"@id\":\"https:\/\/www.lktwg.com\/rajd-ekologiczny-relacja\/#primaryimage\"},\"datePublished\":\"2022-09-07T21:03:28+00:00\",\"dateModified\":\"2022-09-07T21:03:28+00:00\",\"author\":{\"@id\":\"https:\/\/www.lktwg.com\/en\/#\/schema\/person\/6bdf16306d63f6890497ce5c248c00ab\"},\"inLanguage\":\"en-US\",\"potentialAction\":[{\"@type\":\"ReadAction\",\"target\":[\"https:\/\/www.lktwg.com\/rajd-ekologiczny-relacja\/\"]}]},{\"@type\":\"Person\",\"@id\":\"https:\/\/www.lktwg.com\/en\/#\/schema\/person\/6bdf16306d63f6890497ce5c248c00ab\",\"name\":\"Szymon Krupa\",\"image\":{\"@type\":\"ImageObject\",\"@id\":\"https:\/\/www.lktwg.com\/en\/#personlogo\",\"inLanguage\":\"en-US\",\"url\":\"https:\/\/secure.gravatar.com\/avatar\/c0e2b7c0f015fe0d6c14ac0951d89111?s=96&d=mm&r=g\",\"caption\":\"Szymon Krupa\"}}]}<\/script>\n<!-- \/ Yoast SEO plugin. -->","_links":{"self":[{"href":"https:\/\/www.lktwg.com\/en\/wp-json\/wp\/v2\/posts\/4612"}],"collection":[{"href":"https:\/\/www.lktwg.com\/en\/wp-json\/wp\/v2\/posts"}],"about":[{"href":"https:\/\/www.lktwg.com\/en\/wp-json\/wp\/v2\/types\/post"}],"author":[{"embeddable":true,"href":"https:\/\/www.lktwg.com\/en\/wp-json\/wp\/v2\/users\/4"}],"replies":[{"embeddable":true,"href":"https:\/\/www.lktwg.com\/en\/wp-json\/wp\/v2\/comments?post=4612"}],"version-history":[{"count":1,"href":"https:\/\/www.lktwg.com\/en\/wp-json\/wp\/v2\/posts\/4612\/revisions"}],"predecessor-version":[{"id":4613,"href":"https:\/\/www.lktwg.com\/en\/wp-json\/wp\/v2\/posts\/4612\/revisions\/4613"}],"wp:featuredmedia":[{"embeddable":true,"href":"https:\/\/www.lktwg.com\/en\/wp-json\/wp\/v2\/media\/4588"}],"wp:attachment":[{"href":"https:\/\/www.lktwg.com\/en\/wp-json\/wp\/v2\/media?parent=4612"}],"wp:term":[{"taxonomy":"category","embeddable":true,"href":"https:\/\/www.lktwg.com\/en\/wp-json\/wp\/v2\/categories?post=4612"},{"taxonomy":"post_tag","embeddable":true,"href":"https:\/\/www.lktwg.com\/en\/wp-json\/wp\/v2\/tags?post=4612"}],"curies":[{"name":"wp","href":"https:\/\/api.w.org\/{rel}","templated":true}]}}