{"id":4575,"date":"2022-07-27T00:33:16","date_gmt":"2022-07-26T22:33:16","guid":{"rendered":"https:\/\/www.lktwg.com\/?p=4575"},"modified":"2022-07-27T00:33:16","modified_gmt":"2022-07-26T22:33:16","slug":"relacja-z-iv-rundy-mp-i-pp-supermoto","status":"publish","type":"post","link":"https:\/\/www.lktwg.com\/en\/relacja-z-iv-rundy-mp-i-pp-supermoto\/","title":{"rendered":"Relacja z IV rundy MP i PP  Supermoto"},"content":{"rendered":"<p class=\"qtranxs-available-languages-message qtranxs-available-languages-message-en\">Sorry, this entry is only available in <a href=\"https:\/\/www.lktwg.com\/pl\/wp-json\/wp\/v2\/posts\/4575\" class=\"qtranxs-available-language-link qtranxs-available-language-link-pl\" title=\"Polski\">Polish<\/a>. For the sake of viewer convenience, the content is shown below in the alternative language. You may click the link to switch the active language.<\/p><style type=\"text\/css\"><\/style><p>P\u00f3\u0142metek zmaga\u0144 Mistrzostw i Pucharu Polski Supermoto za nami. Tym razem weekendowe<br \/>\nzmagania go\u015bci\u0142y na dobrze znanym obiekcie Tor S\u0142omczyn, gdzie zawodnicy z Polski i Litwy<br \/>\nwalczyli na p\u0119tli o d\u0142ugo\u015bci 1307m.Tak si\u0119 sk\u0142ada, \u017ce IV runda MP i PP<br \/>\nby\u0142a po\u0142\u0105czona z V rund\u0105 Mistrzostw Litwy oraz III rund\u0105 Pucharu Litwy w Supermoto.<br \/>\nW najmocniejszej klasie S1 MP nasz klubowicz Micha\u0142 Pawlik po ca\u0142ym dniu walki na torze<br \/>\nz przygodami wywalczy\u0142 3 miejsce. W Pucharze Polski wystartowa\u0142o dw\u00f3ch reprezentant\u00f3w<br \/>\nWycz\u00f3\u0142a. W klasie C2 na miejscu 8 zameldowa\u0142 si\u0119 Micha\u0142 Wi\u015bniewski, kt\u00f3rzy dorzuci\u0142 cenne<br \/>\n24 punkty do klasyfikacji sezonu. W klasie Amator rewelacyjnie zadebiutowa\u0142 Sebastian<br \/>\nZi\u00f3\u0142kowski, kt\u00f3ry ze S\u0142omczyna wr\u00f3ci\u0142 z pucharem za 3 miejsce.<br \/>\nSerdecznie gratulujemy. Wszystkim fanom Supermoto przypominamy, \u017ce LKT Wycz\u00f3\u0142 Go\u015bcieradz<br \/>\nb\u0119dzie gospodarzem VII i zarazem ostatniej rundy MP i PP Supermoto, kt\u00f3ra zostanie rozegrana<br \/>\n1 pa\u017adziernika. Ju\u017c dzi\u015b serdecznie zapraszamy zawodnik\u00f3w i kibic\u00f3w na Kartodrom Bydgoszcz.<\/p>","protected":false},"excerpt":{"rendered":"<p>Sorry, this entry is only available in Polish. For the sake of viewer convenience, the content is shown below in the alternative language. You may click the link to switch the active language.P\u00f3\u0142metek zmaga\u0144 Mistrzostw i Pucharu Polski Supermoto za nami. Tym razem weekendowe zmagania go\u015bci\u0142y na dobrze znanym obiekcie Tor S\u0142omczyn, gdzie zawodnicy z&#8230;<\/p>\n","protected":false},"author":4,"featured_media":4574,"comment_status":"closed","ping_status":"open","sticky":false,"template":"","format":"gallery","meta":[],"categories":[1],"tags":[],"yoast_head":"<!-- This site is optimized with the Yoast SEO plugin v15.2.1 - https:\/\/yoast.com\/wordpress\/plugins\/seo\/ -->\n<title>Relacja z IV rundy MP i PP Supermoto - LKT Wycz\u00f3\u0142 Go\u015bcieradz Polska<\/title>\n<meta name=\"robots\" content=\"index, follow, max-snippet:-1, max-image-preview:large, max-video-preview:-1\" \/>\n<link rel=\"canonical\" href=\"https:\/\/www.lktwg.com\/relacja-z-iv-rundy-mp-i-pp-supermoto\/\" \/>\n<meta property=\"og:locale\" content=\"en_US\" \/>\n<meta property=\"og:type\" content=\"article\" \/>\n<meta property=\"og:title\" content=\"Relacja z IV rundy MP i PP Supermoto - LKT Wycz\u00f3\u0142 Go\u015bcieradz Polska\" \/>\n<meta property=\"og:description\" content=\"Sorry, this entry is only available in Polish. For the sake of viewer convenience, the content is shown below in the alternative language. You may click the link to switch the active language.P\u00f3\u0142metek zmaga\u0144 Mistrzostw i Pucharu Polski Supermoto za nami. Tym razem weekendowe zmagania go\u015bci\u0142y na dobrze znanym obiekcie Tor S\u0142omczyn, gdzie zawodnicy z...\" \/>\n<meta property=\"og:url\" content=\"https:\/\/www.lktwg.com\/relacja-z-iv-rundy-mp-i-pp-supermoto\/\" \/>\n<meta property=\"og:site_name\" content=\"LKT Wycz\u00f3\u0142 Go\u015bcieradz Polska\" \/>\n<meta property=\"article:publisher\" content=\"https:\/\/www.facebook.com\/lktwyczol\/\" \/>\n<meta property=\"article:published_time\" content=\"2022-07-26T22:33:16+00:00\" \/>\n<meta name=\"twitter:card\" content=\"summary\" \/>\n<meta name=\"twitter:image\" content=\"https:\/\/www.lktwg.com\/wp-content\/uploads\/2022\/07\/294072055_1683061842089848_8377727202968361118_n.jpg\" \/>\n<meta name=\"twitter:label1\" content=\"Written by\">\n\t<meta name=\"twitter:data1\" content=\"Szymon Krupa\">\n\t<meta name=\"twitter:label2\" content=\"Est. reading time\">\n\t<meta name=\"twitter:data2\" content=\"1 minute\">\n<script type=\"application\/ld+json\" class=\"yoast-schema-graph\">{\"@context\":\"https:\/\/schema.org\",\"@graph\":[{\"@type\":\"WebSite\",\"@id\":\"https:\/\/www.lktwg.com\/en\/#website\",\"url\":\"https:\/\/www.lktwg.com\/en\/\",\"name\":\"LKT Wycz\\u00f3\\u0142 Go\\u015bcieradz Polska\",\"description\":\"Ludowy Klub Turystyczny\",\"potentialAction\":[{\"@type\":\"SearchAction\",\"target\":\"https:\/\/www.lktwg.com\/en\/?s={search_term_string}\",\"query-input\":\"required name=search_term_string\"}],\"inLanguage\":\"en-US\"},{\"@type\":\"ImageObject\",\"@id\":\"https:\/\/www.lktwg.com\/relacja-z-iv-rundy-mp-i-pp-supermoto\/#primaryimage\",\"inLanguage\":\"en-US\",\"url\":\"https:\/\/www.lktwg.com\/wp-content\/uploads\/2022\/07\/294072055_1683061842089848_8377727202968361118_n.jpg\",\"width\":2048,\"height\":1366},{\"@type\":\"WebPage\",\"@id\":\"https:\/\/www.lktwg.com\/relacja-z-iv-rundy-mp-i-pp-supermoto\/#webpage\",\"url\":\"https:\/\/www.lktwg.com\/relacja-z-iv-rundy-mp-i-pp-supermoto\/\",\"name\":\"Relacja z IV rundy MP i PP Supermoto - LKT Wycz\\u00f3\\u0142 Go\\u015bcieradz Polska\",\"isPartOf\":{\"@id\":\"https:\/\/www.lktwg.com\/en\/#website\"},\"primaryImageOfPage\":{\"@id\":\"https:\/\/www.lktwg.com\/relacja-z-iv-rundy-mp-i-pp-supermoto\/#primaryimage\"},\"datePublished\":\"2022-07-26T22:33:16+00:00\",\"dateModified\":\"2022-07-26T22:33:16+00:00\",\"author\":{\"@id\":\"https:\/\/www.lktwg.com\/en\/#\/schema\/person\/6bdf16306d63f6890497ce5c248c00ab\"},\"inLanguage\":\"en-US\",\"potentialAction\":[{\"@type\":\"ReadAction\",\"target\":[\"https:\/\/www.lktwg.com\/relacja-z-iv-rundy-mp-i-pp-supermoto\/\"]}]},{\"@type\":\"Person\",\"@id\":\"https:\/\/www.lktwg.com\/en\/#\/schema\/person\/6bdf16306d63f6890497ce5c248c00ab\",\"name\":\"Szymon Krupa\",\"image\":{\"@type\":\"ImageObject\",\"@id\":\"https:\/\/www.lktwg.com\/en\/#personlogo\",\"inLanguage\":\"en-US\",\"url\":\"https:\/\/secure.gravatar.com\/avatar\/c0e2b7c0f015fe0d6c14ac0951d89111?s=96&d=mm&r=g\",\"caption\":\"Szymon Krupa\"}}]}<\/script>\n<!-- \/ Yoast SEO plugin. -->","_links":{"self":[{"href":"https:\/\/www.lktwg.com\/en\/wp-json\/wp\/v2\/posts\/4575"}],"collection":[{"href":"https:\/\/www.lktwg.com\/en\/wp-json\/wp\/v2\/posts"}],"about":[{"href":"https:\/\/www.lktwg.com\/en\/wp-json\/wp\/v2\/types\/post"}],"author":[{"embeddable":true,"href":"https:\/\/www.lktwg.com\/en\/wp-json\/wp\/v2\/users\/4"}],"replies":[{"embeddable":true,"href":"https:\/\/www.lktwg.com\/en\/wp-json\/wp\/v2\/comments?post=4575"}],"version-history":[{"count":1,"href":"https:\/\/www.lktwg.com\/en\/wp-json\/wp\/v2\/posts\/4575\/revisions"}],"predecessor-version":[{"id":4576,"href":"https:\/\/www.lktwg.com\/en\/wp-json\/wp\/v2\/posts\/4575\/revisions\/4576"}],"wp:featuredmedia":[{"embeddable":true,"href":"https:\/\/www.lktwg.com\/en\/wp-json\/wp\/v2\/media\/4574"}],"wp:attachment":[{"href":"https:\/\/www.lktwg.com\/en\/wp-json\/wp\/v2\/media?parent=4575"}],"wp:term":[{"taxonomy":"category","embeddable":true,"href":"https:\/\/www.lktwg.com\/en\/wp-json\/wp\/v2\/categories?post=4575"},{"taxonomy":"post_tag","embeddable":true,"href":"https:\/\/www.lktwg.com\/en\/wp-json\/wp\/v2\/tags?post=4575"}],"curies":[{"name":"wp","href":"https:\/\/api.w.org\/{rel}","templated":true}]}}