{"id":4346,"date":"2021-05-25T23:07:39","date_gmt":"2021-05-25T21:07:39","guid":{"rendered":"https:\/\/www.lktwg.com\/?p=4346"},"modified":"2021-05-25T23:07:39","modified_gmt":"2021-05-25T21:07:39","slug":"wystartowaly-tegoroczne-zmagania-supermoto","status":"publish","type":"post","link":"https:\/\/www.lktwg.com\/en\/wystartowaly-tegoroczne-zmagania-supermoto\/","title":{"rendered":"Wystartowa\u0142y Tegoroczne zmagania Supermoto!"},"content":{"rendered":"<p class=\"qtranxs-available-languages-message qtranxs-available-languages-message-en\">Sorry, this entry is only available in <a href=\"https:\/\/www.lktwg.com\/pl\/wp-json\/wp\/v2\/posts\/4346\" class=\"qtranxs-available-language-link qtranxs-available-language-link-pl\" title=\"Polski\">Polish<\/a>. For the sake of viewer convenience, the content is shown below in the alternative language. You may click the link to switch the active language.<\/p><style type=\"text\/css\"><\/style><p>Tegoroczne zmagania Supermoto wystartowa\u0142y! 23 maja na Autodrom S\u0142omczyn po raz pierwszy w tym sezonie spotka\u0142a si\u0119 ekipa zawodnik\u00f3w Mistrzostw Polski i Pucharu Polski. Dzi\u0119ki kole\u017cankom i kolegom z Supermoto Poland mamy okazj\u0119 obejrze\u0107 relacj\u0119 z wydarzenia na YouTube:<br \/>\nhttps:\/\/www.facebook.com\/supermotopoland\/videos\/1233449910430128<br \/>\nW niedziel\u0119 nie zabrak\u0142o naszych klubowicz\u00f3w w S\u0142omczynie. W klasie S2 Mistrzostw Polski  drugi stopie\u0144 podium wywalczy\u0142 Micha\u0142 Pawlik, kt\u00f3rego w tym roku wspiera AF Motors Yamaha Racing Team. Maciej Wi\u015bniewski z Wilmat uzyska\u0142 13 rezultat i do klasyfikacji generalnej dorzuci\u0142 13 punkt\u00f3w.<br \/>\nSerdecznie zapraszamy 12 czerwca na Kartodrom Bydgoszcz, gdzie zostanie rozegrana II runda a LKT Wycz\u00f3\u0142 Go\u015bcieradz b\u0119dzie gospodarzem wydarzenia. Szczeg\u00f3\u0142y wkr\u00f3tce!<\/p>","protected":false},"excerpt":{"rendered":"<p>Sorry, this entry is only available in Polish. For the sake of viewer convenience, the content is shown below in the alternative language. You may click the link to switch the active language.Tegoroczne zmagania Supermoto wystartowa\u0142y! 23 maja na Autodrom S\u0142omczyn po raz pierwszy w tym sezonie spotka\u0142a si\u0119 ekipa zawodnik\u00f3w Mistrzostw Polski i Pucharu&#8230;<\/p>\n","protected":false},"author":4,"featured_media":4344,"comment_status":"closed","ping_status":"open","sticky":false,"template":"","format":"gallery","meta":[],"categories":[1],"tags":[],"yoast_head":"<!-- This site is optimized with the Yoast SEO plugin v15.2.1 - https:\/\/yoast.com\/wordpress\/plugins\/seo\/ -->\n<title>Wystartowa\u0142y Tegoroczne zmagania Supermoto! - LKT Wycz\u00f3\u0142 Go\u015bcieradz Polska<\/title>\n<meta name=\"robots\" content=\"index, follow, max-snippet:-1, max-image-preview:large, max-video-preview:-1\" \/>\n<link rel=\"canonical\" href=\"https:\/\/www.lktwg.com\/wystartowaly-tegoroczne-zmagania-supermoto\/\" \/>\n<meta property=\"og:locale\" content=\"en_US\" \/>\n<meta property=\"og:type\" content=\"article\" \/>\n<meta property=\"og:title\" content=\"Wystartowa\u0142y Tegoroczne zmagania Supermoto! - LKT Wycz\u00f3\u0142 Go\u015bcieradz Polska\" \/>\n<meta property=\"og:description\" content=\"Sorry, this entry is only available in Polish. For the sake of viewer convenience, the content is shown below in the alternative language. You may click the link to switch the active language.Tegoroczne zmagania Supermoto wystartowa\u0142y! 23 maja na Autodrom S\u0142omczyn po raz pierwszy w tym sezonie spotka\u0142a si\u0119 ekipa zawodnik\u00f3w Mistrzostw Polski i Pucharu...\" \/>\n<meta property=\"og:url\" content=\"https:\/\/www.lktwg.com\/wystartowaly-tegoroczne-zmagania-supermoto\/\" \/>\n<meta property=\"og:site_name\" content=\"LKT Wycz\u00f3\u0142 Go\u015bcieradz Polska\" \/>\n<meta property=\"article:publisher\" content=\"https:\/\/www.facebook.com\/lktwyczol\/\" \/>\n<meta property=\"article:published_time\" content=\"2021-05-25T21:07:39+00:00\" \/>\n<meta name=\"twitter:card\" content=\"summary\" \/>\n<meta name=\"twitter:image\" content=\"https:\/\/www.lktwg.com\/wp-content\/uploads\/2021\/05\/68598224_485243222305800_1360977438481317888_n.jpg\" \/>\n<meta name=\"twitter:label1\" content=\"Written by\">\n\t<meta name=\"twitter:data1\" content=\"Szymon Krupa\">\n\t<meta name=\"twitter:label2\" content=\"Est. reading time\">\n\t<meta name=\"twitter:data2\" content=\"0 minutes\">\n<script type=\"application\/ld+json\" class=\"yoast-schema-graph\">{\"@context\":\"https:\/\/schema.org\",\"@graph\":[{\"@type\":\"WebSite\",\"@id\":\"https:\/\/www.lktwg.com\/en\/#website\",\"url\":\"https:\/\/www.lktwg.com\/en\/\",\"name\":\"LKT Wycz\\u00f3\\u0142 Go\\u015bcieradz Polska\",\"description\":\"Ludowy Klub Turystyczny\",\"potentialAction\":[{\"@type\":\"SearchAction\",\"target\":\"https:\/\/www.lktwg.com\/en\/?s={search_term_string}\",\"query-input\":\"required name=search_term_string\"}],\"inLanguage\":\"en-US\"},{\"@type\":\"ImageObject\",\"@id\":\"https:\/\/www.lktwg.com\/wystartowaly-tegoroczne-zmagania-supermoto\/#primaryimage\",\"inLanguage\":\"en-US\",\"url\":\"https:\/\/www.lktwg.com\/wp-content\/uploads\/2021\/05\/68598224_485243222305800_1360977438481317888_n.jpg\",\"width\":1800,\"height\":1198},{\"@type\":\"WebPage\",\"@id\":\"https:\/\/www.lktwg.com\/wystartowaly-tegoroczne-zmagania-supermoto\/#webpage\",\"url\":\"https:\/\/www.lktwg.com\/wystartowaly-tegoroczne-zmagania-supermoto\/\",\"name\":\"Wystartowa\\u0142y Tegoroczne zmagania Supermoto! - LKT Wycz\\u00f3\\u0142 Go\\u015bcieradz Polska\",\"isPartOf\":{\"@id\":\"https:\/\/www.lktwg.com\/en\/#website\"},\"primaryImageOfPage\":{\"@id\":\"https:\/\/www.lktwg.com\/wystartowaly-tegoroczne-zmagania-supermoto\/#primaryimage\"},\"datePublished\":\"2021-05-25T21:07:39+00:00\",\"dateModified\":\"2021-05-25T21:07:39+00:00\",\"author\":{\"@id\":\"https:\/\/www.lktwg.com\/en\/#\/schema\/person\/6bdf16306d63f6890497ce5c248c00ab\"},\"inLanguage\":\"en-US\",\"potentialAction\":[{\"@type\":\"ReadAction\",\"target\":[\"https:\/\/www.lktwg.com\/wystartowaly-tegoroczne-zmagania-supermoto\/\"]}]},{\"@type\":\"Person\",\"@id\":\"https:\/\/www.lktwg.com\/en\/#\/schema\/person\/6bdf16306d63f6890497ce5c248c00ab\",\"name\":\"Szymon Krupa\",\"image\":{\"@type\":\"ImageObject\",\"@id\":\"https:\/\/www.lktwg.com\/en\/#personlogo\",\"inLanguage\":\"en-US\",\"url\":\"https:\/\/secure.gravatar.com\/avatar\/c0e2b7c0f015fe0d6c14ac0951d89111?s=96&d=mm&r=g\",\"caption\":\"Szymon Krupa\"}}]}<\/script>\n<!-- \/ Yoast SEO plugin. -->","_links":{"self":[{"href":"https:\/\/www.lktwg.com\/en\/wp-json\/wp\/v2\/posts\/4346"}],"collection":[{"href":"https:\/\/www.lktwg.com\/en\/wp-json\/wp\/v2\/posts"}],"about":[{"href":"https:\/\/www.lktwg.com\/en\/wp-json\/wp\/v2\/types\/post"}],"author":[{"embeddable":true,"href":"https:\/\/www.lktwg.com\/en\/wp-json\/wp\/v2\/users\/4"}],"replies":[{"embeddable":true,"href":"https:\/\/www.lktwg.com\/en\/wp-json\/wp\/v2\/comments?post=4346"}],"version-history":[{"count":1,"href":"https:\/\/www.lktwg.com\/en\/wp-json\/wp\/v2\/posts\/4346\/revisions"}],"predecessor-version":[{"id":4347,"href":"https:\/\/www.lktwg.com\/en\/wp-json\/wp\/v2\/posts\/4346\/revisions\/4347"}],"wp:featuredmedia":[{"embeddable":true,"href":"https:\/\/www.lktwg.com\/en\/wp-json\/wp\/v2\/media\/4344"}],"wp:attachment":[{"href":"https:\/\/www.lktwg.com\/en\/wp-json\/wp\/v2\/media?parent=4346"}],"wp:term":[{"taxonomy":"category","embeddable":true,"href":"https:\/\/www.lktwg.com\/en\/wp-json\/wp\/v2\/categories?post=4346"},{"taxonomy":"post_tag","embeddable":true,"href":"https:\/\/www.lktwg.com\/en\/wp-json\/wp\/v2\/tags?post=4346"}],"curies":[{"name":"wp","href":"https:\/\/api.w.org\/{rel}","templated":true}]}}