{"id":4341,"date":"2021-05-24T22:12:07","date_gmt":"2021-05-24T20:12:07","guid":{"rendered":"https:\/\/www.lktwg.com\/?p=4341"},"modified":"2021-05-24T22:13:45","modified_gmt":"2021-05-24T20:13:45","slug":"porozmawiajmy-o-motocyklach-z-bartkiem-wiczynskim","status":"publish","type":"post","link":"https:\/\/www.lktwg.com\/en\/porozmawiajmy-o-motocyklach-z-bartkiem-wiczynskim\/","title":{"rendered":"Porozmawiajmy o motocyklach z Bartkiem Wiczy\u0144skim"},"content":{"rendered":"<p class=\"qtranxs-available-languages-message qtranxs-available-languages-message-en\">Sorry, this entry is only available in <a href=\"https:\/\/www.lktwg.com\/pl\/wp-json\/wp\/v2\/posts\/4341\" class=\"qtranxs-available-language-link qtranxs-available-language-link-pl\" title=\"Polski\">Polish<\/a>. For the sake of viewer convenience, the content is shown below in the alternative language. You may click the link to switch the active language.<\/p><style type=\"text\/css\"><\/style><p>O pasji, adrenalinie, pokorze, motocyklistach, motocyklach oraz o \u017cyciu&#8230;<br \/>\nZach\u0119camy do obejrzenia wywiadu z naszym koleg\u0105 klubowym Bartkiem Wiczy\u0144skim w ramach cyklu Porozmawiajmy o motocyklach przygotowanego przez \u015awiat Motocykli. <\/p>\n<p><iframe title=\"Porozmawiajmy o motocyklach - Bartek Wiczy\u0144ski o motorsporcie | BMW Urban Garage\" width=\"500\" height=\"281\" src=\"https:\/\/www.youtube.com\/embed\/9rD1PQAO0qw?feature=oembed\" frameborder=\"0\" allow=\"accelerometer; autoplay; clipboard-write; encrypted-media; gyroscope; picture-in-picture\" allowfullscreen><\/iframe> <\/p>\n<p>#Porozmawiajmyomotocyklach #BMWUrbanGarage #\u015awiatMotocykl<\/p>","protected":false},"excerpt":{"rendered":"<p>Sorry, this entry is only available in Polish. For the sake of viewer convenience, the content is shown below in the alternative language. You may click the link to switch the active language.O pasji, adrenalinie, pokorze, motocyklistach, motocyklach oraz o \u017cyciu&#8230; Zach\u0119camy do obejrzenia wywiadu z naszym koleg\u0105 klubowym Bartkiem Wiczy\u0144skim w ramach cyklu Porozmawiajmy&#8230;<\/p>\n","protected":false},"author":4,"featured_media":4340,"comment_status":"closed","ping_status":"open","sticky":false,"template":"","format":"image","meta":[],"categories":[6,7],"tags":[],"yoast_head":"<!-- This site is optimized with the Yoast SEO plugin v15.2.1 - https:\/\/yoast.com\/wordpress\/plugins\/seo\/ -->\n<title>Porozmawiajmy o motocyklach z Bartkiem Wiczy\u0144skim - LKT Wycz\u00f3\u0142 Go\u015bcieradz Polska<\/title>\n<meta name=\"robots\" content=\"index, follow, max-snippet:-1, max-image-preview:large, max-video-preview:-1\" \/>\n<link rel=\"canonical\" href=\"https:\/\/www.lktwg.com\/porozmawiajmy-o-motocyklach-z-bartkiem-wiczynskim\/\" \/>\n<meta property=\"og:locale\" content=\"en_US\" \/>\n<meta property=\"og:type\" content=\"article\" \/>\n<meta property=\"og:title\" content=\"Porozmawiajmy o motocyklach z Bartkiem Wiczy\u0144skim - LKT Wycz\u00f3\u0142 Go\u015bcieradz Polska\" \/>\n<meta property=\"og:description\" content=\"Sorry, this entry is only available in Polish. For the sake of viewer convenience, the content is shown below in the alternative language. You may click the link to switch the active language.O pasji, adrenalinie, pokorze, motocyklistach, motocyklach oraz o \u017cyciu&#8230; Zach\u0119camy do obejrzenia wywiadu z naszym koleg\u0105 klubowym Bartkiem Wiczy\u0144skim w ramach cyklu Porozmawiajmy...\" \/>\n<meta property=\"og:url\" content=\"https:\/\/www.lktwg.com\/porozmawiajmy-o-motocyklach-z-bartkiem-wiczynskim\/\" \/>\n<meta property=\"og:site_name\" content=\"LKT Wycz\u00f3\u0142 Go\u015bcieradz Polska\" \/>\n<meta property=\"article:publisher\" content=\"https:\/\/www.facebook.com\/lktwyczol\/\" \/>\n<meta property=\"article:published_time\" content=\"2021-05-24T20:12:07+00:00\" \/>\n<meta property=\"article:modified_time\" content=\"2021-05-24T20:13:45+00:00\" \/>\n<meta name=\"twitter:card\" content=\"summary\" \/>\n<meta name=\"twitter:image\" content=\"https:\/\/www.lktwg.com\/wp-content\/uploads\/2021\/05\/porazmawiajmy-o-motycyklach.jpg\" \/>\n<meta name=\"twitter:label1\" content=\"Written by\">\n\t<meta name=\"twitter:data1\" content=\"Szymon Krupa\">\n\t<meta name=\"twitter:label2\" content=\"Est. reading time\">\n\t<meta name=\"twitter:data2\" content=\"0 minutes\">\n<script type=\"application\/ld+json\" class=\"yoast-schema-graph\">{\"@context\":\"https:\/\/schema.org\",\"@graph\":[{\"@type\":\"WebSite\",\"@id\":\"https:\/\/www.lktwg.com\/en\/#website\",\"url\":\"https:\/\/www.lktwg.com\/en\/\",\"name\":\"LKT Wycz\\u00f3\\u0142 Go\\u015bcieradz Polska\",\"description\":\"Ludowy Klub Turystyczny\",\"potentialAction\":[{\"@type\":\"SearchAction\",\"target\":\"https:\/\/www.lktwg.com\/en\/?s={search_term_string}\",\"query-input\":\"required name=search_term_string\"}],\"inLanguage\":\"en-US\"},{\"@type\":\"ImageObject\",\"@id\":\"https:\/\/www.lktwg.com\/porozmawiajmy-o-motocyklach-z-bartkiem-wiczynskim\/#primaryimage\",\"inLanguage\":\"en-US\",\"url\":\"https:\/\/www.lktwg.com\/wp-content\/uploads\/2021\/05\/porazmawiajmy-o-motycyklach.jpg\",\"width\":920,\"height\":497},{\"@type\":\"WebPage\",\"@id\":\"https:\/\/www.lktwg.com\/porozmawiajmy-o-motocyklach-z-bartkiem-wiczynskim\/#webpage\",\"url\":\"https:\/\/www.lktwg.com\/porozmawiajmy-o-motocyklach-z-bartkiem-wiczynskim\/\",\"name\":\"Porozmawiajmy o motocyklach z Bartkiem Wiczy\\u0144skim - LKT Wycz\\u00f3\\u0142 Go\\u015bcieradz Polska\",\"isPartOf\":{\"@id\":\"https:\/\/www.lktwg.com\/en\/#website\"},\"primaryImageOfPage\":{\"@id\":\"https:\/\/www.lktwg.com\/porozmawiajmy-o-motocyklach-z-bartkiem-wiczynskim\/#primaryimage\"},\"datePublished\":\"2021-05-24T20:12:07+00:00\",\"dateModified\":\"2021-05-24T20:13:45+00:00\",\"author\":{\"@id\":\"https:\/\/www.lktwg.com\/en\/#\/schema\/person\/6bdf16306d63f6890497ce5c248c00ab\"},\"inLanguage\":\"en-US\",\"potentialAction\":[{\"@type\":\"ReadAction\",\"target\":[\"https:\/\/www.lktwg.com\/porozmawiajmy-o-motocyklach-z-bartkiem-wiczynskim\/\"]}]},{\"@type\":\"Person\",\"@id\":\"https:\/\/www.lktwg.com\/en\/#\/schema\/person\/6bdf16306d63f6890497ce5c248c00ab\",\"name\":\"Szymon Krupa\",\"image\":{\"@type\":\"ImageObject\",\"@id\":\"https:\/\/www.lktwg.com\/en\/#personlogo\",\"inLanguage\":\"en-US\",\"url\":\"https:\/\/secure.gravatar.com\/avatar\/c0e2b7c0f015fe0d6c14ac0951d89111?s=96&d=mm&r=g\",\"caption\":\"Szymon Krupa\"}}]}<\/script>\n<!-- \/ Yoast SEO plugin. -->","_links":{"self":[{"href":"https:\/\/www.lktwg.com\/en\/wp-json\/wp\/v2\/posts\/4341"}],"collection":[{"href":"https:\/\/www.lktwg.com\/en\/wp-json\/wp\/v2\/posts"}],"about":[{"href":"https:\/\/www.lktwg.com\/en\/wp-json\/wp\/v2\/types\/post"}],"author":[{"embeddable":true,"href":"https:\/\/www.lktwg.com\/en\/wp-json\/wp\/v2\/users\/4"}],"replies":[{"embeddable":true,"href":"https:\/\/www.lktwg.com\/en\/wp-json\/wp\/v2\/comments?post=4341"}],"version-history":[{"count":1,"href":"https:\/\/www.lktwg.com\/en\/wp-json\/wp\/v2\/posts\/4341\/revisions"}],"predecessor-version":[{"id":4342,"href":"https:\/\/www.lktwg.com\/en\/wp-json\/wp\/v2\/posts\/4341\/revisions\/4342"}],"wp:featuredmedia":[{"embeddable":true,"href":"https:\/\/www.lktwg.com\/en\/wp-json\/wp\/v2\/media\/4340"}],"wp:attachment":[{"href":"https:\/\/www.lktwg.com\/en\/wp-json\/wp\/v2\/media?parent=4341"}],"wp:term":[{"taxonomy":"category","embeddable":true,"href":"https:\/\/www.lktwg.com\/en\/wp-json\/wp\/v2\/categories?post=4341"},{"taxonomy":"post_tag","embeddable":true,"href":"https:\/\/www.lktwg.com\/en\/wp-json\/wp\/v2\/tags?post=4341"}],"curies":[{"name":"wp","href":"https:\/\/api.w.org\/{rel}","templated":true}]}}