{"id":4156,"date":"2020-11-12T06:48:52","date_gmt":"2020-11-12T05:48:52","guid":{"rendered":"https:\/\/www.lktwg.com\/?p=4156"},"modified":"2020-11-12T06:48:52","modified_gmt":"2020-11-12T05:48:52","slug":"rajd-wilka-i-gonitwa-kaszubska-relacja","status":"publish","type":"post","link":"https:\/\/www.lktwg.com\/en\/rajd-wilka-i-gonitwa-kaszubska-relacja\/","title":{"rendered":"Rajd Wilka i Gonitwa Kaszubska-relacja!"},"content":{"rendered":"<p class=\"qtranxs-available-languages-message qtranxs-available-languages-message-en\">Sorry, this entry is only available in <a href=\"https:\/\/www.lktwg.com\/pl\/wp-json\/wp\/v2\/posts\/4156\" class=\"qtranxs-available-language-link qtranxs-available-language-link-pl\" title=\"Polski\">Polish<\/a>. For the sake of viewer convenience, the content is shown below in the alternative language. You may click the link to switch the active language.<\/p><style type=\"text\/css\"><\/style><p>Mamy dla Was zaleg\u0142e fotorelacje z dw\u00f3ch \u015bwietnych rajd\u00f3w. W obu przypadkach by\u0142y to imprezy rozgrywane w ramach cyklu Rajdowe Mistrzostwa Polski Zachodniej<br \/>\n.<br \/>\n\u0141obez gmina<br \/>\n to ma\u0142e miasteczko w wojew\u00f3dztwie zachodnio-pomorskim, kt\u00f3re by\u0142o gospodarzem 2. Rajdu Wilka i jednocze\u015bnie miejscem, gdzie odby\u0142a si\u0119 2 runda RMPZ.  Jednak 19-20 wrze\u015bnia zrobi\u0142o si\u0119 na ulicach \u0141obza naprawd\u0119 g\u0142o\u015bno a to za spraw\u0105 nocnego prologu na ulicach miasteczka. Kilkana\u015bcie decybeli do wydarzenia dorzuci\u0142o 5 za\u0142\u00f3g Wycz\u00f3\u0142a:<br \/>\n-Micha\u0142 Sobota \/ Damian Punia<br \/>\n-Tomasz J\u0118DRZEJCZAK \/ JOANNA J\u0118DRZEJCZAK<br \/>\n&#8211; Patryk Scieszynski \/  Bartosz Michalski<br \/>\n&#8211; Robert Go\u015bciniak \/ Anna Budzy\u0144ska<br \/>\n&#8211; \u0141ukasz Kasprzyk \/ Rallyholic &#8211; Dawid J\u0119drzejewski<\/p>\n<p>Jak posz\u0142o? Zajrzyjcie na stron\u0119 rajdu z oficjalnymi wynikami:<br \/>\nhttp:\/\/www.rajdwilka.pl\/wyniki2020\/oficjalna_koncowa.pdf<br \/>\nZ Pomorza Zachodniego przenosimy si\u0119 na Kaszuby, gdzie 17 pa\u017adziernika o 18:50 wystartowa\u0142a pierwsza za\u0142oga w 3 eliminacji RMPZ B\u00ebtowsk\u00f4 G\u00f2\u0144ba w Bytowie. Odcinki rajdu by\u0142y przygotowane w formule Super KJS, wi\u0119c d\u0142ugo\u015b\u0107 ca\u0142kowita trasy wynosi\u0142a 155km w tym 27km OS-\u00f3w. 58 za\u0142\u00f3g na starcie m\u00f3wi samo za siebie:). Z go\u015bcinno\u015bci kaszubskich odcink\u00f3w specjalnych skorzysta\u0142o 5 za\u0142\u00f3g w barwach LKT:<br \/>\n&#8211; Micha\u0142 Sobota \/ Damian Punia<br \/>\n&#8211; TOMASZ J\u0118DRZEJCZAK \/ JOANNA J\u0118DRZEJCZAK<br \/>\n&#8211; Patryk Scieszynski \/ Marcin Boi\u0144ski<br \/>\n-\u0141ukasz Kasprzyk \/ Olgierd Nikel<br \/>\n&#8211; Robert Go\u015bciniak \/ Anna Budzy\u0144ska<br \/>\nWyniki? Znajdziecie je poni\u017cej:<br \/>\nhttp:\/\/www.bytowskagonitwa.pl\/index.php?id=wyniki<br \/>\nNajbli\u017cszy weekend to 46 edycja Rajd Monte Karlino<br \/>\n, kt\u00f3ra b\u0119dzie jednocze\u015bnie 4 rund\u0105 RMPZ. 14-15 listopada ponownie w Koszalinie zobaczymy naszych rajdowc\u00f3w. Trzymamy kciuki!<br \/>\nFot. Tomasz Ko\u0142tys<\/p>","protected":false},"excerpt":{"rendered":"<p>Sorry, this entry is only available in Polish. For the sake of viewer convenience, the content is shown below in the alternative language. You may click the link to switch the active language.Mamy dla Was zaleg\u0142e fotorelacje z dw\u00f3ch \u015bwietnych rajd\u00f3w. W obu przypadkach by\u0142y to imprezy rozgrywane w ramach cyklu Rajdowe Mistrzostwa Polski Zachodniej&#8230;<\/p>\n","protected":false},"author":4,"featured_media":4143,"comment_status":"closed","ping_status":"open","sticky":false,"template":"","format":"gallery","meta":[],"categories":[1],"tags":[],"yoast_head":"<!-- This site is optimized with the Yoast SEO plugin v15.2.1 - https:\/\/yoast.com\/wordpress\/plugins\/seo\/ -->\n<title>Rajd Wilka i Gonitwa Kaszubska-relacja! - LKT Wycz\u00f3\u0142 Go\u015bcieradz Polska<\/title>\n<meta name=\"robots\" content=\"index, follow, max-snippet:-1, max-image-preview:large, max-video-preview:-1\" \/>\n<link rel=\"canonical\" href=\"https:\/\/www.lktwg.com\/en\/rajd-wilka-i-gonitwa-kaszubska-relacja\/\" \/>\n<meta property=\"og:locale\" content=\"en_US\" \/>\n<meta property=\"og:type\" content=\"article\" \/>\n<meta property=\"og:title\" content=\"Rajd Wilka i Gonitwa Kaszubska-relacja! - LKT Wycz\u00f3\u0142 Go\u015bcieradz Polska\" \/>\n<meta property=\"og:description\" content=\"Sorry, this entry is only available in Polish. For the sake of viewer convenience, the content is shown below in the alternative language. You may click the link to switch the active language.Mamy dla Was zaleg\u0142e fotorelacje z dw\u00f3ch \u015bwietnych rajd\u00f3w. W obu przypadkach by\u0142y to imprezy rozgrywane w ramach cyklu Rajdowe Mistrzostwa Polski Zachodniej...\" \/>\n<meta property=\"og:url\" content=\"https:\/\/www.lktwg.com\/en\/rajd-wilka-i-gonitwa-kaszubska-relacja\/\" \/>\n<meta property=\"og:site_name\" content=\"LKT Wycz\u00f3\u0142 Go\u015bcieradz Polska\" \/>\n<meta property=\"article:publisher\" content=\"https:\/\/www.facebook.com\/lktwyczol\/\" \/>\n<meta property=\"article:published_time\" content=\"2020-11-12T05:48:52+00:00\" \/>\n<meta name=\"twitter:card\" content=\"summary\" \/>\n<meta name=\"twitter:image\" content=\"https:\/\/www.lktwg.com\/wp-content\/uploads\/2020\/11\/123071484_3637060499648419_2025127979675593630_o.jpg\" \/>\n<meta name=\"twitter:label1\" content=\"Written by\">\n\t<meta name=\"twitter:data1\" content=\"Szymon Krupa\">\n\t<meta name=\"twitter:label2\" content=\"Est. reading time\">\n\t<meta name=\"twitter:data2\" content=\"1 minute\">\n<script type=\"application\/ld+json\" class=\"yoast-schema-graph\">{\"@context\":\"https:\/\/schema.org\",\"@graph\":[{\"@type\":\"WebSite\",\"@id\":\"https:\/\/www.lktwg.com\/en\/#website\",\"url\":\"https:\/\/www.lktwg.com\/en\/\",\"name\":\"LKT Wycz\\u00f3\\u0142 Go\\u015bcieradz Polska\",\"description\":\"Ludowy Klub Turystyczny\",\"potentialAction\":[{\"@type\":\"SearchAction\",\"target\":\"https:\/\/www.lktwg.com\/en\/?s={search_term_string}\",\"query-input\":\"required name=search_term_string\"}],\"inLanguage\":\"en-US\"},{\"@type\":\"ImageObject\",\"@id\":\"https:\/\/www.lktwg.com\/en\/rajd-wilka-i-gonitwa-kaszubska-relacja\/#primaryimage\",\"inLanguage\":\"en-US\",\"url\":\"https:\/\/www.lktwg.com\/wp-content\/uploads\/2020\/11\/123071484_3637060499648419_2025127979675593630_o.jpg\",\"width\":1744,\"height\":1164},{\"@type\":\"WebPage\",\"@id\":\"https:\/\/www.lktwg.com\/en\/rajd-wilka-i-gonitwa-kaszubska-relacja\/#webpage\",\"url\":\"https:\/\/www.lktwg.com\/en\/rajd-wilka-i-gonitwa-kaszubska-relacja\/\",\"name\":\"Rajd Wilka i Gonitwa Kaszubska-relacja! - LKT Wycz\\u00f3\\u0142 Go\\u015bcieradz Polska\",\"isPartOf\":{\"@id\":\"https:\/\/www.lktwg.com\/en\/#website\"},\"primaryImageOfPage\":{\"@id\":\"https:\/\/www.lktwg.com\/en\/rajd-wilka-i-gonitwa-kaszubska-relacja\/#primaryimage\"},\"datePublished\":\"2020-11-12T05:48:52+00:00\",\"dateModified\":\"2020-11-12T05:48:52+00:00\",\"author\":{\"@id\":\"https:\/\/www.lktwg.com\/en\/#\/schema\/person\/6bdf16306d63f6890497ce5c248c00ab\"},\"inLanguage\":\"en-US\",\"potentialAction\":[{\"@type\":\"ReadAction\",\"target\":[\"https:\/\/www.lktwg.com\/en\/rajd-wilka-i-gonitwa-kaszubska-relacja\/\"]}]},{\"@type\":\"Person\",\"@id\":\"https:\/\/www.lktwg.com\/en\/#\/schema\/person\/6bdf16306d63f6890497ce5c248c00ab\",\"name\":\"Szymon Krupa\",\"image\":{\"@type\":\"ImageObject\",\"@id\":\"https:\/\/www.lktwg.com\/en\/#personlogo\",\"inLanguage\":\"en-US\",\"url\":\"https:\/\/secure.gravatar.com\/avatar\/c0e2b7c0f015fe0d6c14ac0951d89111?s=96&d=mm&r=g\",\"caption\":\"Szymon Krupa\"}}]}<\/script>\n<!-- \/ Yoast SEO plugin. -->","_links":{"self":[{"href":"https:\/\/www.lktwg.com\/en\/wp-json\/wp\/v2\/posts\/4156"}],"collection":[{"href":"https:\/\/www.lktwg.com\/en\/wp-json\/wp\/v2\/posts"}],"about":[{"href":"https:\/\/www.lktwg.com\/en\/wp-json\/wp\/v2\/types\/post"}],"author":[{"embeddable":true,"href":"https:\/\/www.lktwg.com\/en\/wp-json\/wp\/v2\/users\/4"}],"replies":[{"embeddable":true,"href":"https:\/\/www.lktwg.com\/en\/wp-json\/wp\/v2\/comments?post=4156"}],"version-history":[{"count":1,"href":"https:\/\/www.lktwg.com\/en\/wp-json\/wp\/v2\/posts\/4156\/revisions"}],"predecessor-version":[{"id":4157,"href":"https:\/\/www.lktwg.com\/en\/wp-json\/wp\/v2\/posts\/4156\/revisions\/4157"}],"wp:featuredmedia":[{"embeddable":true,"href":"https:\/\/www.lktwg.com\/en\/wp-json\/wp\/v2\/media\/4143"}],"wp:attachment":[{"href":"https:\/\/www.lktwg.com\/en\/wp-json\/wp\/v2\/media?parent=4156"}],"wp:term":[{"taxonomy":"category","embeddable":true,"href":"https:\/\/www.lktwg.com\/en\/wp-json\/wp\/v2\/categories?post=4156"},{"taxonomy":"post_tag","embeddable":true,"href":"https:\/\/www.lktwg.com\/en\/wp-json\/wp\/v2\/tags?post=4156"}],"curies":[{"name":"wp","href":"https:\/\/api.w.org\/{rel}","templated":true}]}}