{"id":4071,"date":"2020-09-03T18:49:53","date_gmt":"2020-09-03T16:49:53","guid":{"rendered":"https:\/\/www.lktwg.com\/?p=4071"},"modified":"2020-09-03T18:49:53","modified_gmt":"2020-09-03T16:49:53","slug":"9-rajd-koszalinski-z-udzialem-ekipy-lkt","status":"publish","type":"post","link":"https:\/\/www.lktwg.com\/en\/9-rajd-koszalinski-z-udzialem-ekipy-lkt\/","title":{"rendered":"9 Rajd Koszali\u0144ski z udzia\u0142em ekipy LKT"},"content":{"rendered":"<p class=\"qtranxs-available-languages-message qtranxs-available-languages-message-en\">Sorry, this entry is only available in <a href=\"https:\/\/www.lktwg.com\/pl\/wp-json\/wp\/v2\/posts\/4071\" class=\"qtranxs-available-language-link qtranxs-available-language-link-pl\" title=\"Polski\">Polish<\/a>. For the sake of viewer convenience, the content is shown below in the alternative language. You may click the link to switch the active language.<\/p><style type=\"text\/css\"><\/style><p>D\u0142ugo\u015b\u0107 trasy 125km, prolog w centrum miasta, 7 OS-\u00f3w, 44 za\u0142ogi na starcie a wszystko w ramach1 rundy Rajdowych Mistrzostw Polski Zachodniej\u2026 Czy ju\u017c wiecie jakie wydarzenie mamy na my\u015bli? Oczywi\u015bcie chodzi o rozegrany w przedostatni weekend sierpnia 9 Rajd Koszali\u0144ski.<br \/>\nJak by\u0142o? Jak zawsze z udzia\u0142em naszych klubowicz\u00f3w, kt\u00f3rzy wywalczyli 3 miejsce w klasyfikacji klubowej.<br \/>\nWyniki indywidualne (kierowca\/pilot)<br \/>\n&#8211; Robert Go\u015bciniak \/ Anna Budzy\u0144ska 3 miejsce w klasie 2<br \/>\n&#8211; \u0141ukasz Kasprzyk \/ Dawid J\u0119drzejewski 5 miejsce w klasie 2<br \/>\n&#8211; Tomasz J\u0119drzejczak \/ Joanna J\u0119drzejczak 4 miejsce w klasie 3<br \/>\n&#8211; Patryk Scieszynski \/ Bartosz Michalski 6 miejsce w klasie 3<br \/>\n&#8211; Micha\u0142 Sobota \/ Maciej \u017bwirko 4 miejsce w klasie RWD<\/p>\n<p>Gratulacje!<\/p>\n<p>Mamy dla Was on-board w wykonaniu \u0141ukasza i Dawida czyli jak jedzie si\u0119 prolog rajdu od \u015brodka.<\/p>\n<p><iframe title=\"Rajd Koszali\u0144ski 2020   Kasprzyk\/J\u0119drzejewski - Prolog\" width=\"500\" height=\"281\" src=\"https:\/\/www.youtube.com\/embed\/TYufaZlWuTk?feature=oembed\" frameborder=\"0\" allow=\"accelerometer; autoplay; encrypted-media; gyroscope; picture-in-picture\" allowfullscreen><\/iframe><\/p>\n<p>Pe\u0142ne wyniki:<br \/>\nhttp:\/\/www.rajdkoszalinski.pl\/index.php?id=wyniki<\/p>","protected":false},"excerpt":{"rendered":"<p>Sorry, this entry is only available in Polish. For the sake of viewer convenience, the content is shown below in the alternative language. You may click the link to switch the active language.D\u0142ugo\u015b\u0107 trasy 125km, prolog w centrum miasta, 7 OS-\u00f3w, 44 za\u0142ogi na starcie a wszystko w ramach1 rundy Rajdowych Mistrzostw Polski Zachodniej\u2026 Czy&#8230;<\/p>\n","protected":false},"author":4,"featured_media":4070,"comment_status":"closed","ping_status":"open","sticky":false,"template":"","format":"image","meta":[],"categories":[1],"tags":[],"yoast_head":"<!-- This site is optimized with the Yoast SEO plugin v15.2.1 - https:\/\/yoast.com\/wordpress\/plugins\/seo\/ -->\n<title>9 Rajd Koszali\u0144ski z udzia\u0142em ekipy LKT - LKT Wycz\u00f3\u0142 Go\u015bcieradz Polska<\/title>\n<meta name=\"robots\" content=\"index, follow, max-snippet:-1, max-image-preview:large, max-video-preview:-1\" \/>\n<link rel=\"canonical\" href=\"https:\/\/www.lktwg.com\/9-rajd-koszalinski-z-udzialem-ekipy-lkt\/\" \/>\n<meta property=\"og:locale\" content=\"en_US\" \/>\n<meta property=\"og:type\" content=\"article\" \/>\n<meta property=\"og:title\" content=\"9 Rajd Koszali\u0144ski z udzia\u0142em ekipy LKT - LKT Wycz\u00f3\u0142 Go\u015bcieradz Polska\" \/>\n<meta property=\"og:description\" content=\"Sorry, this entry is only available in Polish. For the sake of viewer convenience, the content is shown below in the alternative language. You may click the link to switch the active language.D\u0142ugo\u015b\u0107 trasy 125km, prolog w centrum miasta, 7 OS-\u00f3w, 44 za\u0142ogi na starcie a wszystko w ramach1 rundy Rajdowych Mistrzostw Polski Zachodniej\u2026 Czy...\" \/>\n<meta property=\"og:url\" content=\"https:\/\/www.lktwg.com\/9-rajd-koszalinski-z-udzialem-ekipy-lkt\/\" \/>\n<meta property=\"og:site_name\" content=\"LKT Wycz\u00f3\u0142 Go\u015bcieradz Polska\" \/>\n<meta property=\"article:publisher\" content=\"https:\/\/www.facebook.com\/lktwyczol\/\" \/>\n<meta property=\"article:published_time\" content=\"2020-09-03T16:49:53+00:00\" \/>\n<meta name=\"twitter:card\" content=\"summary\" \/>\n<meta name=\"twitter:image\" content=\"https:\/\/www.lktwg.com\/wp-content\/uploads\/2020\/09\/zapowiedz9rk-1.jpg\" \/>\n<meta name=\"twitter:label1\" content=\"Written by\">\n\t<meta name=\"twitter:data1\" content=\"Szymon Krupa\">\n\t<meta name=\"twitter:label2\" content=\"Est. reading time\">\n\t<meta name=\"twitter:data2\" content=\"1 minute\">\n<script type=\"application\/ld+json\" class=\"yoast-schema-graph\">{\"@context\":\"https:\/\/schema.org\",\"@graph\":[{\"@type\":\"WebSite\",\"@id\":\"https:\/\/www.lktwg.com\/en\/#website\",\"url\":\"https:\/\/www.lktwg.com\/en\/\",\"name\":\"LKT Wycz\\u00f3\\u0142 Go\\u015bcieradz Polska\",\"description\":\"Ludowy Klub Turystyczny\",\"potentialAction\":[{\"@type\":\"SearchAction\",\"target\":\"https:\/\/www.lktwg.com\/en\/?s={search_term_string}\",\"query-input\":\"required name=search_term_string\"}],\"inLanguage\":\"en-US\"},{\"@type\":\"ImageObject\",\"@id\":\"https:\/\/www.lktwg.com\/9-rajd-koszalinski-z-udzialem-ekipy-lkt\/#primaryimage\",\"inLanguage\":\"en-US\",\"url\":\"https:\/\/www.lktwg.com\/wp-content\/uploads\/2020\/09\/zapowiedz9rk-1.jpg\",\"width\":1073,\"height\":700},{\"@type\":\"WebPage\",\"@id\":\"https:\/\/www.lktwg.com\/9-rajd-koszalinski-z-udzialem-ekipy-lkt\/#webpage\",\"url\":\"https:\/\/www.lktwg.com\/9-rajd-koszalinski-z-udzialem-ekipy-lkt\/\",\"name\":\"9 Rajd Koszali\\u0144ski z udzia\\u0142em ekipy LKT - LKT Wycz\\u00f3\\u0142 Go\\u015bcieradz Polska\",\"isPartOf\":{\"@id\":\"https:\/\/www.lktwg.com\/en\/#website\"},\"primaryImageOfPage\":{\"@id\":\"https:\/\/www.lktwg.com\/9-rajd-koszalinski-z-udzialem-ekipy-lkt\/#primaryimage\"},\"datePublished\":\"2020-09-03T16:49:53+00:00\",\"dateModified\":\"2020-09-03T16:49:53+00:00\",\"author\":{\"@id\":\"https:\/\/www.lktwg.com\/en\/#\/schema\/person\/6bdf16306d63f6890497ce5c248c00ab\"},\"inLanguage\":\"en-US\",\"potentialAction\":[{\"@type\":\"ReadAction\",\"target\":[\"https:\/\/www.lktwg.com\/9-rajd-koszalinski-z-udzialem-ekipy-lkt\/\"]}]},{\"@type\":\"Person\",\"@id\":\"https:\/\/www.lktwg.com\/en\/#\/schema\/person\/6bdf16306d63f6890497ce5c248c00ab\",\"name\":\"Szymon Krupa\",\"image\":{\"@type\":\"ImageObject\",\"@id\":\"https:\/\/www.lktwg.com\/en\/#personlogo\",\"inLanguage\":\"en-US\",\"url\":\"https:\/\/secure.gravatar.com\/avatar\/c0e2b7c0f015fe0d6c14ac0951d89111?s=96&d=mm&r=g\",\"caption\":\"Szymon Krupa\"}}]}<\/script>\n<!-- \/ Yoast SEO plugin. -->","_links":{"self":[{"href":"https:\/\/www.lktwg.com\/en\/wp-json\/wp\/v2\/posts\/4071"}],"collection":[{"href":"https:\/\/www.lktwg.com\/en\/wp-json\/wp\/v2\/posts"}],"about":[{"href":"https:\/\/www.lktwg.com\/en\/wp-json\/wp\/v2\/types\/post"}],"author":[{"embeddable":true,"href":"https:\/\/www.lktwg.com\/en\/wp-json\/wp\/v2\/users\/4"}],"replies":[{"embeddable":true,"href":"https:\/\/www.lktwg.com\/en\/wp-json\/wp\/v2\/comments?post=4071"}],"version-history":[{"count":1,"href":"https:\/\/www.lktwg.com\/en\/wp-json\/wp\/v2\/posts\/4071\/revisions"}],"predecessor-version":[{"id":4072,"href":"https:\/\/www.lktwg.com\/en\/wp-json\/wp\/v2\/posts\/4071\/revisions\/4072"}],"wp:featuredmedia":[{"embeddable":true,"href":"https:\/\/www.lktwg.com\/en\/wp-json\/wp\/v2\/media\/4070"}],"wp:attachment":[{"href":"https:\/\/www.lktwg.com\/en\/wp-json\/wp\/v2\/media?parent=4071"}],"wp:term":[{"taxonomy":"category","embeddable":true,"href":"https:\/\/www.lktwg.com\/en\/wp-json\/wp\/v2\/categories?post=4071"},{"taxonomy":"post_tag","embeddable":true,"href":"https:\/\/www.lktwg.com\/en\/wp-json\/wp\/v2\/tags?post=4071"}],"curies":[{"name":"wp","href":"https:\/\/api.w.org\/{rel}","templated":true}]}}