{"id":4049,"date":"2020-07-29T22:33:32","date_gmt":"2020-07-29T20:33:32","guid":{"rendered":"https:\/\/www.lktwg.com\/?p=4049"},"modified":"2020-07-29T22:33:32","modified_gmt":"2020-07-29T20:33:32","slug":"covidowe-zawirowania-2020-rejs-pod-zaglami-na-baltyku","status":"publish","type":"post","link":"https:\/\/www.lktwg.com\/en\/covidowe-zawirowania-2020-rejs-pod-zaglami-na-baltyku\/","title":{"rendered":"Covidowe zawirowania 2020. Rejs pod \u017caglami na Ba\u0142tyku"},"content":{"rendered":"<p class=\"qtranxs-available-languages-message qtranxs-available-languages-message-en\">Sorry, this entry is only available in <a href=\"https:\/\/www.lktwg.com\/pl\/wp-json\/wp\/v2\/posts\/4049\" class=\"qtranxs-available-language-link qtranxs-available-language-link-pl\" title=\"Polski\">Polish<\/a>. For the sake of viewer convenience, the content is shown below in the alternative language. You may click the link to switch the active language.<\/p><style type=\"text\/css\"><\/style><p>LKT Wycz\u00f3\u0142 Go\u015bcieradz to nie tylko motocykle i samochody ale r\u00f3wnie\u017c ka\u017cda forma turystyki, kt\u00f3ra pozwala odpocz\u0105\u0107 w otoczeniu przyrody. Tym razem wspomnieniami z morskiej przygody podzieli\u0142 si\u0119 z nami nasz klubowy sekretarz Rober Ma\u0142ek, kt\u00f3ry pozna\u0142 uroki Ba\u0142tyku na w\u0142asnej sk\u00f3rze. <\/p>\n<p>Nie ma tego z\u0142ego, co by na dobre nie wysz\u0142o- tak mog\u0119 okre\u015bli\u0107 moje wakacyjne plany na wypoczynek w 2020 roku. Tego lata mia\u0142 si\u0119 odby\u0107 75. FIM RALLY 2020 ITALIA w mie\u015bcie Foligno, czyli coroczny \u015bwiatowy zlot motocyklowy organizowany na zlecenie FIM &#8211; \u015bwiatowej organizacji motocyklowej, w kt\u00f3rym jak co roku uczestniczy reprezentacja Polski wraz z liczn\u0105 ekip\u0105 LKT \u201eWycz\u00f3\u0142\u201d Goscieradz.<br \/>\nMoje wakacyjne plany musia\u0142y ulec zmianie z powodu Covid 19, ale nadal chcia\u0142em je sp\u0119dzi\u0107 aktywnie. Wypoczynek nad wod\u0105 to dla mnie najlepszy spos\u00f3b sp\u0119dzania wolnego czasu, ale pod \u017caglami a nie piaskowej i zat\u0142oczonej pla\u017cy. Tym samym wzi\u0105\u0142em udzia\u0142 w rejsie po Ba\u0142tyku, gdzie w ci\u0105gu 7 dni op\u0142yn\u0105\u0142em wysp\u0119 Borholm wraz z nowo poznanymi fajnymi lud\u017ami.<br \/>\n\tRejs rozpocz\u0105\u0142 si\u0119 w Gda\u0144sku 4. lipca o 20.00 sk\u0105d bezpo\u015brednio pop\u0142yn\u0119li\u015bmy na wysp\u0119 Bornholm. 26 godzin ci\u0105g\u0142ej \u017ceglugi na rozbujanym Ba\u0142tyku pokaza\u0142o, \u017ce nie warto lekcewa\u017cy\u0107 natury. Ujmuj\u0105c spraw\u0119 eufemistycznie, wszyscy \u017ceglarze dostosowywali si\u0119 do warunk\u00f3w morskich. Wszelkie dociekaj\u0105ce pytania o stan fizyczny powy\u017cszych pozostawmy Neptunowi, mitologicznemu rzymskiemu bogowi w\u00f3d i ocean\u00f3w :).<br \/>\n\tSkiper (kapitan) jachtu przez ca\u0142e 26 godzin \u017ceglugi nie opu\u015bci\u0142 kokpitu, jedynie drzema\u0142 po kilkana\u015bcie minut co jaki\u015b czas a zmiany wachtowe trzyma\u0142y obrany kurs. Ja mia\u0142em przyjemno\u015b\u0107 pe\u0142ni\u0107 wacht\u0119 nocn\u0105 wraz z dw\u00f3jk\u0105 innych uczestnik\u00f3w rejsu od godz. 3.00 do 6.00 rano :).<br \/>\nPo tej jak\u017ce niebywale atrakcyjnej \u017cegludze, dop\u0142yn\u0119li\u015bmy do portu Nexo, kt\u00f3ry znajduje si\u0119 na po\u0142udniowo \u2013 wschodnim brzegu Bornholmu. Za\u0142oga pozytywnie wyczerpana atrakcjami, kt\u00f3re pokaza\u0142 nam nasz kochany Ba\u0142tyk nawet nie pomy\u015bla\u0142a o wyp\u0142yni\u0119ciu w dalsz\u0105 podr\u00f3\u017c.<br \/>\n\tPo mi\u0142o sp\u0119dzonym ca\u0142ym dniu w porcie w miasteczku Nexo, nast\u0119pny dzie\u0144 rozpocz\u0119li\u015bmy od pysznego \u015bniadania z aromatyczn\u0105 kaw\u0105, kt\u00f3re zapocz\u0105tkowa\u0142y pi\u0119kne \u017ceglowanie po wodach Bornholmu. Nale\u017cy tutaj koniecznie doda\u0107, \u017ce aklimatyzacja ca\u0142ej za\u0142ogi dobieg\u0142a ko\u0144ca i wszyscy ju\u017c cieszyli si\u0119 tylko urokami \u017ceglarstwa. 8 godzinne dzienne \u017ceglowanie w zupe\u0142no\u015bci oddawa\u0142o zapotrzebowanie oraz oczekiwania wszystkich \u017ceglarzy.<br \/>\n\tW nast\u0119pnych dniach zdarza\u0142y si\u0119 sytuacje, gdy okazywa\u0142o si\u0119, \u017ce port docelowy nie mo\u017ce by\u0107 osi\u0105gni\u0119ty, gdy\u017c albo s\u0105 zbyt du\u017ce fale lub po prostu port jest zaj\u0119ty przez inne jednostki p\u0142ywaj\u0105ce.  W takich sytuacjach musieli\u015bmy pomin\u0105\u0107 miasteczka Svaneke oraz Gudhejm i pop\u0142yn\u0119li\u015bmy do portu Tejn. Niby nic, ale te decyzje op\u00f3\u017ania\u0142y popo\u0142udniowy relaks o 2-3 godziny. To robi ogromn\u0105 r\u00f3\u017cnic\u0119! Z portu Tejn nast\u0119pnego poranka wyp\u0142yn\u0119li\u015bmy w d\u0142ugo oczekiwany rejs na wysp\u0119 Christianso, oddalonej od Bornholmu o 10 mil morskich (1NM=1,852 km) na pn-wsch. Ca\u0142\u0105 wysp\u0119 mo\u017cna zwiedzi\u0107 spacerkiem w 30 minut. Jej d\u0142ugo\u015b\u0107 nie przekracza 700 metr\u00f3w a przej\u015bcie jej brzegu dooko\u0142a to nieca\u0142e 2 km. Niestety Ba\u0142tyk tego dnia nie by\u0142 dla nas przychylny. Du\u017ce fale oraz male\u0144ki port, kt\u00f3ry obserwowali\u015bmy przez lornetk\u0119 przez ok. 2 godziny p\u0142ywaj\u0105c w t\u0119 i z powrotem by\u0142 zaj\u0119ty przez inne jachty. Tutaj musz\u0119 si\u0119 pochwali\u0107, \u017ce to ja dowodzi\u0142em jachtem. To by\u0142 jedyny niedosyt ca\u0142ej naszej za\u0142ogi. Nie to, \u017ce ja dowodzi\u0142em, tylko to, \u017ce nie wp\u0142yn\u0119li\u015bmy do portu w Christianso. Chyba\u2026 \ud83d\ude42<br \/>\n\tKolejnym miejscem naszej \u017ceglugi by\u0142o miasteczko Allinge, kt\u00f3re jest jednym z najbardziej wysuni\u0119tych port\u00f3w na p\u00f3\u0142noc Bornholmu. W opinii wszystkich uczestnik\u00f3w rejsu to miejsce by\u0142o najbardziej urokliwym, w kt\u00f3rym byli\u015bmy w ca\u0142ej naszej ba\u0142tyckiej przygodzie. Port jest w bezpo\u015bredniej blisko\u015bci \u017cycia miejskiego Allinge- dos\u0142ownie przycumowali\u015bmy w centrum miasta. Zje\u015b\u0107 rybk\u0119 pokropion\u0105 cytryn\u0105 i frytkami z sosem czosnkowym w przybrze\u017cnym barze, patrz\u0105c jednocze\u015bnie na oddalony dos\u0142ownie o 10 metr\u00f3w pi\u0119kny jacht, kt\u00f3rym przyp\u0142yn\u0119li\u015bmy\u2026\u015awietne i bezcenne uczucie. A \u0142\u00f3dka zacna &#8211; Delphia 47 o urokliwej nazwie Blue Horizon i d\u0142ugo\u015bci ponad 14 metr\u00f3w oraz szeroko\u015bci ponad 4 metry w zupe\u0142no\u015bci wystarcza dla 10. osobowej za\u0142ogi. Wysoko\u015b\u0107 masztu od wody prawie 21 metr\u00f3w. Aby wyobrazi\u0107 sobie t\u0105 wysoko\u015b\u0107 nale\u017cy wej\u015b\u0107 np. na 6. pi\u0119tro bloku \ud83d\ude42<\/p>\n<p>\tOstatnie miejsce naszego pobytu to port w R\u00f8nne, czyli najwi\u0119kszym mie\u015bcie Bornholmu, gdzie zamieszkuje \u0142\u0105cznie ponad 13 tys. St\u0105d nasz wyruszyli\u015bmy w nasz ostatni cel, kt\u00f3rego bieg rozpocz\u0105\u0142 si\u0119 o 5.30 rano w pi\u0105tek. Oko\u0142o 21:00 dop\u0142yn\u0119li\u015bmy do Ko\u0142obrzegu. Ciekawostk\u0105 mo\u017ce by\u0107 fakt, ze obiad w tym dniu ca\u0142a za\u0142oga jad\u0142a podczas p\u0142yni\u0119cia b\u0119d\u0105c w kokpicie i do tego wszyscy byli zadowoleni. W pierwszym dniu morskiej przygody nie do pomy\u015blenia! Wieczorna kolacja i w sobot\u0119 11. lipca po \u015bniadaniu ka\u017cdy z uczestnik\u00f3w wyruszy\u0142 w drog\u0119 powrotn\u0105 do domu\u2026 m.in. Krak\u00f3w, Warszawa, Gda\u0144sk, Bydgoszcz. <\/p>\n<p>A tym wszystkim przygodom towarzyszy\u0142a flaga klubowa LKT \u201eWycz\u00f3\u0142\u201d Go\u015bcieradz!<\/p>\n<p>Z \u017ceglarskim pozdrowieniem<br \/>\nAhoj!<br \/>\nRobert Ma\u0142ek<\/p>\n<p>Czekamy na relacje z wakacyjnych wypraw cz\u0142onk\u00f3w klubu LKT Wycz\u00f3\u0142 Goscieradz! Relacje wysy\u0142ajcie na media@lktwg.com<\/p>\n<p><\/p>","protected":false},"excerpt":{"rendered":"<p>Sorry, this entry is only available in Polish. For the sake of viewer convenience, the content is shown below in the alternative language. You may click the link to switch the active language.LKT Wycz\u00f3\u0142 Go\u015bcieradz to nie tylko motocykle i samochody ale r\u00f3wnie\u017c ka\u017cda forma turystyki, kt\u00f3ra pozwala odpocz\u0105\u0107 w otoczeniu przyrody. Tym razem wspomnieniami&#8230;<\/p>\n","protected":false},"author":4,"featured_media":4032,"comment_status":"closed","ping_status":"open","sticky":false,"template":"","format":"gallery","meta":[],"categories":[1],"tags":[],"yoast_head":"<!-- This site is optimized with the Yoast SEO plugin v15.2.1 - https:\/\/yoast.com\/wordpress\/plugins\/seo\/ -->\n<title>Covidowe zawirowania 2020. Rejs pod \u017caglami na Ba\u0142tyku - LKT Wycz\u00f3\u0142 Go\u015bcieradz Polska<\/title>\n<meta name=\"robots\" content=\"index, follow, max-snippet:-1, max-image-preview:large, max-video-preview:-1\" \/>\n<link rel=\"canonical\" href=\"https:\/\/www.lktwg.com\/en\/covidowe-zawirowania-2020-rejs-pod-zaglami-na-baltyku\/\" \/>\n<meta property=\"og:locale\" content=\"en_US\" \/>\n<meta property=\"og:type\" content=\"article\" \/>\n<meta property=\"og:title\" content=\"Covidowe zawirowania 2020. Rejs pod \u017caglami na Ba\u0142tyku - LKT Wycz\u00f3\u0142 Go\u015bcieradz Polska\" \/>\n<meta property=\"og:description\" content=\"Sorry, this entry is only available in Polish. For the sake of viewer convenience, the content is shown below in the alternative language. You may click the link to switch the active language.LKT Wycz\u00f3\u0142 Go\u015bcieradz to nie tylko motocykle i samochody ale r\u00f3wnie\u017c ka\u017cda forma turystyki, kt\u00f3ra pozwala odpocz\u0105\u0107 w otoczeniu przyrody. Tym razem wspomnieniami...\" \/>\n<meta property=\"og:url\" content=\"https:\/\/www.lktwg.com\/en\/covidowe-zawirowania-2020-rejs-pod-zaglami-na-baltyku\/\" \/>\n<meta property=\"og:site_name\" content=\"LKT Wycz\u00f3\u0142 Go\u015bcieradz Polska\" \/>\n<meta property=\"article:publisher\" content=\"https:\/\/www.facebook.com\/lktwyczol\/\" \/>\n<meta property=\"article:published_time\" content=\"2020-07-29T20:33:32+00:00\" \/>\n<meta name=\"twitter:card\" content=\"summary\" \/>\n<meta name=\"twitter:image\" content=\"https:\/\/www.lktwg.com\/wp-content\/uploads\/2020\/07\/LKT-na-Ba\u0142tyku.jpg\" \/>\n<meta name=\"twitter:label1\" content=\"Written by\">\n\t<meta name=\"twitter:data1\" content=\"Szymon Krupa\">\n\t<meta name=\"twitter:label2\" content=\"Est. reading time\">\n\t<meta name=\"twitter:data2\" content=\"4 minutes\">\n<script type=\"application\/ld+json\" class=\"yoast-schema-graph\">{\"@context\":\"https:\/\/schema.org\",\"@graph\":[{\"@type\":\"WebSite\",\"@id\":\"https:\/\/www.lktwg.com\/en\/#website\",\"url\":\"https:\/\/www.lktwg.com\/en\/\",\"name\":\"LKT Wycz\\u00f3\\u0142 Go\\u015bcieradz Polska\",\"description\":\"Ludowy Klub Turystyczny\",\"potentialAction\":[{\"@type\":\"SearchAction\",\"target\":\"https:\/\/www.lktwg.com\/en\/?s={search_term_string}\",\"query-input\":\"required name=search_term_string\"}],\"inLanguage\":\"en-US\"},{\"@type\":\"ImageObject\",\"@id\":\"https:\/\/www.lktwg.com\/en\/covidowe-zawirowania-2020-rejs-pod-zaglami-na-baltyku\/#primaryimage\",\"inLanguage\":\"en-US\",\"url\":\"https:\/\/www.lktwg.com\/wp-content\/uploads\/2020\/07\/LKT-na-Ba\\u0142tyku.jpg\",\"width\":768,\"height\":1024},{\"@type\":\"WebPage\",\"@id\":\"https:\/\/www.lktwg.com\/en\/covidowe-zawirowania-2020-rejs-pod-zaglami-na-baltyku\/#webpage\",\"url\":\"https:\/\/www.lktwg.com\/en\/covidowe-zawirowania-2020-rejs-pod-zaglami-na-baltyku\/\",\"name\":\"Covidowe zawirowania 2020. Rejs pod \\u017caglami na Ba\\u0142tyku - LKT Wycz\\u00f3\\u0142 Go\\u015bcieradz Polska\",\"isPartOf\":{\"@id\":\"https:\/\/www.lktwg.com\/en\/#website\"},\"primaryImageOfPage\":{\"@id\":\"https:\/\/www.lktwg.com\/en\/covidowe-zawirowania-2020-rejs-pod-zaglami-na-baltyku\/#primaryimage\"},\"datePublished\":\"2020-07-29T20:33:32+00:00\",\"dateModified\":\"2020-07-29T20:33:32+00:00\",\"author\":{\"@id\":\"https:\/\/www.lktwg.com\/en\/#\/schema\/person\/6bdf16306d63f6890497ce5c248c00ab\"},\"inLanguage\":\"en-US\",\"potentialAction\":[{\"@type\":\"ReadAction\",\"target\":[\"https:\/\/www.lktwg.com\/en\/covidowe-zawirowania-2020-rejs-pod-zaglami-na-baltyku\/\"]}]},{\"@type\":\"Person\",\"@id\":\"https:\/\/www.lktwg.com\/en\/#\/schema\/person\/6bdf16306d63f6890497ce5c248c00ab\",\"name\":\"Szymon Krupa\",\"image\":{\"@type\":\"ImageObject\",\"@id\":\"https:\/\/www.lktwg.com\/en\/#personlogo\",\"inLanguage\":\"en-US\",\"url\":\"https:\/\/secure.gravatar.com\/avatar\/c0e2b7c0f015fe0d6c14ac0951d89111?s=96&d=mm&r=g\",\"caption\":\"Szymon Krupa\"}}]}<\/script>\n<!-- \/ Yoast SEO plugin. -->","_links":{"self":[{"href":"https:\/\/www.lktwg.com\/en\/wp-json\/wp\/v2\/posts\/4049"}],"collection":[{"href":"https:\/\/www.lktwg.com\/en\/wp-json\/wp\/v2\/posts"}],"about":[{"href":"https:\/\/www.lktwg.com\/en\/wp-json\/wp\/v2\/types\/post"}],"author":[{"embeddable":true,"href":"https:\/\/www.lktwg.com\/en\/wp-json\/wp\/v2\/users\/4"}],"replies":[{"embeddable":true,"href":"https:\/\/www.lktwg.com\/en\/wp-json\/wp\/v2\/comments?post=4049"}],"version-history":[{"count":1,"href":"https:\/\/www.lktwg.com\/en\/wp-json\/wp\/v2\/posts\/4049\/revisions"}],"predecessor-version":[{"id":4050,"href":"https:\/\/www.lktwg.com\/en\/wp-json\/wp\/v2\/posts\/4049\/revisions\/4050"}],"wp:featuredmedia":[{"embeddable":true,"href":"https:\/\/www.lktwg.com\/en\/wp-json\/wp\/v2\/media\/4032"}],"wp:attachment":[{"href":"https:\/\/www.lktwg.com\/en\/wp-json\/wp\/v2\/media?parent=4049"}],"wp:term":[{"taxonomy":"category","embeddable":true,"href":"https:\/\/www.lktwg.com\/en\/wp-json\/wp\/v2\/categories?post=4049"},{"taxonomy":"post_tag","embeddable":true,"href":"https:\/\/www.lktwg.com\/en\/wp-json\/wp\/v2\/tags?post=4049"}],"curies":[{"name":"wp","href":"https:\/\/api.w.org\/{rel}","templated":true}]}}