{"id":3857,"date":"2019-10-25T21:52:53","date_gmt":"2019-10-25T19:52:53","guid":{"rendered":"http:\/\/www.lktwg.com\/?p=3857"},"modified":"2019-10-25T21:52:53","modified_gmt":"2019-10-25T19:52:53","slug":"final-strefy-polnocnej-w-motocrossie","status":"publish","type":"post","link":"https:\/\/www.lktwg.com\/en\/final-strefy-polnocnej-w-motocrossie\/","title":{"rendered":"Fina\u0142 Strefy P\u00f3\u0142nocnej w Motocrossie"},"content":{"rendered":"<p class=\"qtranxs-available-languages-message qtranxs-available-languages-message-en\">Sorry, this entry is only available in <a href=\"https:\/\/www.lktwg.com\/pl\/wp-json\/wp\/v2\/posts\/3857\" class=\"qtranxs-available-language-link qtranxs-available-language-link-pl\" title=\"Polski\">Polish<\/a>. For the sake of viewer convenience, the content is shown below in the alternative language. You may click the link to switch the active language.<\/p><style type=\"text\/css\"><\/style><p>W minion\u0105 niedziel\u0119 na torze Plebanka w Wi\u0119cborku zosta\u0142a rozegrana ostatnia runda Mistrzostw Strefy P\u00f3\u0142nocnej w motocrossie. Gospodarzem wydarzenia by\u0142 WKM Wi\u0119cbork. Jednocze\u015bnie by\u0142a to r\u00f3wnie\u017c 3 runda Mistrzostw Okr\u0119gu PZM w Bydgoszczy i finalnie zostali wy\u0142onieni mistrzowie w 9 klasach.<br \/>\nW\u015br\u00f3d zawodnik\u00f3w mieli\u015bmy reprezentant\u00f3w Wycz\u00f3\u0142a. W klasie MX85 Adam Santus uplasowa\u0142 si\u0119 na 36 miejscu, a jego starszy brat Jan zaj\u0105\u0142 19 miejsce w klasie Junior. Obaj zawodnicy LKT w tym roku skupili si\u0119 na startach w Mistrzostwach Polski. Piotr Santus w MSP w klasie master zako\u0144czy\u0142 sezon na 34 miejscu.<br \/>\n\u015awietny wynik osi\u0105gn\u0105\u0142 w klasie MX2C Przemek Rossa, kt\u00f3ry z dorobkiem 378 punkt\u00f3w zosta\u0142 sklasyfikowany na 9 pozycji, co w por\u00f3wnaniu z sezonem 2018r oznacza awans o dwa oczka klasyfikacji generalnej.<br \/>\n-Sezon Mistrzostw Polski Strefy P\u00f2\u0142nocnej oficjalnie zako\u0144czony.W minion\u0105 niedziel\u0119 zako\u0144czyli\u015bmy \u015bciganie na fina\u0142owej rundzie w Wi\u0119cborku. To by\u0142 d\u0142ugi sezon ci\u0119\u017ckiej pracy. Ju\u017c drugi rok z rz\u0119du uda\u0142o mi si\u0119 szcz\u0119\u015bliwie wzi\u0105\u0107 udzia\u0142 w ka\u017cdej rundzie i uko\u0144czy\u0107 je szcz\u0119\u015bliwie. Mimo wzlot\u00f3w i upadk\u00f3w w ci\u0105gu tego sezonu z wyniku jestem mega zadowolony. Sezon ko\u0144cz\u0119 z 9 tym miejscem na 68 sklasyfikowanych zawodnik\u00f3w w Mistrzostwach Polski Strefy P\u00f3\u0142nocnej MX2C oraz z tytu\u0142em Drugiego Vice Mistrza Okr\u0119gu Bydgoskiego. Jest to dla mnie pierwszy wi\u0119kszy sukces kt\u00f3ry zdecydowanie motywuje mnie do walki w kolejnym sezonie jeszcze bardziej- powiedzia\u0142 Przemek Rossa.<\/p>\n<p>Dzi\u0119kujemy za naszym zawodnikom za sezon walki w Mistrzostwach Strefy P\u00f3\u0142nocnej w Motocrossie!<\/p>\n<p>For. Nuka Nuka Paulina Stasiak oraz Bogi M &#038; Model Mx<\/p>","protected":false},"excerpt":{"rendered":"<p>Sorry, this entry is only available in Polish. For the sake of viewer convenience, the content is shown below in the alternative language. You may click the link to switch the active language.W minion\u0105 niedziel\u0119 na torze Plebanka w Wi\u0119cborku zosta\u0142a rozegrana ostatnia runda Mistrzostw Strefy P\u00f3\u0142nocnej w motocrossie. Gospodarzem wydarzenia by\u0142 WKM Wi\u0119cbork. Jednocze\u015bnie&#8230;<\/p>\n","protected":false},"author":4,"featured_media":3852,"comment_status":"closed","ping_status":"open","sticky":false,"template":"","format":"gallery","meta":[],"categories":[12,14],"tags":[],"yoast_head":"<!-- This site is optimized with the Yoast SEO plugin v15.2.1 - https:\/\/yoast.com\/wordpress\/plugins\/seo\/ -->\n<title>Fina\u0142 Strefy P\u00f3\u0142nocnej w Motocrossie - LKT Wycz\u00f3\u0142 Go\u015bcieradz Polska<\/title>\n<meta name=\"description\" content=\"Wyniki zawodnik\u00f3w LKT Wycz\u00f3\u0142 Go\u015bcieradz w motocrossie\" \/>\n<meta name=\"robots\" content=\"index, follow, max-snippet:-1, max-image-preview:large, max-video-preview:-1\" \/>\n<link rel=\"canonical\" href=\"https:\/\/www.lktwg.com\/en\/final-strefy-polnocnej-w-motocrossie\/\" \/>\n<meta property=\"og:locale\" content=\"en_US\" \/>\n<meta property=\"og:type\" content=\"article\" \/>\n<meta property=\"og:title\" content=\"Fina\u0142 Strefy P\u00f3\u0142nocnej w Motocrossie - LKT Wycz\u00f3\u0142 Go\u015bcieradz Polska\" \/>\n<meta property=\"og:description\" content=\"Wyniki zawodnik\u00f3w LKT Wycz\u00f3\u0142 Go\u015bcieradz w motocrossie\" \/>\n<meta property=\"og:url\" content=\"https:\/\/www.lktwg.com\/en\/final-strefy-polnocnej-w-motocrossie\/\" \/>\n<meta property=\"og:site_name\" content=\"LKT Wycz\u00f3\u0142 Go\u015bcieradz Polska\" \/>\n<meta property=\"article:publisher\" content=\"https:\/\/www.facebook.com\/lktwyczol\/\" \/>\n<meta property=\"article:published_time\" content=\"2019-10-25T19:52:53+00:00\" \/>\n<meta name=\"twitter:card\" content=\"summary\" \/>\n<meta name=\"twitter:image\" content=\"https:\/\/www.lktwg.com\/wp-content\/uploads\/2019\/10\/46104253_2742527195764820_379651035674705920_o.jpg\" \/>\n<meta name=\"twitter:label1\" content=\"Written by\">\n\t<meta name=\"twitter:data1\" content=\"Szymon Krupa\">\n\t<meta name=\"twitter:label2\" content=\"Est. reading time\">\n\t<meta name=\"twitter:data2\" content=\"1 minute\">\n<script type=\"application\/ld+json\" class=\"yoast-schema-graph\">{\"@context\":\"https:\/\/schema.org\",\"@graph\":[{\"@type\":\"WebSite\",\"@id\":\"https:\/\/www.lktwg.com\/en\/#website\",\"url\":\"https:\/\/www.lktwg.com\/en\/\",\"name\":\"LKT Wycz\\u00f3\\u0142 Go\\u015bcieradz Polska\",\"description\":\"Ludowy Klub Turystyczny\",\"potentialAction\":[{\"@type\":\"SearchAction\",\"target\":\"https:\/\/www.lktwg.com\/en\/?s={search_term_string}\",\"query-input\":\"required name=search_term_string\"}],\"inLanguage\":\"en-US\"},{\"@type\":\"ImageObject\",\"@id\":\"https:\/\/www.lktwg.com\/en\/final-strefy-polnocnej-w-motocrossie\/#primaryimage\",\"inLanguage\":\"en-US\",\"url\":\"https:\/\/www.lktwg.com\/wp-content\/uploads\/2019\/10\/46104253_2742527195764820_379651035674705920_o.jpg\",\"width\":1600,\"height\":1490},{\"@type\":\"WebPage\",\"@id\":\"https:\/\/www.lktwg.com\/en\/final-strefy-polnocnej-w-motocrossie\/#webpage\",\"url\":\"https:\/\/www.lktwg.com\/en\/final-strefy-polnocnej-w-motocrossie\/\",\"name\":\"Fina\\u0142 Strefy P\\u00f3\\u0142nocnej w Motocrossie - LKT Wycz\\u00f3\\u0142 Go\\u015bcieradz Polska\",\"isPartOf\":{\"@id\":\"https:\/\/www.lktwg.com\/en\/#website\"},\"primaryImageOfPage\":{\"@id\":\"https:\/\/www.lktwg.com\/en\/final-strefy-polnocnej-w-motocrossie\/#primaryimage\"},\"datePublished\":\"2019-10-25T19:52:53+00:00\",\"dateModified\":\"2019-10-25T19:52:53+00:00\",\"author\":{\"@id\":\"https:\/\/www.lktwg.com\/en\/#\/schema\/person\/6bdf16306d63f6890497ce5c248c00ab\"},\"description\":\"Wyniki zawodnik\\u00f3w LKT Wycz\\u00f3\\u0142 Go\\u015bcieradz w motocrossie\",\"inLanguage\":\"en-US\",\"potentialAction\":[{\"@type\":\"ReadAction\",\"target\":[\"https:\/\/www.lktwg.com\/en\/final-strefy-polnocnej-w-motocrossie\/\"]}]},{\"@type\":\"Person\",\"@id\":\"https:\/\/www.lktwg.com\/en\/#\/schema\/person\/6bdf16306d63f6890497ce5c248c00ab\",\"name\":\"Szymon Krupa\",\"image\":{\"@type\":\"ImageObject\",\"@id\":\"https:\/\/www.lktwg.com\/en\/#personlogo\",\"inLanguage\":\"en-US\",\"url\":\"https:\/\/secure.gravatar.com\/avatar\/c0e2b7c0f015fe0d6c14ac0951d89111?s=96&d=mm&r=g\",\"caption\":\"Szymon Krupa\"}}]}<\/script>\n<!-- \/ Yoast SEO plugin. -->","_links":{"self":[{"href":"https:\/\/www.lktwg.com\/en\/wp-json\/wp\/v2\/posts\/3857"}],"collection":[{"href":"https:\/\/www.lktwg.com\/en\/wp-json\/wp\/v2\/posts"}],"about":[{"href":"https:\/\/www.lktwg.com\/en\/wp-json\/wp\/v2\/types\/post"}],"author":[{"embeddable":true,"href":"https:\/\/www.lktwg.com\/en\/wp-json\/wp\/v2\/users\/4"}],"replies":[{"embeddable":true,"href":"https:\/\/www.lktwg.com\/en\/wp-json\/wp\/v2\/comments?post=3857"}],"version-history":[{"count":1,"href":"https:\/\/www.lktwg.com\/en\/wp-json\/wp\/v2\/posts\/3857\/revisions"}],"predecessor-version":[{"id":3858,"href":"https:\/\/www.lktwg.com\/en\/wp-json\/wp\/v2\/posts\/3857\/revisions\/3858"}],"wp:featuredmedia":[{"embeddable":true,"href":"https:\/\/www.lktwg.com\/en\/wp-json\/wp\/v2\/media\/3852"}],"wp:attachment":[{"href":"https:\/\/www.lktwg.com\/en\/wp-json\/wp\/v2\/media?parent=3857"}],"wp:term":[{"taxonomy":"category","embeddable":true,"href":"https:\/\/www.lktwg.com\/en\/wp-json\/wp\/v2\/categories?post=3857"},{"taxonomy":"post_tag","embeddable":true,"href":"https:\/\/www.lktwg.com\/en\/wp-json\/wp\/v2\/tags?post=3857"}],"curies":[{"name":"wp","href":"https:\/\/api.w.org\/{rel}","templated":true}]}}