{"id":3624,"date":"2019-05-07T20:45:25","date_gmt":"2019-05-07T18:45:25","guid":{"rendered":"http:\/\/www.lktwg.com\/?p=3624"},"modified":"2019-05-07T20:45:26","modified_gmt":"2019-05-07T18:45:26","slug":"motocrossowcy-rozpoczeli-sezon","status":"publish","type":"post","link":"https:\/\/www.lktwg.com\/en\/motocrossowcy-rozpoczeli-sezon\/","title":{"rendered":"Motocrossowcy rozpocz\u0119li sezon."},"content":{"rendered":"<style type=\"text\/css\"><\/style><p>Tegoroczne zmagania Strefy P\u00f3\u0142nocnej w Motocrossie rozpocz\u0119te. Inauguracyjne zawody zosta\u0142y rozegrane w Mr\u0105gowie, gdzie Tomasz Pi\u00f3rkowski wraz z ekip\u0105 klubu Mr\u0105gowskie Stowarzyszenie M\u0142odzie\u017cy MSM przygotowali \u015bwietne wydarzenie, kt\u00f3re przyci\u0105gn\u0119\u0142o 151 motocyklist\u00f3w na tor przy ulicy Przemys\u0142owej. W klasie MX85 wystartowa\u0142 Adam Santus, ale defekt motocykla zniweczy\u0142 jego plany na dobre miejsce w dw\u00f3ch wy\u015bcigach. Jan Santus na motocyklu Yamaha YZ125 reprezentowa\u0142 Wycz\u00f3\u0142a w klasie Junior i zdecydowanie mr\u0105gowski tor przypad\u0142 naszemu zawodnikowi do gustu. Bardzo dobra i szybka jazda zapewni\u0142a Jasiowi 5 miejsce w ka\u017cdym wy\u015bcigu oraz takie samo w klasyfikacji zawod\u00f3w. Nale\u017cy podkre\u015bli\u0107, \u017ce pierwsze zawody Strefy P\u00f3\u0142nocnej by\u0142y dla naszych junior\u00f3w sprawdzianem przed startem w Mistrzostwach Polski.<br \/>\nW klasie MX Master wystartowa\u0142 Piotr Santus zdobywaj\u0105c 17 lokat\u0119.<br \/>\nW najliczniej obsadzonej klasie MX2C na 28 pozycji zameldowa\u0142 si\u0119 Przemek Rossa, kt\u00f3ry w pojedynk\u0119 reprezentowa\u0142 nasz klub na zawodach 3 maja w Kwidzynie, gdzie zosta\u0142a rozegrana II runda MSP MX. Tym razem nasz zawodnik zaj\u0105\u0142 22 miejsce w klasyfikacji generalnej klasy MX2C.<br \/>\nKolejna runda Strefy P\u00f3\u0142nocnej ju\u017c za tydzie\u0144 w Olecku. Trzymajcie kciuki, bo b\u0119dzie to runda po\u0142\u0105czona z Pucharem Polski w Motocrossie.<\/p>\n<p>Fot. Bogi M &amp; Model Mx jak zawsze dobra robota!<\/p>\n","protected":false},"excerpt":{"rendered":"<p>Tegoroczne zmagania Strefy P\u00f3\u0142nocnej w Motocrossie rozpocz\u0119te. Inauguracyjne zawody zosta\u0142y rozegrane w Mr\u0105gowie, gdzie Tomasz Pi\u00f3rkowski wraz z ekip\u0105 klubu Mr\u0105gowskie Stowarzyszenie M\u0142odzie\u017cy MSM przygotowali \u015bwietne wydarzenie, kt\u00f3re przyci\u0105gn\u0119\u0142o 151 motocyklist\u00f3w na tor przy ulicy Przemys\u0142owej. W klasie MX85 wystartowa\u0142 Adam Santus, ale defekt motocykla zniweczy\u0142 jego plany na dobre miejsce w dw\u00f3ch wy\u015bcigach. Jan&#8230;<\/p>\n","protected":false},"author":4,"featured_media":3608,"comment_status":"closed","ping_status":"open","sticky":false,"template":"","format":"gallery","meta":[],"categories":[1],"tags":[],"yoast_head":"<!-- This site is optimized with the Yoast SEO plugin v15.2.1 - https:\/\/yoast.com\/wordpress\/plugins\/seo\/ -->\n<title>Motocrossowcy rozpocz\u0119li sezon. - LKT Wycz\u00f3\u0142 Go\u015bcieradz Polska<\/title>\n<meta name=\"robots\" content=\"index, follow, max-snippet:-1, max-image-preview:large, max-video-preview:-1\" \/>\n<link rel=\"canonical\" href=\"https:\/\/www.lktwg.com\/en\/motocrossowcy-rozpoczeli-sezon\/\" \/>\n<meta property=\"og:locale\" content=\"en_US\" \/>\n<meta property=\"og:type\" content=\"article\" \/>\n<meta property=\"og:title\" content=\"Motocrossowcy rozpocz\u0119li sezon. - LKT Wycz\u00f3\u0142 Go\u015bcieradz Polska\" \/>\n<meta property=\"og:description\" content=\"Tegoroczne zmagania Strefy P\u00f3\u0142nocnej w Motocrossie rozpocz\u0119te. Inauguracyjne zawody zosta\u0142y rozegrane w Mr\u0105gowie, gdzie Tomasz Pi\u00f3rkowski wraz z ekip\u0105 klubu Mr\u0105gowskie Stowarzyszenie M\u0142odzie\u017cy MSM przygotowali \u015bwietne wydarzenie, kt\u00f3re przyci\u0105gn\u0119\u0142o 151 motocyklist\u00f3w na tor przy ulicy Przemys\u0142owej. W klasie MX85 wystartowa\u0142 Adam Santus, ale defekt motocykla zniweczy\u0142 jego plany na dobre miejsce w dw\u00f3ch wy\u015bcigach. Jan...\" \/>\n<meta property=\"og:url\" content=\"https:\/\/www.lktwg.com\/en\/motocrossowcy-rozpoczeli-sezon\/\" \/>\n<meta property=\"og:site_name\" content=\"LKT Wycz\u00f3\u0142 Go\u015bcieradz Polska\" \/>\n<meta property=\"article:publisher\" content=\"https:\/\/www.facebook.com\/lktwyczol\/\" \/>\n<meta property=\"article:published_time\" content=\"2019-05-07T18:45:25+00:00\" \/>\n<meta property=\"article:modified_time\" content=\"2019-05-07T18:45:26+00:00\" \/>\n<meta property=\"og:image\" content=\"https:\/\/www.lktwg.com\/wp-content\/uploads\/2019\/05\/DSC_6564.jpg\" \/>\n\t<meta property=\"og:image:width\" content=\"1200\" \/>\n\t<meta property=\"og:image:height\" content=\"877\" \/>\n<meta name=\"twitter:card\" content=\"summary\" \/>\n<meta name=\"twitter:label1\" content=\"Written by\">\n\t<meta name=\"twitter:data1\" content=\"Szymon Krupa\">\n\t<meta name=\"twitter:label2\" content=\"Est. reading time\">\n\t<meta name=\"twitter:data2\" content=\"1 minute\">\n<script type=\"application\/ld+json\" class=\"yoast-schema-graph\">{\"@context\":\"https:\/\/schema.org\",\"@graph\":[{\"@type\":\"WebSite\",\"@id\":\"https:\/\/www.lktwg.com\/en\/#website\",\"url\":\"https:\/\/www.lktwg.com\/en\/\",\"name\":\"LKT Wycz\\u00f3\\u0142 Go\\u015bcieradz Polska\",\"description\":\"Ludowy Klub Turystyczny\",\"potentialAction\":[{\"@type\":\"SearchAction\",\"target\":\"https:\/\/www.lktwg.com\/en\/?s={search_term_string}\",\"query-input\":\"required name=search_term_string\"}],\"inLanguage\":\"en-US\"},{\"@type\":\"ImageObject\",\"@id\":\"https:\/\/www.lktwg.com\/en\/motocrossowcy-rozpoczeli-sezon\/#primaryimage\",\"inLanguage\":\"en-US\",\"url\":\"https:\/\/www.lktwg.com\/wp-content\/uploads\/2019\/05\/DSC_6564.jpg\",\"width\":1200,\"height\":877},{\"@type\":\"WebPage\",\"@id\":\"https:\/\/www.lktwg.com\/en\/motocrossowcy-rozpoczeli-sezon\/#webpage\",\"url\":\"https:\/\/www.lktwg.com\/en\/motocrossowcy-rozpoczeli-sezon\/\",\"name\":\"Motocrossowcy rozpocz\\u0119li sezon. - LKT Wycz\\u00f3\\u0142 Go\\u015bcieradz Polska\",\"isPartOf\":{\"@id\":\"https:\/\/www.lktwg.com\/en\/#website\"},\"primaryImageOfPage\":{\"@id\":\"https:\/\/www.lktwg.com\/en\/motocrossowcy-rozpoczeli-sezon\/#primaryimage\"},\"datePublished\":\"2019-05-07T18:45:25+00:00\",\"dateModified\":\"2019-05-07T18:45:26+00:00\",\"author\":{\"@id\":\"https:\/\/www.lktwg.com\/en\/#\/schema\/person\/6bdf16306d63f6890497ce5c248c00ab\"},\"inLanguage\":\"en-US\",\"potentialAction\":[{\"@type\":\"ReadAction\",\"target\":[\"https:\/\/www.lktwg.com\/en\/motocrossowcy-rozpoczeli-sezon\/\"]}]},{\"@type\":\"Person\",\"@id\":\"https:\/\/www.lktwg.com\/en\/#\/schema\/person\/6bdf16306d63f6890497ce5c248c00ab\",\"name\":\"Szymon Krupa\",\"image\":{\"@type\":\"ImageObject\",\"@id\":\"https:\/\/www.lktwg.com\/en\/#personlogo\",\"inLanguage\":\"en-US\",\"url\":\"https:\/\/secure.gravatar.com\/avatar\/c0e2b7c0f015fe0d6c14ac0951d89111?s=96&d=mm&r=g\",\"caption\":\"Szymon Krupa\"}}]}<\/script>\n<!-- \/ Yoast SEO plugin. -->","_links":{"self":[{"href":"https:\/\/www.lktwg.com\/en\/wp-json\/wp\/v2\/posts\/3624"}],"collection":[{"href":"https:\/\/www.lktwg.com\/en\/wp-json\/wp\/v2\/posts"}],"about":[{"href":"https:\/\/www.lktwg.com\/en\/wp-json\/wp\/v2\/types\/post"}],"author":[{"embeddable":true,"href":"https:\/\/www.lktwg.com\/en\/wp-json\/wp\/v2\/users\/4"}],"replies":[{"embeddable":true,"href":"https:\/\/www.lktwg.com\/en\/wp-json\/wp\/v2\/comments?post=3624"}],"version-history":[{"count":1,"href":"https:\/\/www.lktwg.com\/en\/wp-json\/wp\/v2\/posts\/3624\/revisions"}],"predecessor-version":[{"id":3625,"href":"https:\/\/www.lktwg.com\/en\/wp-json\/wp\/v2\/posts\/3624\/revisions\/3625"}],"wp:featuredmedia":[{"embeddable":true,"href":"https:\/\/www.lktwg.com\/en\/wp-json\/wp\/v2\/media\/3608"}],"wp:attachment":[{"href":"https:\/\/www.lktwg.com\/en\/wp-json\/wp\/v2\/media?parent=3624"}],"wp:term":[{"taxonomy":"category","embeddable":true,"href":"https:\/\/www.lktwg.com\/en\/wp-json\/wp\/v2\/categories?post=3624"},{"taxonomy":"post_tag","embeddable":true,"href":"https:\/\/www.lktwg.com\/en\/wp-json\/wp\/v2\/tags?post=3624"}],"curies":[{"name":"wp","href":"https:\/\/api.w.org\/{rel}","templated":true}]}}