{"id":3586,"date":"2019-04-16T16:11:48","date_gmt":"2019-04-16T14:11:48","guid":{"rendered":"http:\/\/www.lktwg.com\/?p=3586"},"modified":"2019-04-16T16:11:50","modified_gmt":"2019-04-16T14:11:50","slug":"off-road-w-pelnym-sloncu","status":"publish","type":"post","link":"https:\/\/www.lktwg.com\/en\/off-road-w-pelnym-sloncu\/","title":{"rendered":"Off-road w pe\u0142nym s\u0142o\u0144cu"},"content":{"rendered":"<style type=\"text\/css\"><\/style><p>To by\u0142 intensywny weekend dla naszych motocyklist\u00f3w. W sobot\u0119 Rafa\u0142 Buza\u0142a, Pawe\u0142 Budziak oraz Maksym Szulc zameldowali si\u0119 w Che\u0142mnie, aby wystartowa\u0107 w III rundzie Mistrzostw Polski i Pucharu Polski Cross Country. Rafa\u0142 i Pawe\u0142 to zawodnicy, kt\u00f3rzy reprezentuj\u0105 barwy Wycz\u00f3\u0142a w klasie motocykli Master, a Max tradycyjnie rywalizuje w klasie Quad Open. Sobotni poranek przywita\u0142 zawodnik\u00f3w na torze przy ul. Brzoskwiniowej pi\u0119knym s\u0142o\u0144cem, ale za to z minusow\u0105 temperatur\u0105. W pierwszym wy\u015bcigu motocykli w klasie Master Pucharu Polski Rafa\u0142 Buza\u0142a zako\u0144czy rywalizacj\u0119 na bardzo dobrym 5 miejscu, a Pawe\u0142 Budziak uzyska\u0142 16 czas. Na 6 miejscu w mocnej klasie Quad Open Mistrzostw Polski dojecha\u0142 Maksym Szulc. Trzeba przyzna\u0107, \u017ce warunki na trasie by\u0142y bardzo wymagaj\u0105ce. Brak opad\u00f3w deszczu, twarda nawierzchnia i wiatr generowa\u0142y tumany kurzu ograniczaj\u0105c mocno widoczno\u015b\u0107 i mo\u017cliwo\u015b\u0107 wyprzedzania.<br \/>\nW niedziel\u0119 motocykli\u015bci LKT Wycz\u00f3\u0142 Go\u015bcieradz przenie\u015bli si\u0119 do Lidzbarka Warmi\u0144skiego, gdzie Budokop Beton\/Warmi\u0144ski Auto-Moto Klub organizowa\u0142 KTMSKLEP.pl Enduro Race 2019 &#8211; Runda 1. Jest to cykl wy\u015bcig\u00f3w w formule cross country z elementami motocrossu oraz superenduro. Trasa o d\u0142ugo\u015bci 8 kilometr\u00f3w obfitowa\u0142a w liczne w\u0105wozy, podjazdy, fragment \u0142\u0105k, las oraz kamienie, belki i opony. Rafa\u0142 Bvzala zaj\u0105\u0142 11 miejsce a Pawe\u0142 Wulf Enduro 25 w klasie Master.<br \/>\nSerdecznie gratulujemy!<\/p>\n","protected":false},"excerpt":{"rendered":"<p>To by\u0142 intensywny weekend dla naszych motocyklist\u00f3w. W sobot\u0119 Rafa\u0142 Buza\u0142a, Pawe\u0142 Budziak oraz Maksym Szulc zameldowali si\u0119 w Che\u0142mnie, aby wystartowa\u0107 w III rundzie Mistrzostw Polski i Pucharu Polski Cross Country. Rafa\u0142 i Pawe\u0142 to zawodnicy, kt\u00f3rzy reprezentuj\u0105 barwy Wycz\u00f3\u0142a w klasie motocykli Master, a Max tradycyjnie rywalizuje w klasie Quad Open. Sobotni poranek&#8230;<\/p>\n","protected":false},"author":4,"featured_media":3588,"comment_status":"closed","ping_status":"open","sticky":false,"template":"","format":"gallery","meta":[],"categories":[1],"tags":[],"yoast_head":"<!-- This site is optimized with the Yoast SEO plugin v15.2.1 - https:\/\/yoast.com\/wordpress\/plugins\/seo\/ -->\n<title>Off-road w pe\u0142nym s\u0142o\u0144cu - LKT Wycz\u00f3\u0142 Go\u015bcieradz Polska<\/title>\n<meta name=\"robots\" content=\"index, follow, max-snippet:-1, max-image-preview:large, max-video-preview:-1\" \/>\n<link rel=\"canonical\" href=\"https:\/\/www.lktwg.com\/en\/off-road-w-pelnym-sloncu\/\" \/>\n<meta property=\"og:locale\" content=\"en_US\" \/>\n<meta property=\"og:type\" content=\"article\" \/>\n<meta property=\"og:title\" content=\"Off-road w pe\u0142nym s\u0142o\u0144cu - LKT Wycz\u00f3\u0142 Go\u015bcieradz Polska\" \/>\n<meta property=\"og:description\" content=\"To by\u0142 intensywny weekend dla naszych motocyklist\u00f3w. W sobot\u0119 Rafa\u0142 Buza\u0142a, Pawe\u0142 Budziak oraz Maksym Szulc zameldowali si\u0119 w Che\u0142mnie, aby wystartowa\u0107 w III rundzie Mistrzostw Polski i Pucharu Polski Cross Country. Rafa\u0142 i Pawe\u0142 to zawodnicy, kt\u00f3rzy reprezentuj\u0105 barwy Wycz\u00f3\u0142a w klasie motocykli Master, a Max tradycyjnie rywalizuje w klasie Quad Open. Sobotni poranek...\" \/>\n<meta property=\"og:url\" content=\"https:\/\/www.lktwg.com\/en\/off-road-w-pelnym-sloncu\/\" \/>\n<meta property=\"og:site_name\" content=\"LKT Wycz\u00f3\u0142 Go\u015bcieradz Polska\" \/>\n<meta property=\"article:publisher\" content=\"https:\/\/www.facebook.com\/lktwyczol\/\" \/>\n<meta property=\"article:published_time\" content=\"2019-04-16T14:11:48+00:00\" \/>\n<meta property=\"article:modified_time\" content=\"2019-04-16T14:11:50+00:00\" \/>\n<meta property=\"og:image\" content=\"https:\/\/www.lktwg.com\/wp-content\/uploads\/2019\/04\/57331440_870569523288173_4547292930968125440_o.jpg\" \/>\n\t<meta property=\"og:image:width\" content=\"1200\" \/>\n\t<meta property=\"og:image:height\" content=\"800\" \/>\n<meta name=\"twitter:card\" content=\"summary\" \/>\n<meta name=\"twitter:label1\" content=\"Written by\">\n\t<meta name=\"twitter:data1\" content=\"Szymon Krupa\">\n\t<meta name=\"twitter:label2\" content=\"Est. reading time\">\n\t<meta name=\"twitter:data2\" content=\"1 minute\">\n<script type=\"application\/ld+json\" class=\"yoast-schema-graph\">{\"@context\":\"https:\/\/schema.org\",\"@graph\":[{\"@type\":\"WebSite\",\"@id\":\"https:\/\/www.lktwg.com\/en\/#website\",\"url\":\"https:\/\/www.lktwg.com\/en\/\",\"name\":\"LKT Wycz\\u00f3\\u0142 Go\\u015bcieradz Polska\",\"description\":\"Ludowy Klub Turystyczny\",\"potentialAction\":[{\"@type\":\"SearchAction\",\"target\":\"https:\/\/www.lktwg.com\/en\/?s={search_term_string}\",\"query-input\":\"required name=search_term_string\"}],\"inLanguage\":\"en-US\"},{\"@type\":\"ImageObject\",\"@id\":\"https:\/\/www.lktwg.com\/en\/off-road-w-pelnym-sloncu\/#primaryimage\",\"inLanguage\":\"en-US\",\"url\":\"https:\/\/www.lktwg.com\/wp-content\/uploads\/2019\/04\/57331440_870569523288173_4547292930968125440_o.jpg\",\"width\":1200,\"height\":800},{\"@type\":\"WebPage\",\"@id\":\"https:\/\/www.lktwg.com\/en\/off-road-w-pelnym-sloncu\/#webpage\",\"url\":\"https:\/\/www.lktwg.com\/en\/off-road-w-pelnym-sloncu\/\",\"name\":\"Off-road w pe\\u0142nym s\\u0142o\\u0144cu - LKT Wycz\\u00f3\\u0142 Go\\u015bcieradz Polska\",\"isPartOf\":{\"@id\":\"https:\/\/www.lktwg.com\/en\/#website\"},\"primaryImageOfPage\":{\"@id\":\"https:\/\/www.lktwg.com\/en\/off-road-w-pelnym-sloncu\/#primaryimage\"},\"datePublished\":\"2019-04-16T14:11:48+00:00\",\"dateModified\":\"2019-04-16T14:11:50+00:00\",\"author\":{\"@id\":\"https:\/\/www.lktwg.com\/en\/#\/schema\/person\/6bdf16306d63f6890497ce5c248c00ab\"},\"inLanguage\":\"en-US\",\"potentialAction\":[{\"@type\":\"ReadAction\",\"target\":[\"https:\/\/www.lktwg.com\/en\/off-road-w-pelnym-sloncu\/\"]}]},{\"@type\":\"Person\",\"@id\":\"https:\/\/www.lktwg.com\/en\/#\/schema\/person\/6bdf16306d63f6890497ce5c248c00ab\",\"name\":\"Szymon Krupa\",\"image\":{\"@type\":\"ImageObject\",\"@id\":\"https:\/\/www.lktwg.com\/en\/#personlogo\",\"inLanguage\":\"en-US\",\"url\":\"https:\/\/secure.gravatar.com\/avatar\/c0e2b7c0f015fe0d6c14ac0951d89111?s=96&d=mm&r=g\",\"caption\":\"Szymon Krupa\"}}]}<\/script>\n<!-- \/ Yoast SEO plugin. -->","_links":{"self":[{"href":"https:\/\/www.lktwg.com\/en\/wp-json\/wp\/v2\/posts\/3586"}],"collection":[{"href":"https:\/\/www.lktwg.com\/en\/wp-json\/wp\/v2\/posts"}],"about":[{"href":"https:\/\/www.lktwg.com\/en\/wp-json\/wp\/v2\/types\/post"}],"author":[{"embeddable":true,"href":"https:\/\/www.lktwg.com\/en\/wp-json\/wp\/v2\/users\/4"}],"replies":[{"embeddable":true,"href":"https:\/\/www.lktwg.com\/en\/wp-json\/wp\/v2\/comments?post=3586"}],"version-history":[{"count":1,"href":"https:\/\/www.lktwg.com\/en\/wp-json\/wp\/v2\/posts\/3586\/revisions"}],"predecessor-version":[{"id":3589,"href":"https:\/\/www.lktwg.com\/en\/wp-json\/wp\/v2\/posts\/3586\/revisions\/3589"}],"wp:featuredmedia":[{"embeddable":true,"href":"https:\/\/www.lktwg.com\/en\/wp-json\/wp\/v2\/media\/3588"}],"wp:attachment":[{"href":"https:\/\/www.lktwg.com\/en\/wp-json\/wp\/v2\/media?parent=3586"}],"wp:term":[{"taxonomy":"category","embeddable":true,"href":"https:\/\/www.lktwg.com\/en\/wp-json\/wp\/v2\/categories?post=3586"},{"taxonomy":"post_tag","embeddable":true,"href":"https:\/\/www.lktwg.com\/en\/wp-json\/wp\/v2\/tags?post=3586"}],"curies":[{"name":"wp","href":"https:\/\/api.w.org\/{rel}","templated":true}]}}