{"id":3579,"date":"2019-04-09T06:46:55","date_gmt":"2019-04-09T04:46:55","guid":{"rendered":"http:\/\/www.lktwg.com\/?p=3579"},"modified":"2019-04-09T06:46:57","modified_gmt":"2019-04-09T04:46:57","slug":"rallycross-w-slomczynie","status":"publish","type":"post","link":"https:\/\/www.lktwg.com\/en\/rallycross-w-slomczynie\/","title":{"rendered":"Rallycross w S\u0142omczynie"},"content":{"rendered":"<style type=\"text\/css\"><\/style><p>W miniony weekend w S\u0142omczynie by\u0142o naprawd\u0119 gor\u0105co i to nie tylko ze wzgl\u0119du na wiosenn\u0105 pogod\u0119. W zawodach wystartowa\u0142 nasz klubowicz Marcin Gagacki. O tym co dzia\u0142o si\u0119 podczas I rundy Mistrzostw Polski Rallycross mo\u017cecie zobaczy\u0107 w filmie:<\/p>\n<div id=\"fb-root\"><\/div>\n<p><script async=\"1\" defer=\"1\" crossorigin=\"anonymous\" src=\"https:\/\/connect.facebook.net\/fr_FR\/sdk.js#xfbml=1&amp;version=v3.2\"><\/script><\/p>\n<div class=\"fb-video\" data-href=\"https:\/\/www.facebook.com\/poland.rallycross\/videos\/567750247048889\/\" data-width=\"500\">\n<blockquote cite=\"https:\/\/www.facebook.com\/poland.rallycross\/videos\/567750247048889\/\" class=\"fb-xfbml-parse-ignore\"><p><a href=\"https:\/\/www.facebook.com\/poland.rallycross\/videos\/567750247048889\/\">S\u0142omczyn \u2013 fina\u0142y w pigu\u0142ce \u2013 1. runda Oponeo MPRC 2019<\/a><\/p>\n<p>Fina\u0142y w S\u0142omczynie a\u017c ci\u0119\u017cko opisa\u0107 s\u0142owami. Niespodziewany zwyci\u0119zca, kraksa faworyt\u00f3w, walka ko\u0142o w ko\u0142o w ka\u017cdym zakr\u0119cie. Najlepiej b\u0119dzie je\u015bli sami sprawdzicie jak to wygl\u0105da\u0142o! #RX #rallycross #MPRC #s\u0142omczyn #oponeo #mistrzostwapolski #motorsport<\/p>\n<p>Publi\u00e9e par <a href=\"https:\/\/www.facebook.com\/poland.rallycross\/\">Rallycross<\/a> sur Dimanche 7 avril 2019<\/p><\/blockquote>\n<\/div>\n<p>Fot.Maciej Niechwiadowicz<\/p>\n","protected":false},"excerpt":{"rendered":"<p>W miniony weekend w S\u0142omczynie by\u0142o naprawd\u0119 gor\u0105co i to nie tylko ze wzgl\u0119du na wiosenn\u0105 pogod\u0119. W zawodach wystartowa\u0142 nasz klubowicz Marcin Gagacki. O tym co dzia\u0142o si\u0119 podczas I rundy Mistrzostw Polski Rallycross mo\u017cecie zobaczy\u0107 w filmie: S\u0142omczyn \u2013 fina\u0142y w pigu\u0142ce \u2013 1. runda Oponeo MPRC 2019 Fina\u0142y w S\u0142omczynie a\u017c ci\u0119\u017cko&#8230;<\/p>\n","protected":false},"author":4,"featured_media":3581,"comment_status":"closed","ping_status":"open","sticky":false,"template":"","format":"image","meta":[],"categories":[1],"tags":[],"yoast_head":"<!-- This site is optimized with the Yoast SEO plugin v15.2.1 - https:\/\/yoast.com\/wordpress\/plugins\/seo\/ -->\n<title>Rallycross w S\u0142omczynie - LKT Wycz\u00f3\u0142 Go\u015bcieradz Polska<\/title>\n<meta name=\"robots\" content=\"index, follow, max-snippet:-1, max-image-preview:large, max-video-preview:-1\" \/>\n<link rel=\"canonical\" href=\"https:\/\/www.lktwg.com\/rallycross-w-slomczynie\/\" \/>\n<meta property=\"og:locale\" content=\"en_US\" \/>\n<meta property=\"og:type\" content=\"article\" \/>\n<meta property=\"og:title\" content=\"Rallycross w S\u0142omczynie - LKT Wycz\u00f3\u0142 Go\u015bcieradz Polska\" \/>\n<meta property=\"og:description\" content=\"W miniony weekend w S\u0142omczynie by\u0142o naprawd\u0119 gor\u0105co i to nie tylko ze wzgl\u0119du na wiosenn\u0105 pogod\u0119. W zawodach wystartowa\u0142 nasz klubowicz Marcin Gagacki. O tym co dzia\u0142o si\u0119 podczas I rundy Mistrzostw Polski Rallycross mo\u017cecie zobaczy\u0107 w filmie: S\u0142omczyn \u2013 fina\u0142y w pigu\u0142ce \u2013 1. runda Oponeo MPRC 2019 Fina\u0142y w S\u0142omczynie a\u017c ci\u0119\u017cko...\" \/>\n<meta property=\"og:url\" content=\"https:\/\/www.lktwg.com\/rallycross-w-slomczynie\/\" \/>\n<meta property=\"og:site_name\" content=\"LKT Wycz\u00f3\u0142 Go\u015bcieradz Polska\" \/>\n<meta property=\"article:publisher\" content=\"https:\/\/www.facebook.com\/lktwyczol\/\" \/>\n<meta property=\"article:published_time\" content=\"2019-04-09T04:46:55+00:00\" \/>\n<meta property=\"article:modified_time\" content=\"2019-04-09T04:46:57+00:00\" \/>\n<meta property=\"og:image\" content=\"https:\/\/www.lktwg.com\/wp-content\/uploads\/2019\/04\/Maciej-Niechwiadowicz-rallycross.jpg\" \/>\n\t<meta property=\"og:image:width\" content=\"1080\" \/>\n\t<meta property=\"og:image:height\" content=\"720\" \/>\n<meta name=\"twitter:card\" content=\"summary\" \/>\n<meta name=\"twitter:label1\" content=\"Written by\">\n\t<meta name=\"twitter:data1\" content=\"Szymon Krupa\">\n\t<meta name=\"twitter:label2\" content=\"Est. reading time\">\n\t<meta name=\"twitter:data2\" content=\"0 minutes\">\n<script type=\"application\/ld+json\" class=\"yoast-schema-graph\">{\"@context\":\"https:\/\/schema.org\",\"@graph\":[{\"@type\":\"WebSite\",\"@id\":\"https:\/\/www.lktwg.com\/en\/#website\",\"url\":\"https:\/\/www.lktwg.com\/en\/\",\"name\":\"LKT Wycz\\u00f3\\u0142 Go\\u015bcieradz Polska\",\"description\":\"Ludowy Klub Turystyczny\",\"potentialAction\":[{\"@type\":\"SearchAction\",\"target\":\"https:\/\/www.lktwg.com\/en\/?s={search_term_string}\",\"query-input\":\"required name=search_term_string\"}],\"inLanguage\":\"en-US\"},{\"@type\":\"ImageObject\",\"@id\":\"https:\/\/www.lktwg.com\/rallycross-w-slomczynie\/#primaryimage\",\"inLanguage\":\"en-US\",\"url\":\"https:\/\/www.lktwg.com\/wp-content\/uploads\/2019\/04\/Maciej-Niechwiadowicz-rallycross.jpg\",\"width\":1080,\"height\":720},{\"@type\":\"WebPage\",\"@id\":\"https:\/\/www.lktwg.com\/rallycross-w-slomczynie\/#webpage\",\"url\":\"https:\/\/www.lktwg.com\/rallycross-w-slomczynie\/\",\"name\":\"Rallycross w S\\u0142omczynie - LKT Wycz\\u00f3\\u0142 Go\\u015bcieradz Polska\",\"isPartOf\":{\"@id\":\"https:\/\/www.lktwg.com\/en\/#website\"},\"primaryImageOfPage\":{\"@id\":\"https:\/\/www.lktwg.com\/rallycross-w-slomczynie\/#primaryimage\"},\"datePublished\":\"2019-04-09T04:46:55+00:00\",\"dateModified\":\"2019-04-09T04:46:57+00:00\",\"author\":{\"@id\":\"https:\/\/www.lktwg.com\/en\/#\/schema\/person\/6bdf16306d63f6890497ce5c248c00ab\"},\"inLanguage\":\"en-US\",\"potentialAction\":[{\"@type\":\"ReadAction\",\"target\":[\"https:\/\/www.lktwg.com\/rallycross-w-slomczynie\/\"]}]},{\"@type\":\"Person\",\"@id\":\"https:\/\/www.lktwg.com\/en\/#\/schema\/person\/6bdf16306d63f6890497ce5c248c00ab\",\"name\":\"Szymon Krupa\",\"image\":{\"@type\":\"ImageObject\",\"@id\":\"https:\/\/www.lktwg.com\/en\/#personlogo\",\"inLanguage\":\"en-US\",\"url\":\"https:\/\/secure.gravatar.com\/avatar\/c0e2b7c0f015fe0d6c14ac0951d89111?s=96&d=mm&r=g\",\"caption\":\"Szymon Krupa\"}}]}<\/script>\n<!-- \/ Yoast SEO plugin. -->","_links":{"self":[{"href":"https:\/\/www.lktwg.com\/en\/wp-json\/wp\/v2\/posts\/3579"}],"collection":[{"href":"https:\/\/www.lktwg.com\/en\/wp-json\/wp\/v2\/posts"}],"about":[{"href":"https:\/\/www.lktwg.com\/en\/wp-json\/wp\/v2\/types\/post"}],"author":[{"embeddable":true,"href":"https:\/\/www.lktwg.com\/en\/wp-json\/wp\/v2\/users\/4"}],"replies":[{"embeddable":true,"href":"https:\/\/www.lktwg.com\/en\/wp-json\/wp\/v2\/comments?post=3579"}],"version-history":[{"count":2,"href":"https:\/\/www.lktwg.com\/en\/wp-json\/wp\/v2\/posts\/3579\/revisions"}],"predecessor-version":[{"id":3583,"href":"https:\/\/www.lktwg.com\/en\/wp-json\/wp\/v2\/posts\/3579\/revisions\/3583"}],"wp:featuredmedia":[{"embeddable":true,"href":"https:\/\/www.lktwg.com\/en\/wp-json\/wp\/v2\/media\/3581"}],"wp:attachment":[{"href":"https:\/\/www.lktwg.com\/en\/wp-json\/wp\/v2\/media?parent=3579"}],"wp:term":[{"taxonomy":"category","embeddable":true,"href":"https:\/\/www.lktwg.com\/en\/wp-json\/wp\/v2\/categories?post=3579"},{"taxonomy":"post_tag","embeddable":true,"href":"https:\/\/www.lktwg.com\/en\/wp-json\/wp\/v2\/tags?post=3579"}],"curies":[{"name":"wp","href":"https:\/\/api.w.org\/{rel}","templated":true}]}}