{"id":3564,"date":"2019-03-27T18:58:14","date_gmt":"2019-03-27T17:58:14","guid":{"rendered":"http:\/\/www.lktwg.com\/?p=3564"},"modified":"2019-03-27T18:58:16","modified_gmt":"2019-03-27T17:58:16","slug":"ekipy-wyczola-na-monte-karlino","status":"publish","type":"post","link":"https:\/\/www.lktwg.com\/en\/ekipy-wyczola-na-monte-karlino\/","title":{"rendered":"Ekipy Wycz\u00f3\u0142a na Monte Karlino"},"content":{"rendered":"<style type=\"text\/css\"><\/style>\n<p>Kurz opad\u0142 po <a href=\"https:\/\/www.facebook.com\/events\/965188060336632\/?acontext=%7B%22source%22%3A3%2C%22source_newsfeed_story_type%22%3A%22regular%22%2C%22action_history%22%3A%22%5B%7B%5C%22surface%5C%22%3A%5C%22newsfeed%5C%22%2C%5C%22mechanism%5C%22%3A%5C%22feed_story%5C%22%2C%5C%22extra_data%5C%22%3A%5B%5D%7D%5D%22%2C%22has_source%22%3Atrue%7D&amp;source=3&amp;source_newsfeed_story_type=regular&amp;action_history=%5B%7B%22surface%22%3A%22newsfeed%22%2C%22mechanism%22%3A%22feed_story%22%2C%22extra_data%22%3A%5B%5D%7D%5D&amp;has_source=1&amp;__tn__=KH-R&amp;eid=ARDg1xy6ttwSQjLBrHVaWU6hfowoAAgraMHevbTlr2XXV1lu6bJjtYXkRYOv2ENCHYZWZcNvWTKKjNYl&amp;fref=mentions&amp;__xts__%5B0%5D=68.ARC2CofCtBJhp_hTofpLuMkIFHxxHFdTY058oNqXutq6lgHUPhOMhWOdG2gB11K8G1yCoWMBS_S_G7a3sSP0JdJoqJdvEDyhswaAcFer_KJ1DZav7zBGTQ4UKq-UKmVCSml20gDZ8CINtLqjpMb3VCrhSuATrihqEwfisMKUTpUTmM7FMzyXlD9AKSe3qNZt1S_-xl3Jbd4RFCwNkFVxWnbAGKE2aNe2t-q6H29ztdeYdgtQP115Hi9apVSfNH2-MnOvrNk5419huOaxJqR1GQrYceHaJsPd5SqLcnrJwn2JMY3x5mYUS6h8NMM_hojaCVazNw15fIhvn0DO9PZ7mN9ZndQePHjmupZWduYg1HOTqHUoMY6ewyhqUgh6u_tGJF3Y6Qnjq-eWluOTWUOaD7XjHOgRnzFGS7_2IH4KVUb6sMHFJ9f8MrLQGEucxQp8WPqmO4g2aJFTcSkygGGEb2GeZhYMUtyYgF4SQr1EAZGZMfjOdvIjJndCFBj9y25Om9AjoAhUdZWJ1p-HzDMi2w\">45. Rajd Monte Karlino<\/a>, wi\u0119c czas na kr\u00f3tkie podsumowanie weekendowych zmaga\u0144, kt\u00f3re przygotowa\u0142 dla Was \u0141ukasz Kasprzyk.<\/p>\n\n\n\n<p> ,,Ju\u017c w pi\u0105tek 22.03 wyruszyli\u015bmy mocn\u0105 ekip\u0105 LKT na pierwsz\u0105 rund\u0119 Rajdowych Mistrzostw Polski Zachodniej w sk\u0142adzie:<br> <a href=\"https:\/\/www.facebook.com\/tjedrzejczak?__tn__=KH-R&amp;eid=ARAmuSMLgNchmFWgXILMXlqOS30i4nzxIn2aHtrFTnF6gxswty8t2qCvaJlrZPUvOawIVgyEAde25h7-&amp;fref=mentions&amp;__xts__%5B0%5D=68.ARC2CofCtBJhp_hTofpLuMkIFHxxHFdTY058oNqXutq6lgHUPhOMhWOdG2gB11K8G1yCoWMBS_S_G7a3sSP0JdJoqJdvEDyhswaAcFer_KJ1DZav7zBGTQ4UKq-UKmVCSml20gDZ8CINtLqjpMb3VCrhSuATrihqEwfisMKUTpUTmM7FMzyXlD9AKSe3qNZt1S_-xl3Jbd4RFCwNkFVxWnbAGKE2aNe2t-q6H29ztdeYdgtQP115Hi9apVSfNH2-MnOvrNk5419huOaxJqR1GQrYceHaJsPd5SqLcnrJwn2JMY3x5mYUS6h8NMM_hojaCVazNw15fIhvn0DO9PZ7mN9ZndQePHjmupZWduYg1HOTqHUoMY6ewyhqUgh6u_tGJF3Y6Qnjq-eWluOTWUOaD7XjHOgRnzFGS7_2IH4KVUb6sMHFJ9f8MrLQGEucxQp8WPqmO4g2aJFTcSkygGGEb2GeZhYMUtyYgF4SQr1EAZGZMfjOdvIjJndCFBj9y25Om9AjoAhUdZWJ1p-HzDMi2w\">Tomasz J\u0119drzejczak<\/a>, Joanna J\u0119drzejczak &#8211; Astra Gsi<br> <a href=\"https:\/\/www.facebook.com\/profile.php?id=100004238646320&amp;__tn__=KH-R&amp;eid=ARBpQRuaqEbamWToPG22GXI1KvClgaIG0kC4YqCebryt5vk_tMRG8gm0yR_6aISox-qjfgJDMFZwtrJv&amp;fref=mentions&amp;__xts__%5B0%5D=68.ARC2CofCtBJhp_hTofpLuMkIFHxxHFdTY058oNqXutq6lgHUPhOMhWOdG2gB11K8G1yCoWMBS_S_G7a3sSP0JdJoqJdvEDyhswaAcFer_KJ1DZav7zBGTQ4UKq-UKmVCSml20gDZ8CINtLqjpMb3VCrhSuATrihqEwfisMKUTpUTmM7FMzyXlD9AKSe3qNZt1S_-xl3Jbd4RFCwNkFVxWnbAGKE2aNe2t-q6H29ztdeYdgtQP115Hi9apVSfNH2-MnOvrNk5419huOaxJqR1GQrYceHaJsPd5SqLcnrJwn2JMY3x5mYUS6h8NMM_hojaCVazNw15fIhvn0DO9PZ7mN9ZndQePHjmupZWduYg1HOTqHUoMY6ewyhqUgh6u_tGJF3Y6Qnjq-eWluOTWUOaD7XjHOgRnzFGS7_2IH4KVUb6sMHFJ9f8MrLQGEucxQp8WPqmO4g2aJFTcSkygGGEb2GeZhYMUtyYgF4SQr1EAZGZMfjOdvIjJndCFBj9y25Om9AjoAhUdZWJ1p-HzDMi2w\">Kamil Zaroda<\/a>, <a href=\"https:\/\/www.facebook.com\/agnieszka.paszkiewicz.5661?__tn__=KH-R&amp;eid=ARATp8YIbv89WPBGNvr_8iMVOBUX44XS53OXn4GiSPPcJmbrULFpuJ_CloZQdqV5hMA55HDemsJvx-mj&amp;fref=mentions&amp;__xts__%5B0%5D=68.ARC2CofCtBJhp_hTofpLuMkIFHxxHFdTY058oNqXutq6lgHUPhOMhWOdG2gB11K8G1yCoWMBS_S_G7a3sSP0JdJoqJdvEDyhswaAcFer_KJ1DZav7zBGTQ4UKq-UKmVCSml20gDZ8CINtLqjpMb3VCrhSuATrihqEwfisMKUTpUTmM7FMzyXlD9AKSe3qNZt1S_-xl3Jbd4RFCwNkFVxWnbAGKE2aNe2t-q6H29ztdeYdgtQP115Hi9apVSfNH2-MnOvrNk5419huOaxJqR1GQrYceHaJsPd5SqLcnrJwn2JMY3x5mYUS6h8NMM_hojaCVazNw15fIhvn0DO9PZ7mN9ZndQePHjmupZWduYg1HOTqHUoMY6ewyhqUgh6u_tGJF3Y6Qnjq-eWluOTWUOaD7XjHOgRnzFGS7_2IH4KVUb6sMHFJ9f8MrLQGEucxQp8WPqmO4g2aJFTcSkygGGEb2GeZhYMUtyYgF4SQr1EAZGZMfjOdvIjJndCFBj9y25Om9AjoAhUdZWJ1p-HzDMi2w\">Agnieszka Paszkiewicz<\/a> &#8211; Mitsubishi Colt <br> <a href=\"https:\/\/www.facebook.com\/profile.php?id=100000335150643&amp;__tn__=KH-R&amp;eid=ARAf4uGQETLStJ54iQJcOAABIdh8KWL_1HvStu7b2fGzWDH-8pXtfnph6WGMt8KuGcTQnfYhYnJLJBRW&amp;fref=mentions&amp;__xts__%5B0%5D=68.ARC2CofCtBJhp_hTofpLuMkIFHxxHFdTY058oNqXutq6lgHUPhOMhWOdG2gB11K8G1yCoWMBS_S_G7a3sSP0JdJoqJdvEDyhswaAcFer_KJ1DZav7zBGTQ4UKq-UKmVCSml20gDZ8CINtLqjpMb3VCrhSuATrihqEwfisMKUTpUTmM7FMzyXlD9AKSe3qNZt1S_-xl3Jbd4RFCwNkFVxWnbAGKE2aNe2t-q6H29ztdeYdgtQP115Hi9apVSfNH2-MnOvrNk5419huOaxJqR1GQrYceHaJsPd5SqLcnrJwn2JMY3x5mYUS6h8NMM_hojaCVazNw15fIhvn0DO9PZ7mN9ZndQePHjmupZWduYg1HOTqHUoMY6ewyhqUgh6u_tGJF3Y6Qnjq-eWluOTWUOaD7XjHOgRnzFGS7_2IH4KVUb6sMHFJ9f8MrLQGEucxQp8WPqmO4g2aJFTcSkygGGEb2GeZhYMUtyYgF4SQr1EAZGZMfjOdvIjJndCFBj9y25Om9AjoAhUdZWJ1p-HzDMi2w\">\u0141ukasz Kasprzyk<\/a>, <a href=\"https:\/\/www.facebook.com\/agata.chrominska.75?__tn__=KH-R&amp;eid=ARBxmBi9TRUyhCxpVOiNE4FAQVW01Oug0p92S0qAseEhBgixaNvJZmBHEOiJGfNdXMX4aKSJ2gM_4Zae&amp;fref=mentions&amp;__xts__%5B0%5D=68.ARC2CofCtBJhp_hTofpLuMkIFHxxHFdTY058oNqXutq6lgHUPhOMhWOdG2gB11K8G1yCoWMBS_S_G7a3sSP0JdJoqJdvEDyhswaAcFer_KJ1DZav7zBGTQ4UKq-UKmVCSml20gDZ8CINtLqjpMb3VCrhSuATrihqEwfisMKUTpUTmM7FMzyXlD9AKSe3qNZt1S_-xl3Jbd4RFCwNkFVxWnbAGKE2aNe2t-q6H29ztdeYdgtQP115Hi9apVSfNH2-MnOvrNk5419huOaxJqR1GQrYceHaJsPd5SqLcnrJwn2JMY3x5mYUS6h8NMM_hojaCVazNw15fIhvn0DO9PZ7mN9ZndQePHjmupZWduYg1HOTqHUoMY6ewyhqUgh6u_tGJF3Y6Qnjq-eWluOTWUOaD7XjHOgRnzFGS7_2IH4KVUb6sMHFJ9f8MrLQGEucxQp8WPqmO4g2aJFTcSkygGGEb2GeZhYMUtyYgF4SQr1EAZGZMfjOdvIjJndCFBj9y25Om9AjoAhUdZWJ1p-HzDMi2w\">Marcin Chromi\u0144ski<\/a> &#8211; Proton Satria. <\/p>\n\n\n\n<p>\n Pi\u0105tkowy wiecz\u00f3r przed rajdem wykonali\u015bmy zaplanowane i obowi\u0105zkowe \nbadanie kontrolne naszych aut, kt\u00f3re wszyscy przeszli\u015bmy bez \nnajmniejszych problem\u00f3w. <\/p>\n\n\n\n<p> W sobotni poranek czeka\u0142y na nas \nodbiory administracyjne i d\u0142ugo wyczekiwane zapoznanie z trasami. Tu \nszybko okaza\u0142o si\u0119, \u017ce organizatorzy przygotowali dla nas mn\u00f3stwo \natrakcji. \u015aliskie sekcje w lesie, szybkie proste z mocnymi hamowaniami, \ntechniczne odcinki na p\u0142ycie lotniska, a nawet odrobin\u0119 szutru.<\/p>\n\n\n\n<p> \nWiecz\u00f3r to kultowe prologi ulicami Karlina i Bia\u0142ogardu, kt\u00f3re jak \nzwykle s\u0105 bardzo zdradliwe. Na szcz\u0119\u015bcie nikt z nas nie straci\u0142 felgi na\n wyj\u0105tkowo twardych kraw\u0119\u017cnikach.<\/p>\n\n\n\n<p> Najszybszym dniem rajdu by\u0142a \nniedziela: 3 odcinki pokonywane 3 razy i wisienka na torcie czyli \nsuperoes w centrum Koszalina. Walka by\u0142a zaci\u0119ta, a Monte Karlino znowu \npokaza\u0142o swoj\u0105 okrutn\u0105 twarz nie pozwalaj\u0105c uko\u0144czy\u0107 rajdu wielu \nkierowcom&#8230;Niestety w grupie pechowc\u00f3w znale\u017ali si\u0119 Kamil i \nAgnieszka.Tuleja wahacza w \u015bwietnie przygotowanym Colcie postanowi\u0142a si\u0119\n podda\u0107,co w efekcie uniemo\u017cliwi\u0142o dalsz\u0105 jazd\u0119.<br> Do mety dotar\u0142 Tomek z Asi\u0105 zgarniaj\u0105c 3 miejsce w klasie 4 i 24 w generalce. <br> Ja, czyli \u0141ukasz, wraz z Marcinem wywalczyli\u015bmy 7 miejsce w klasie i&#8230;23 w generalce. <br> Warto doda\u0107, \u017ce na li\u015bcie startowej by\u0142o ponad 80 za\u0142\u00f3g, a w klasyfikacji klubowej zdobyli\u015bmy mocne 5 miejsce!<\/p>\n\n\n\n<p> Okrutnie wym\u0119czeni, ale z doskona\u0142ymi humorami ju\u017c planujemy kolejne starty w RMPZ! Trzymajcie kciuki!&#8221;<\/p>\n\n\n\n<p> Fot. Dariusz Jakubczyk<\/p>\n","protected":false},"excerpt":{"rendered":"<p>Kurz opad\u0142 po 45. Rajd Monte Karlino, wi\u0119c czas na kr\u00f3tkie podsumowanie weekendowych zmaga\u0144, kt\u00f3re przygotowa\u0142 dla Was \u0141ukasz Kasprzyk. ,,Ju\u017c w pi\u0105tek 22.03 wyruszyli\u015bmy mocn\u0105 ekip\u0105 LKT na pierwsz\u0105 rund\u0119 Rajdowych Mistrzostw Polski Zachodniej w sk\u0142adzie: Tomasz J\u0119drzejczak, Joanna J\u0119drzejczak &#8211; Astra Gsi Kamil Zaroda, Agnieszka Paszkiewicz &#8211; Mitsubishi Colt \u0141ukasz Kasprzyk, Marcin Chromi\u0144ski&#8230;<\/p>\n","protected":false},"author":4,"featured_media":3563,"comment_status":"closed","ping_status":"open","sticky":false,"template":"","format":"standard","meta":[],"categories":[1],"tags":[],"yoast_head":"<!-- This site is optimized with the Yoast SEO plugin v15.2.1 - https:\/\/yoast.com\/wordpress\/plugins\/seo\/ -->\n<title>Ekipy Wycz\u00f3\u0142a na Monte Karlino - LKT Wycz\u00f3\u0142 Go\u015bcieradz Polska<\/title>\n<meta name=\"robots\" content=\"index, follow, max-snippet:-1, max-image-preview:large, max-video-preview:-1\" \/>\n<link rel=\"canonical\" href=\"https:\/\/www.lktwg.com\/en\/ekipy-wyczola-na-monte-karlino\/\" \/>\n<meta property=\"og:locale\" content=\"en_US\" \/>\n<meta property=\"og:type\" content=\"article\" \/>\n<meta property=\"og:title\" content=\"Ekipy Wycz\u00f3\u0142a na Monte Karlino - LKT Wycz\u00f3\u0142 Go\u015bcieradz Polska\" \/>\n<meta property=\"og:description\" content=\"Kurz opad\u0142 po 45. Rajd Monte Karlino, wi\u0119c czas na kr\u00f3tkie podsumowanie weekendowych zmaga\u0144, kt\u00f3re przygotowa\u0142 dla Was \u0141ukasz Kasprzyk. ,,Ju\u017c w pi\u0105tek 22.03 wyruszyli\u015bmy mocn\u0105 ekip\u0105 LKT na pierwsz\u0105 rund\u0119 Rajdowych Mistrzostw Polski Zachodniej w sk\u0142adzie: Tomasz J\u0119drzejczak, Joanna J\u0119drzejczak &#8211; Astra Gsi Kamil Zaroda, Agnieszka Paszkiewicz &#8211; Mitsubishi Colt \u0141ukasz Kasprzyk, Marcin Chromi\u0144ski...\" \/>\n<meta property=\"og:url\" content=\"https:\/\/www.lktwg.com\/en\/ekipy-wyczola-na-monte-karlino\/\" \/>\n<meta property=\"og:site_name\" content=\"LKT Wycz\u00f3\u0142 Go\u015bcieradz Polska\" \/>\n<meta property=\"article:publisher\" content=\"https:\/\/www.facebook.com\/lktwyczol\/\" \/>\n<meta property=\"article:published_time\" content=\"2019-03-27T17:58:14+00:00\" \/>\n<meta property=\"article:modified_time\" content=\"2019-03-27T17:58:16+00:00\" \/>\n<meta property=\"og:image\" content=\"https:\/\/www.lktwg.com\/wp-content\/uploads\/2019\/03\/54798716_284229622470573_2269254513531551744_n.jpg\" \/>\n\t<meta property=\"og:image:width\" content=\"4096\" \/>\n\t<meta property=\"og:image:height\" content=\"2730\" \/>\n<meta name=\"twitter:card\" content=\"summary\" \/>\n<meta name=\"twitter:label1\" content=\"Written by\">\n\t<meta name=\"twitter:data1\" content=\"Szymon Krupa\">\n\t<meta name=\"twitter:label2\" content=\"Est. reading time\">\n\t<meta name=\"twitter:data2\" content=\"1 minute\">\n<script type=\"application\/ld+json\" class=\"yoast-schema-graph\">{\"@context\":\"https:\/\/schema.org\",\"@graph\":[{\"@type\":\"WebSite\",\"@id\":\"https:\/\/www.lktwg.com\/en\/#website\",\"url\":\"https:\/\/www.lktwg.com\/en\/\",\"name\":\"LKT Wycz\\u00f3\\u0142 Go\\u015bcieradz Polska\",\"description\":\"Ludowy Klub Turystyczny\",\"potentialAction\":[{\"@type\":\"SearchAction\",\"target\":\"https:\/\/www.lktwg.com\/en\/?s={search_term_string}\",\"query-input\":\"required name=search_term_string\"}],\"inLanguage\":\"en-US\"},{\"@type\":\"ImageObject\",\"@id\":\"https:\/\/www.lktwg.com\/en\/ekipy-wyczola-na-monte-karlino\/#primaryimage\",\"inLanguage\":\"en-US\",\"url\":\"https:\/\/www.lktwg.com\/wp-content\/uploads\/2019\/03\/54798716_284229622470573_2269254513531551744_n.jpg\",\"width\":4096,\"height\":2730},{\"@type\":\"WebPage\",\"@id\":\"https:\/\/www.lktwg.com\/en\/ekipy-wyczola-na-monte-karlino\/#webpage\",\"url\":\"https:\/\/www.lktwg.com\/en\/ekipy-wyczola-na-monte-karlino\/\",\"name\":\"Ekipy Wycz\\u00f3\\u0142a na Monte Karlino - LKT Wycz\\u00f3\\u0142 Go\\u015bcieradz Polska\",\"isPartOf\":{\"@id\":\"https:\/\/www.lktwg.com\/en\/#website\"},\"primaryImageOfPage\":{\"@id\":\"https:\/\/www.lktwg.com\/en\/ekipy-wyczola-na-monte-karlino\/#primaryimage\"},\"datePublished\":\"2019-03-27T17:58:14+00:00\",\"dateModified\":\"2019-03-27T17:58:16+00:00\",\"author\":{\"@id\":\"https:\/\/www.lktwg.com\/en\/#\/schema\/person\/6bdf16306d63f6890497ce5c248c00ab\"},\"inLanguage\":\"en-US\",\"potentialAction\":[{\"@type\":\"ReadAction\",\"target\":[\"https:\/\/www.lktwg.com\/en\/ekipy-wyczola-na-monte-karlino\/\"]}]},{\"@type\":\"Person\",\"@id\":\"https:\/\/www.lktwg.com\/en\/#\/schema\/person\/6bdf16306d63f6890497ce5c248c00ab\",\"name\":\"Szymon Krupa\",\"image\":{\"@type\":\"ImageObject\",\"@id\":\"https:\/\/www.lktwg.com\/en\/#personlogo\",\"inLanguage\":\"en-US\",\"url\":\"https:\/\/secure.gravatar.com\/avatar\/c0e2b7c0f015fe0d6c14ac0951d89111?s=96&d=mm&r=g\",\"caption\":\"Szymon Krupa\"}}]}<\/script>\n<!-- \/ Yoast SEO plugin. -->","_links":{"self":[{"href":"https:\/\/www.lktwg.com\/en\/wp-json\/wp\/v2\/posts\/3564"}],"collection":[{"href":"https:\/\/www.lktwg.com\/en\/wp-json\/wp\/v2\/posts"}],"about":[{"href":"https:\/\/www.lktwg.com\/en\/wp-json\/wp\/v2\/types\/post"}],"author":[{"embeddable":true,"href":"https:\/\/www.lktwg.com\/en\/wp-json\/wp\/v2\/users\/4"}],"replies":[{"embeddable":true,"href":"https:\/\/www.lktwg.com\/en\/wp-json\/wp\/v2\/comments?post=3564"}],"version-history":[{"count":1,"href":"https:\/\/www.lktwg.com\/en\/wp-json\/wp\/v2\/posts\/3564\/revisions"}],"predecessor-version":[{"id":3565,"href":"https:\/\/www.lktwg.com\/en\/wp-json\/wp\/v2\/posts\/3564\/revisions\/3565"}],"wp:featuredmedia":[{"embeddable":true,"href":"https:\/\/www.lktwg.com\/en\/wp-json\/wp\/v2\/media\/3563"}],"wp:attachment":[{"href":"https:\/\/www.lktwg.com\/en\/wp-json\/wp\/v2\/media?parent=3564"}],"wp:term":[{"taxonomy":"category","embeddable":true,"href":"https:\/\/www.lktwg.com\/en\/wp-json\/wp\/v2\/categories?post=3564"},{"taxonomy":"post_tag","embeddable":true,"href":"https:\/\/www.lktwg.com\/en\/wp-json\/wp\/v2\/tags?post=3564"}],"curies":[{"name":"wp","href":"https:\/\/api.w.org\/{rel}","templated":true}]}}