{"id":3560,"date":"2019-03-26T18:40:57","date_gmt":"2019-03-26T17:40:57","guid":{"rendered":"http:\/\/www.lktwg.com\/?p=3560"},"modified":"2019-03-26T18:43:35","modified_gmt":"2019-03-26T17:43:35","slug":"pojechali-w-grudziadzu","status":"publish","type":"post","link":"https:\/\/www.lktwg.com\/en\/pojechali-w-grudziadzu\/","title":{"rendered":"Pojechali w Grudzi\u0105dzu"},"content":{"rendered":"<style type=\"text\/css\"><\/style>\n<h2> <br>Jak my\u015blicie: co robi\u0105 zazwyczaj nasi klubowicze LKT w niedzielny,  s\u0142oneczny i leniwy poranek? My to wiemy! Z pewno\u015bci\u0105 wstaj\u0105 szybko, aby  spakowa\u0107 si\u0119 i zd\u0105\u017cy\u0107 na kolejny moto lub auto dzie\u0144. Tym razem 24 marca  ekipa Wycz\u00f3\u0142a w sk\u0142adzie <a href=\"https:\/\/www.facebook.com\/krzysztof.wizner.52?__tn__=K-R-R&amp;eid=ARBTTt6rZrY9lwGzl6V1_pFpDImNXgY2aOqhrA0LU97MltPMEP_anxPvGBEWLAr6TZm7JmEB2BOf4XUA&amp;fref=mentions&amp;__xts__%5B0%5D=68.ARDqYxrsFHu0VJseZjlrz25E7il0GnAOxa-DzLhDaXuSoLj9arwJzk346hFb92UmABjWJWWk4f1zhcPcdCQj9zQA480NSQl0s4xEynbpGWRqpBfhAzcsn9efUYVZxlfsml4IsbdYTCh3XXcpnQuZY9VoBFtSYo08xZmQiboU8yChb6O8rB6enMHAUNqxxSI1K5pwAjSss3xy_7NOfN0u5-RVKJUarojgqA-TofHqtILmBQ8XTuD0UkYOx5H5Y07NKZnv3UKevIC2_-2fWm7VHv1qFcSRPK3chMGgbPeBg--nyHTL-65HLN0CYG1BRSNrUKg0\">Krzysztof Wizner<\/a>, <a href=\"https:\/\/www.facebook.com\/adrian.rac.7?__tn__=K-R-R&amp;eid=ARCAlyw5bM3JKxRfzR8ILpyEMNYdVuQMd5tXl4JFel361x-Og-sWLCXn14-zUaMjq-8VgZ9IIiu-sOrX&amp;fref=mentions&amp;__xts__%5B0%5D=68.ARDqYxrsFHu0VJseZjlrz25E7il0GnAOxa-DzLhDaXuSoLj9arwJzk346hFb92UmABjWJWWk4f1zhcPcdCQj9zQA480NSQl0s4xEynbpGWRqpBfhAzcsn9efUYVZxlfsml4IsbdYTCh3XXcpnQuZY9VoBFtSYo08xZmQiboU8yChb6O8rB6enMHAUNqxxSI1K5pwAjSss3xy_7NOfN0u5-RVKJUarojgqA-TofHqtILmBQ8XTuD0UkYOx5H5Y07NKZnv3UKevIC2_-2fWm7VHv1qFcSRPK3chMGgbPeBg--nyHTL-65HLN0CYG1BRSNrUKg0\">Adrian Rac<\/a>,  Kamil Wysoki\u0144ski, Aleksander Rzepecki i Tomasz Rzepecki zameldowa\u0142a si\u0119  na 1 rundzie imprezy Grudzi\u0105dzki Mistrz Kierownicy. Mimo tego,\u017ce  r\u00f3wnocze\u015bnie odbywa\u0142 si\u0119 <a href=\"https:\/\/www.facebook.com\/rajdmontekarlino\/?__tn__=K-R-R&amp;eid=ARA8L2teYeccQwx_NvchkGUMtgD_Kf31-wLbset-yk7MPvYJXxHkprMLjUvv5l8cl92cVAZPxzLY_wi8&amp;fref=mentions&amp;__xts__%5B0%5D=68.ARDqYxrsFHu0VJseZjlrz25E7il0GnAOxa-DzLhDaXuSoLj9arwJzk346hFb92UmABjWJWWk4f1zhcPcdCQj9zQA480NSQl0s4xEynbpGWRqpBfhAzcsn9efUYVZxlfsml4IsbdYTCh3XXcpnQuZY9VoBFtSYo08xZmQiboU8yChb6O8rB6enMHAUNqxxSI1K5pwAjSss3xy_7NOfN0u5-RVKJUarojgqA-TofHqtILmBQ8XTuD0UkYOx5H5Y07NKZnv3UKevIC2_-2fWm7VHv1qFcSRPK3chMGgbPeBg--nyHTL-65HLN0CYG1BRSNrUKg0\">Rajd Monte Karlino<\/a> na starcie w Grudzi\u0105dzu stawi\u0142o si\u0119  dwadzie\u015bcia za\u0142\u00f3g z pi\u0119ciu klub\u00f3w, wi\u0119c rywalizacja zapowiada\u0142a si\u0119  znakomicie. Tym bardziej, \u017ce pogoda sprawi\u0142a dodatkow\u0105 niespodziank\u0119  zapewniaj\u0105c i\u015bcie wiosenny klimat. <br> <a href=\"https:\/\/www.facebook.com\/automobilklub.grudziadz\/?__tn__=K-R-R&amp;eid=ARBA_jasexvInd10DVcvs5Os8x_PpfSBBOzD6KUEgLXgdMmevHXr0bDnx8DV_kRF-63hDXWV_jUSS8Gn&amp;fref=mentions&amp;__xts__%5B0%5D=68.ARDqYxrsFHu0VJseZjlrz25E7il0GnAOxa-DzLhDaXuSoLj9arwJzk346hFb92UmABjWJWWk4f1zhcPcdCQj9zQA480NSQl0s4xEynbpGWRqpBfhAzcsn9efUYVZxlfsml4IsbdYTCh3XXcpnQuZY9VoBFtSYo08xZmQiboU8yChb6O8rB6enMHAUNqxxSI1K5pwAjSss3xy_7NOfN0u5-RVKJUarojgqA-TofHqtILmBQ8XTuD0UkYOx5H5Y07NKZnv3UKevIC2_-2fWm7VHv1qFcSRPK3chMGgbPeBg--nyHTL-65HLN0CYG1BRSNrUKg0\">Automobilklub Toru\u0144ski Delegatura Grudzi\u0105dz<\/a>  przygotowa\u0142 \u015bwietn\u0105 tras\u0119 zlokalizowan\u0105 na parkingu CH Auchan. Ka\u017cdy z  kierowc\u00f3w mia\u0142 za zadanie pokona\u0107 kilka razy wyznaczony odcinek przez  organizatora. Liczy\u0142a si\u0119 umiej\u0119tno\u015b\u0107 panowania nad autem, spryt i  utrzymanie na wodzy emocji, a tych nie zabrak\u0142o.<br> -Trasa kr\u00f3tsza ni\u017c  rok temu, du\u017co kr\u0119cenia,niby nie za szybko jednak felg\u0119 da\u0142o mi si\u0119  uszkodzi\u0107- powiedzia\u0142 Krzysztof Wizner, kt\u00f3ry zaj\u0105\u0142 drugie miejsce w  klasie 1. Na trzecim stopniu podium stan\u0105\u0142 Adrian Rac, kt\u00f3ry rywalizowa\u0142  w \u015bwietnie przygotowanym Seicento. W klasie 3 Kamil Wysoki\u0144ski zaj\u0105\u0142 4  miejsce. W klasie aut o najwy\u017cej pojemno\u015bci na podium mogli\u015bmy podziwia\u0107  dw\u00f3ch braci: Aleksander Rzepecki uplasowa\u0142 si\u0119 na 2, a Tomek Rzepecki  uzyska\u0142 3 rezultat.<br> Kolejny rajdowy punkt w kalendarzu ju\u017c za  tydzie\u0144 w grodzie Kopernika, gdzie zostanie rozegrana 2 runda  Samochodowych Mistrzostw Torunia. Wyj\u0105tkowo impreza odb\u0119dzie si\u0119 w  sobot\u0119 30 marca. Trzymajcie kciuki! <\/h2>\n","protected":false},"excerpt":{"rendered":"<p>Jak my\u015blicie: co robi\u0105 zazwyczaj nasi klubowicze LKT w niedzielny, s\u0142oneczny i leniwy poranek? My to wiemy! Z pewno\u015bci\u0105 wstaj\u0105 szybko, aby spakowa\u0107 si\u0119 i zd\u0105\u017cy\u0107 na kolejny moto lub auto dzie\u0144. Tym razem 24 marca ekipa Wycz\u00f3\u0142a w sk\u0142adzie Krzysztof Wizner, Adrian Rac, Kamil Wysoki\u0144ski, Aleksander Rzepecki i Tomasz Rzepecki zameldowa\u0142a si\u0119 na 1&#8230;<\/p>\n","protected":false},"author":4,"featured_media":3552,"comment_status":"closed","ping_status":"open","sticky":false,"template":"","format":"gallery","meta":[],"categories":[1],"tags":[],"yoast_head":"<!-- This site is optimized with the Yoast SEO plugin v15.2.1 - https:\/\/yoast.com\/wordpress\/plugins\/seo\/ -->\n<title>Pojechali w Grudzi\u0105dzu - LKT Wycz\u00f3\u0142 Go\u015bcieradz Polska<\/title>\n<meta name=\"robots\" content=\"index, follow, max-snippet:-1, max-image-preview:large, max-video-preview:-1\" \/>\n<link rel=\"canonical\" href=\"https:\/\/www.lktwg.com\/en\/pojechali-w-grudziadzu\/\" \/>\n<meta property=\"og:locale\" content=\"en_US\" \/>\n<meta property=\"og:type\" content=\"article\" \/>\n<meta property=\"og:title\" content=\"Pojechali w Grudzi\u0105dzu - LKT Wycz\u00f3\u0142 Go\u015bcieradz Polska\" \/>\n<meta property=\"og:description\" content=\"Jak my\u015blicie: co robi\u0105 zazwyczaj nasi klubowicze LKT w niedzielny, s\u0142oneczny i leniwy poranek? My to wiemy! Z pewno\u015bci\u0105 wstaj\u0105 szybko, aby spakowa\u0107 si\u0119 i zd\u0105\u017cy\u0107 na kolejny moto lub auto dzie\u0144. Tym razem 24 marca ekipa Wycz\u00f3\u0142a w sk\u0142adzie Krzysztof Wizner, Adrian Rac, Kamil Wysoki\u0144ski, Aleksander Rzepecki i Tomasz Rzepecki zameldowa\u0142a si\u0119 na 1...\" \/>\n<meta property=\"og:url\" content=\"https:\/\/www.lktwg.com\/en\/pojechali-w-grudziadzu\/\" \/>\n<meta property=\"og:site_name\" content=\"LKT Wycz\u00f3\u0142 Go\u015bcieradz Polska\" \/>\n<meta property=\"article:publisher\" content=\"https:\/\/www.facebook.com\/lktwyczol\/\" \/>\n<meta property=\"article:published_time\" content=\"2019-03-26T17:40:57+00:00\" \/>\n<meta property=\"article:modified_time\" content=\"2019-03-26T17:43:35+00:00\" \/>\n<meta property=\"og:image\" content=\"https:\/\/www.lktwg.com\/wp-content\/uploads\/2019\/03\/DSC00628.jpg\" \/>\n\t<meta property=\"og:image:width\" content=\"3273\" \/>\n\t<meta property=\"og:image:height\" content=\"1838\" \/>\n<meta name=\"twitter:card\" content=\"summary\" \/>\n<meta name=\"twitter:label1\" content=\"Written by\">\n\t<meta name=\"twitter:data1\" content=\"Szymon Krupa\">\n\t<meta name=\"twitter:label2\" content=\"Est. reading time\">\n\t<meta name=\"twitter:data2\" content=\"1 minute\">\n<script type=\"application\/ld+json\" class=\"yoast-schema-graph\">{\"@context\":\"https:\/\/schema.org\",\"@graph\":[{\"@type\":\"WebSite\",\"@id\":\"https:\/\/www.lktwg.com\/en\/#website\",\"url\":\"https:\/\/www.lktwg.com\/en\/\",\"name\":\"LKT Wycz\\u00f3\\u0142 Go\\u015bcieradz Polska\",\"description\":\"Ludowy Klub Turystyczny\",\"potentialAction\":[{\"@type\":\"SearchAction\",\"target\":\"https:\/\/www.lktwg.com\/en\/?s={search_term_string}\",\"query-input\":\"required name=search_term_string\"}],\"inLanguage\":\"en-US\"},{\"@type\":\"ImageObject\",\"@id\":\"https:\/\/www.lktwg.com\/en\/pojechali-w-grudziadzu\/#primaryimage\",\"inLanguage\":\"en-US\",\"url\":\"https:\/\/www.lktwg.com\/wp-content\/uploads\/2019\/03\/DSC00628.jpg\",\"width\":3273,\"height\":1838},{\"@type\":\"WebPage\",\"@id\":\"https:\/\/www.lktwg.com\/en\/pojechali-w-grudziadzu\/#webpage\",\"url\":\"https:\/\/www.lktwg.com\/en\/pojechali-w-grudziadzu\/\",\"name\":\"Pojechali w Grudzi\\u0105dzu - LKT Wycz\\u00f3\\u0142 Go\\u015bcieradz Polska\",\"isPartOf\":{\"@id\":\"https:\/\/www.lktwg.com\/en\/#website\"},\"primaryImageOfPage\":{\"@id\":\"https:\/\/www.lktwg.com\/en\/pojechali-w-grudziadzu\/#primaryimage\"},\"datePublished\":\"2019-03-26T17:40:57+00:00\",\"dateModified\":\"2019-03-26T17:43:35+00:00\",\"author\":{\"@id\":\"https:\/\/www.lktwg.com\/en\/#\/schema\/person\/6bdf16306d63f6890497ce5c248c00ab\"},\"inLanguage\":\"en-US\",\"potentialAction\":[{\"@type\":\"ReadAction\",\"target\":[\"https:\/\/www.lktwg.com\/en\/pojechali-w-grudziadzu\/\"]}]},{\"@type\":\"Person\",\"@id\":\"https:\/\/www.lktwg.com\/en\/#\/schema\/person\/6bdf16306d63f6890497ce5c248c00ab\",\"name\":\"Szymon Krupa\",\"image\":{\"@type\":\"ImageObject\",\"@id\":\"https:\/\/www.lktwg.com\/en\/#personlogo\",\"inLanguage\":\"en-US\",\"url\":\"https:\/\/secure.gravatar.com\/avatar\/c0e2b7c0f015fe0d6c14ac0951d89111?s=96&d=mm&r=g\",\"caption\":\"Szymon Krupa\"}}]}<\/script>\n<!-- \/ Yoast SEO plugin. -->","_links":{"self":[{"href":"https:\/\/www.lktwg.com\/en\/wp-json\/wp\/v2\/posts\/3560"}],"collection":[{"href":"https:\/\/www.lktwg.com\/en\/wp-json\/wp\/v2\/posts"}],"about":[{"href":"https:\/\/www.lktwg.com\/en\/wp-json\/wp\/v2\/types\/post"}],"author":[{"embeddable":true,"href":"https:\/\/www.lktwg.com\/en\/wp-json\/wp\/v2\/users\/4"}],"replies":[{"embeddable":true,"href":"https:\/\/www.lktwg.com\/en\/wp-json\/wp\/v2\/comments?post=3560"}],"version-history":[{"count":2,"href":"https:\/\/www.lktwg.com\/en\/wp-json\/wp\/v2\/posts\/3560\/revisions"}],"predecessor-version":[{"id":3562,"href":"https:\/\/www.lktwg.com\/en\/wp-json\/wp\/v2\/posts\/3560\/revisions\/3562"}],"wp:featuredmedia":[{"embeddable":true,"href":"https:\/\/www.lktwg.com\/en\/wp-json\/wp\/v2\/media\/3552"}],"wp:attachment":[{"href":"https:\/\/www.lktwg.com\/en\/wp-json\/wp\/v2\/media?parent=3560"}],"wp:term":[{"taxonomy":"category","embeddable":true,"href":"https:\/\/www.lktwg.com\/en\/wp-json\/wp\/v2\/categories?post=3560"},{"taxonomy":"post_tag","embeddable":true,"href":"https:\/\/www.lktwg.com\/en\/wp-json\/wp\/v2\/tags?post=3560"}],"curies":[{"name":"wp","href":"https:\/\/api.w.org\/{rel}","templated":true}]}}