{"id":3416,"date":"2019-01-07T19:16:12","date_gmt":"2019-01-07T18:16:12","guid":{"rendered":"http:\/\/www.lktwg.com\/?p=3416"},"modified":"2019-01-07T19:16:12","modified_gmt":"2019-01-07T18:16:12","slug":"74-fim-rally-2019-spotkanie-organizacyjne","status":"publish","type":"post","link":"https:\/\/www.lktwg.com\/en\/74-fim-rally-2019-spotkanie-organizacyjne\/","title":{"rendered":"74 Fim Rally 2019- Spotkanie organizacyjne!"},"content":{"rendered":"<p class=\"qtranxs-available-languages-message qtranxs-available-languages-message-en\">Sorry, this entry is only available in <a href=\"https:\/\/www.lktwg.com\/pl\/wp-json\/wp\/v2\/posts\/3416\" class=\"qtranxs-available-language-link qtranxs-available-language-link-pl\" title=\"Polski\">Polish<\/a>. For the sake of viewer convenience, the content is shown below in the alternative language. You may click the link to switch the active language.<\/p><style type=\"text\/css\"><\/style><p>Witam turyst\u00f3w motocyklowych &#8220;Wycz\u00f3\u0142a&#8221; !<\/p>\n<p>Zapraszam wszystkich zainteresowanych cz\u0142onk\u00f3w klubu na spotkanie organizacyjne dotycz\u0105ce wyjazdu na<br \/>\n74 Fim Rally 2019 Denmark &#8211; Roskilde. Zebranie odb\u0119dzie si\u0119 w czwartek 10.01.2018 w siedzibie ZOPZM Bydgoszcz ul. Fordo\u0144ska 116 o godzinie 16.30<\/p>\n<p>Link do strony zlotu:<br \/>\nhttps:\/\/fim-rally2019.com<br \/>\n&#8212;<br \/>\nPozdrawiam<br \/>\nBartek Zwolanowski<\/p>","protected":false},"excerpt":{"rendered":"<p>Sorry, this entry is only available in Polish. For the sake of viewer convenience, the content is shown below in the alternative language. You may click the link to switch the active language.Witam turyst\u00f3w motocyklowych &#8220;Wycz\u00f3\u0142a&#8221; ! Zapraszam wszystkich zainteresowanych cz\u0142onk\u00f3w klubu na spotkanie organizacyjne dotycz\u0105ce wyjazdu na 74 Fim Rally 2019 Denmark &#8211; Roskilde&#8230;.<\/p>\n","protected":false},"author":4,"featured_media":3415,"comment_status":"closed","ping_status":"open","sticky":false,"template":"","format":"image","meta":[],"categories":[1],"tags":[220,134,143],"yoast_head":"<!-- This site is optimized with the Yoast SEO plugin v15.2.1 - https:\/\/yoast.com\/wordpress\/plugins\/seo\/ -->\n<title>74 Fim Rally 2019- Spotkanie organizacyjne! - LKT Wycz\u00f3\u0142 Go\u015bcieradz Polska<\/title>\n<meta name=\"robots\" content=\"index, follow, max-snippet:-1, max-image-preview:large, max-video-preview:-1\" \/>\n<link rel=\"canonical\" href=\"https:\/\/www.lktwg.com\/74-fim-rally-2019-spotkanie-organizacyjne\/\" \/>\n<meta property=\"og:locale\" content=\"en_US\" \/>\n<meta property=\"og:type\" content=\"article\" \/>\n<meta property=\"og:title\" content=\"74 Fim Rally 2019- Spotkanie organizacyjne! - LKT Wycz\u00f3\u0142 Go\u015bcieradz Polska\" \/>\n<meta property=\"og:description\" content=\"Sorry, this entry is only available in Polish. For the sake of viewer convenience, the content is shown below in the alternative language. You may click the link to switch the active language.Witam turyst\u00f3w motocyklowych &#8220;Wycz\u00f3\u0142a&#8221; ! Zapraszam wszystkich zainteresowanych cz\u0142onk\u00f3w klubu na spotkanie organizacyjne dotycz\u0105ce wyjazdu na 74 Fim Rally 2019 Denmark &#8211; Roskilde....\" \/>\n<meta property=\"og:url\" content=\"https:\/\/www.lktwg.com\/74-fim-rally-2019-spotkanie-organizacyjne\/\" \/>\n<meta property=\"og:site_name\" content=\"LKT Wycz\u00f3\u0142 Go\u015bcieradz Polska\" \/>\n<meta property=\"article:publisher\" content=\"https:\/\/www.facebook.com\/lktwyczol\/\" \/>\n<meta property=\"article:published_time\" content=\"2019-01-07T18:16:12+00:00\" \/>\n<meta property=\"og:image\" content=\"https:\/\/www.lktwg.com\/wp-content\/uploads\/2019\/01\/touringlogo.png\" \/>\n\t<meta property=\"og:image:width\" content=\"421\" \/>\n\t<meta property=\"og:image:height\" content=\"421\" \/>\n<meta name=\"twitter:card\" content=\"summary\" \/>\n<meta name=\"twitter:label1\" content=\"Written by\">\n\t<meta name=\"twitter:data1\" content=\"Szymon Krupa\">\n\t<meta name=\"twitter:label2\" content=\"Est. reading time\">\n\t<meta name=\"twitter:data2\" content=\"0 minutes\">\n<script type=\"application\/ld+json\" class=\"yoast-schema-graph\">{\"@context\":\"https:\/\/schema.org\",\"@graph\":[{\"@type\":\"WebSite\",\"@id\":\"https:\/\/www.lktwg.com\/en\/#website\",\"url\":\"https:\/\/www.lktwg.com\/en\/\",\"name\":\"LKT Wycz\\u00f3\\u0142 Go\\u015bcieradz Polska\",\"description\":\"Ludowy Klub Turystyczny\",\"potentialAction\":[{\"@type\":\"SearchAction\",\"target\":\"https:\/\/www.lktwg.com\/en\/?s={search_term_string}\",\"query-input\":\"required name=search_term_string\"}],\"inLanguage\":\"en-US\"},{\"@type\":\"ImageObject\",\"@id\":\"https:\/\/www.lktwg.com\/74-fim-rally-2019-spotkanie-organizacyjne\/#primaryimage\",\"inLanguage\":\"en-US\",\"url\":\"https:\/\/www.lktwg.com\/wp-content\/uploads\/2019\/01\/touringlogo.png\",\"width\":421,\"height\":421},{\"@type\":\"WebPage\",\"@id\":\"https:\/\/www.lktwg.com\/74-fim-rally-2019-spotkanie-organizacyjne\/#webpage\",\"url\":\"https:\/\/www.lktwg.com\/74-fim-rally-2019-spotkanie-organizacyjne\/\",\"name\":\"74 Fim Rally 2019- Spotkanie organizacyjne! - LKT Wycz\\u00f3\\u0142 Go\\u015bcieradz Polska\",\"isPartOf\":{\"@id\":\"https:\/\/www.lktwg.com\/en\/#website\"},\"primaryImageOfPage\":{\"@id\":\"https:\/\/www.lktwg.com\/74-fim-rally-2019-spotkanie-organizacyjne\/#primaryimage\"},\"datePublished\":\"2019-01-07T18:16:12+00:00\",\"dateModified\":\"2019-01-07T18:16:12+00:00\",\"author\":{\"@id\":\"https:\/\/www.lktwg.com\/en\/#\/schema\/person\/6bdf16306d63f6890497ce5c248c00ab\"},\"inLanguage\":\"en-US\",\"potentialAction\":[{\"@type\":\"ReadAction\",\"target\":[\"https:\/\/www.lktwg.com\/74-fim-rally-2019-spotkanie-organizacyjne\/\"]}]},{\"@type\":\"Person\",\"@id\":\"https:\/\/www.lktwg.com\/en\/#\/schema\/person\/6bdf16306d63f6890497ce5c248c00ab\",\"name\":\"Szymon Krupa\",\"image\":{\"@type\":\"ImageObject\",\"@id\":\"https:\/\/www.lktwg.com\/en\/#personlogo\",\"inLanguage\":\"en-US\",\"url\":\"https:\/\/secure.gravatar.com\/avatar\/c0e2b7c0f015fe0d6c14ac0951d89111?s=96&d=mm&r=g\",\"caption\":\"Szymon Krupa\"}}]}<\/script>\n<!-- \/ Yoast SEO plugin. -->","_links":{"self":[{"href":"https:\/\/www.lktwg.com\/en\/wp-json\/wp\/v2\/posts\/3416"}],"collection":[{"href":"https:\/\/www.lktwg.com\/en\/wp-json\/wp\/v2\/posts"}],"about":[{"href":"https:\/\/www.lktwg.com\/en\/wp-json\/wp\/v2\/types\/post"}],"author":[{"embeddable":true,"href":"https:\/\/www.lktwg.com\/en\/wp-json\/wp\/v2\/users\/4"}],"replies":[{"embeddable":true,"href":"https:\/\/www.lktwg.com\/en\/wp-json\/wp\/v2\/comments?post=3416"}],"version-history":[{"count":1,"href":"https:\/\/www.lktwg.com\/en\/wp-json\/wp\/v2\/posts\/3416\/revisions"}],"predecessor-version":[{"id":3417,"href":"https:\/\/www.lktwg.com\/en\/wp-json\/wp\/v2\/posts\/3416\/revisions\/3417"}],"wp:featuredmedia":[{"embeddable":true,"href":"https:\/\/www.lktwg.com\/en\/wp-json\/wp\/v2\/media\/3415"}],"wp:attachment":[{"href":"https:\/\/www.lktwg.com\/en\/wp-json\/wp\/v2\/media?parent=3416"}],"wp:term":[{"taxonomy":"category","embeddable":true,"href":"https:\/\/www.lktwg.com\/en\/wp-json\/wp\/v2\/categories?post=3416"},{"taxonomy":"post_tag","embeddable":true,"href":"https:\/\/www.lktwg.com\/en\/wp-json\/wp\/v2\/tags?post=3416"}],"curies":[{"name":"wp","href":"https:\/\/api.w.org\/{rel}","templated":true}]}}