{"id":3387,"date":"2018-12-01T16:49:43","date_gmt":"2018-12-01T15:49:43","guid":{"rendered":"http:\/\/www.lktwg.com\/?p=3387"},"modified":"2018-12-07T10:03:28","modified_gmt":"2018-12-07T09:03:28","slug":"55-lecie-ludowego-klubu-turystycznego-wyczol-goscieradz","status":"publish","type":"post","link":"https:\/\/www.lktwg.com\/en\/55-lecie-ludowego-klubu-turystycznego-wyczol-goscieradz\/","title":{"rendered":"55-lecie Ludowego Klubu Turystycznego Wycz\u00f3\u0142 Go\u015bcieradz"},"content":{"rendered":"<p class=\"qtranxs-available-languages-message qtranxs-available-languages-message-en\">Sorry, this entry is only available in <a href=\"https:\/\/www.lktwg.com\/pl\/wp-json\/wp\/v2\/posts\/3387\" class=\"qtranxs-available-language-link qtranxs-available-language-link-pl\" title=\"Polski\">Polish<\/a>. For the sake of viewer convenience, the content is shown below in the alternative language. You may click the link to switch the active language.<\/p><style type=\"text\/css\"><\/style><p>Pe\u0142na galeria zdj\u0119\u0107 do pobrania: <a href=\"https:\/\/drive.google.com\/open?id=1XdvDWqADV_rdPiTgGz-guMN-IRRm7jQY\" target=\"_blank\" rel=\"noopener\">55-lecie LKT<\/a><\/p>\n<p>24 listopada by\u0142 wyj\u0105tkowym dniem w\u00a0 historii naszego klubu. Tego dnia obchodzili\u015bmy uroczysto\u015b\u0107 55-lecia Ludowego Klubu Turystycznego, kt\u00f3ra zosta\u0142a zorganizowana w Restauracji ,,Park Hotel w Tryszczynie. Na wydarzenie poza <span id=\"OBJ_PREFIX_DWT100_com_zimbra_date\" class=\"Object\"><span id=\"OBJ_PREFIX_DWT101_com_zimbra_date\" class=\"Object\">cz<\/span><\/span>\u0142onkami klubu przybyli:<\/p>\n<p>\u2022 Micha\u0142 Sikora &#8211; prezes Polskiego Zwi\u0105zku Motorowego,<br \/>\n\u2022 Krzysztof Studzi\u0144ski &#8211; <span id=\"OBJ_PREFIX_DWT102_com_zimbra_date\" class=\"Object\"><span id=\"OBJ_PREFIX_DWT103_com_zimbra_date\" class=\"Object\">cz<\/span><\/span>\u0142onek Zarz\u0105du G\u0142\u00f3wnego PZM,Zast\u0119pc\u0119 przewodnicz\u0105cego GKSS,<br \/>\n\u2022 Stanis\u0142aw Reterski\u00a0 &#8211; przewodnicz\u0105cy GKSPiT\u00a0 Zarz\u0105du G\u0142\u00f3wnego PZM,<br \/>\n\u2022 Jacek Wojciechowski\u00a0 &#8211; prezes Zarz\u0105du Okr\u0119gowego PZM w Bydgoszczy,<br \/>\n\u2022 Micha\u0142 Marsza\u0142kowski &#8211; <span id=\"OBJ_PREFIX_DWT104_com_zimbra_date\" class=\"Object\"><span id=\"OBJ_PREFIX_DWT105_com_zimbra_date\" class=\"Object\">cz<\/span><\/span>\u0142onek Krajowej Rady Zrzeszenia LZS, Przewodnicz\u0105cego Kujawsko-Pomorskiego Zrzeszenia Ludowe Zespo\u0142y Sportowe w Toruniu,<br \/>\n\u2022 Wojciech Oskwarek &#8211; W\u00f3jt Gminy Nowa Wie\u015b Wielka,<br \/>\n\u2022 Alicja Huczy\u0144ska &#8211; Prezes Zarz\u0105du Banku Sp\u00f3\u0142dzielczego w Koronowie,<br \/>\n\u2022 El\u017cbieta Rusielewicz &#8211; radna Miasta Bydgoszczy,<br \/>\n\u2022 Jan Szopi\u0144ski &#8211; Zast\u0119pca Przewodnicz\u0105cego Rady Miasta Bydgoszczy minionej kadencji,<br \/>\nTomasz Meyze\u00a0 &#8211; Naczelnik Wydzia\u0142u Prewencji Komendy Miejskiej Policji w Bydgoszczy,<br \/>\n\u2022 Janusz Kozikowski- <span id=\"OBJ_PREFIX_DWT106_com_zimbra_date\" class=\"Object\"><span id=\"OBJ_PREFIX_DWT107_com_zimbra_date\" class=\"Object\">so<\/span><\/span>\u0142tys wsi Go\u015bcieradz,<br \/>\n\u2022 Mariusz Rydzkowski &#8211; <span id=\"OBJ_PREFIX_DWT108_com_zimbra_date\" class=\"Object\"><span id=\"OBJ_PREFIX_DWT109_com_zimbra_date\" class=\"Object\">cz<\/span><\/span>\u0142onek Zespo\u0142u Medycznego Zarz\u0105du G\u0142\u00f3wnego PZM,<br \/>\n\u2022 Ryszard Mikurda &#8211; b. Prezes Zarz\u0105du Okr\u0119gowego w Kielcach,<br \/>\n\u2022 Piotr Koz\u0142owski- przedstawiciel najstarszego Klubu bydgoskiego KS Gwiazda,<br \/>\n\u2022 Andrzej Szwesta &#8211; Prezes Ochotniczej Stra\u017cy Po\u017carnej w Go\u015bcieradzu,<br \/>\n\u2022 Wieloletni sympatycy i sponsorzy\u00a0 naszego klubu Panowie: Wies\u0142aw Paczkowski, W\u0142adys\u0142aw Horabik i Andrzej Wi\u015bniewski.<\/p>\n<p>Wydarzenie by\u0142o te\u017c okazj\u0105 do wr\u0119czenia odznacze\u0144 oraz wyr\u00f3\u017cnie\u0144 za aktywno\u015b\u0107 w obszarze turystyki motoryzacyjnej. Obecny na wydarzeniu prezes PZM Pan Micha\u0142 Sikora wr\u0119czy\u0142 odznaki honorowe ,,Za Zas\u0142ugi dla Turystyki\u201d nadane przez Ministra Sportu i Turystyki dla prezesa naszego klubu Bartka Zwolanowskiego, Jaros\u0142awa Suwalskiego oraz Wojciecha B\u0142a\u017cejewskiego.<\/p>\n<p>R\u00f3wnie\u017c z r\u0105k Pana Micha\u0142a Sikory nagrody PZM za dzia\u0142ania na rzecz rozwoju sport\u00f3w motorowych, turystyki motorowej i bezpiecze\u0144stwa w ruchu drogowym odebrali dzia\u0142acze:<br \/>\n-Adam Gotowicz- tytu\u0142 \u201eZas\u0142u\u017cony dla Polskiego Zwi\u0105zku Motorowego\u201d<br \/>\n-Wojciech Burzych, Robert Ma\u0142ek, Zbigniew Stelmach, \u0141ukasz Szufrajda, Jacek Wojciechowski- Z\u0142ota Odznaka Honorowa PZM<br \/>\n-Andrzej Moch, Jerzy Nowakowski i Marek Wiczy\u0144ski- Srebrna Odznaka Honorowa PZM<br \/>\n-El\u017cbieta Buszko- Sikora, Waldemar Malesa i Jacek Szynka-Br\u0105zowa Odznaka Honorowa PZM<\/p>\n<p>W imieniu Ludowych Zespo\u0142\u00f3w Sportowych nagrody naszym klubowiczom wr\u0119czy\u0142 prezes LSZ Pan Micha\u0142 Marsza\u0142kowski. Tytu\u0142 ,,Zas\u0142u\u017cony Dzia\u0142acz LZS\u201d otrzymali Zygmunt Gwizda\u0142a i Wies\u0142aw Szafra\u0144ski, a Z\u0142ot\u0105 Odznak\u0105 Honorow\u0105 zostali nagrodzeni Gra\u017cyna Gwizda\u0142a, Roman Kawka oraz Janusz Kozikowski. Srebrna Odznaka Honorowa przypad\u0142a dla Piotra Santusa, Piotrka Ja\u015bka oraz Bart\u0142omieja Wiczy\u0144skiego. Br\u0105zow\u0105 Odznak\u0105 Honorow\u0105 LZS zostali nagrodzeni: Daniel Kawka, Miros\u0142aw Kowalski, Romuald Misterek, Tomasz Meyze, Wies\u0142aw Ruhnke, Wies\u0142aw Rzyduch i Jacek W\u0105sikowski.<\/p>\n<p>Z okazji 55-lecia dzia\u0142alno\u015bci Ludowego Klubu Turystycznego WYCZ\u00d3\u0141 za wieloletni\u0105 wsp\u00f3\u0142prac\u0119 z naszym klubem w zakresie rozwoju sportu motorowego, turystyki motorowej i bezpiecze\u0144stwa w ruchu drogowym\u00a0 uhonorowano przyjaci\u00f3\u0142 klubu. Okoliczno\u015bciowy medal otrzymali:Alicaj Huczy\u0144ska, Micha\u0142 Sikora, Stanis\u0142aw Reterski, Micha\u0142 Marsza\u0142kowski, Jacek Wojciechowski, Krzysztof Studzi\u0144ski, Wojciech Oskwarek, Wies\u0142aw Paczkowski, Andrzej Wi\u015bniewski. Pami\u0105tkowe dyplomy otrzyma\u0142y: Felicja G\u00f3rkiewicz, Krystyna Napiera\u0142a, Wojciech Porzych, Tomasz Meyze, Mariusz Rydzykowski, Janusz Kozikowski, W\u0142adys\u0142\u0105w Horabik, Jan Szopi\u0144ski, Ryszard Mikurda.<\/p>\n<p>Oczywi\u015bcie po zako\u0144czeniu <span id=\"OBJ_PREFIX_DWT110_com_zimbra_date\" class=\"Object\"><span id=\"OBJ_PREFIX_DWT111_com_zimbra_date\" class=\"Object\">cz<\/span><\/span>\u0119\u015bci oficjalne nadszed\u0142 czas wsp\u00f3lnej zabawy przy muzyce w wykonaniu Krzysztofa Filasi\u0144skiego. Nie zabrak\u0142o pysznego tortu z jubileuszowym logo LKT Wycz\u00f3\u0142 Go\u015bcieradz.<\/p>\n<p>Serdecznie dzi\u0119kujemy naszym kubowiczom, przyjacio\u0142om oraz sympatykom za wzi\u0119cie udzia\u0142u w tej pi\u0119knej uroczysto\u015bci i ju\u017c dzi\u015b m\u00f3wimy do zobaczenia na 60-tych urodzinach LKT Wycz\u00f3\u0142 Go\u015bcieradz.<\/p>","protected":false},"excerpt":{"rendered":"<p>Sorry, this entry is only available in Polish. For the sake of viewer convenience, the content is shown below in the alternative language. You may click the link to switch the active language.Pe\u0142na galeria zdj\u0119\u0107 do pobrania: 55-lecie LKT 24 listopada by\u0142 wyj\u0105tkowym dniem w\u00a0 historii naszego klubu. Tego dnia obchodzili\u015bmy uroczysto\u015b\u0107 55-lecia Ludowego Klubu&#8230;<\/p>\n","protected":false},"author":4,"featured_media":3371,"comment_status":"closed","ping_status":"open","sticky":false,"template":"","format":"image","meta":[],"categories":[1],"tags":[213,212,215,91,214],"yoast_head":"<!-- This site is optimized with the Yoast SEO plugin v15.2.1 - https:\/\/yoast.com\/wordpress\/plugins\/seo\/ -->\n<title>55-lecie Ludowego Klubu Turystycznego Wycz\u00f3\u0142 Go\u015bcieradz - LKT Wycz\u00f3\u0142 Go\u015bcieradz Polska<\/title>\n<meta name=\"description\" content=\"55 lat LKT Wycz\u00f3\u0142 Go\u015bcieradz\" \/>\n<meta name=\"robots\" content=\"index, follow, max-snippet:-1, max-image-preview:large, max-video-preview:-1\" \/>\n<link rel=\"canonical\" href=\"https:\/\/www.lktwg.com\/55-lecie-ludowego-klubu-turystycznego-wyczol-goscieradz\/\" \/>\n<meta property=\"og:locale\" content=\"en_US\" \/>\n<meta property=\"og:type\" content=\"article\" \/>\n<meta property=\"og:title\" content=\"55-lecie Ludowego Klubu Turystycznego Wycz\u00f3\u0142 Go\u015bcieradz - LKT Wycz\u00f3\u0142 Go\u015bcieradz Polska\" \/>\n<meta property=\"og:description\" content=\"55 lat LKT Wycz\u00f3\u0142 Go\u015bcieradz\" \/>\n<meta property=\"og:url\" content=\"https:\/\/www.lktwg.com\/55-lecie-ludowego-klubu-turystycznego-wyczol-goscieradz\/\" \/>\n<meta property=\"og:site_name\" content=\"LKT Wycz\u00f3\u0142 Go\u015bcieradz Polska\" \/>\n<meta property=\"article:publisher\" content=\"https:\/\/www.facebook.com\/lktwyczol\/\" \/>\n<meta property=\"article:published_time\" content=\"2018-12-01T15:49:43+00:00\" \/>\n<meta property=\"article:modified_time\" content=\"2018-12-07T09:03:28+00:00\" \/>\n<meta property=\"og:image\" content=\"https:\/\/www.lktwg.com\/wp-content\/uploads\/2018\/12\/IMG_4692.jpg\" \/>\n\t<meta property=\"og:image:width\" content=\"1190\" \/>\n\t<meta property=\"og:image:height\" content=\"793\" \/>\n<meta name=\"twitter:card\" content=\"summary\" \/>\n<meta name=\"twitter:label1\" content=\"Written by\">\n\t<meta name=\"twitter:data1\" content=\"Szymon Krupa\">\n\t<meta name=\"twitter:label2\" content=\"Est. reading time\">\n\t<meta name=\"twitter:data2\" content=\"2 minutes\">\n<script type=\"application\/ld+json\" class=\"yoast-schema-graph\">{\"@context\":\"https:\/\/schema.org\",\"@graph\":[{\"@type\":\"WebSite\",\"@id\":\"https:\/\/www.lktwg.com\/en\/#website\",\"url\":\"https:\/\/www.lktwg.com\/en\/\",\"name\":\"LKT Wycz\\u00f3\\u0142 Go\\u015bcieradz Polska\",\"description\":\"Ludowy Klub Turystyczny\",\"potentialAction\":[{\"@type\":\"SearchAction\",\"target\":\"https:\/\/www.lktwg.com\/en\/?s={search_term_string}\",\"query-input\":\"required name=search_term_string\"}],\"inLanguage\":\"en-US\"},{\"@type\":\"ImageObject\",\"@id\":\"https:\/\/www.lktwg.com\/55-lecie-ludowego-klubu-turystycznego-wyczol-goscieradz\/#primaryimage\",\"inLanguage\":\"en-US\",\"url\":\"https:\/\/www.lktwg.com\/wp-content\/uploads\/2018\/12\/IMG_4692.jpg\",\"width\":1190,\"height\":793},{\"@type\":\"WebPage\",\"@id\":\"https:\/\/www.lktwg.com\/55-lecie-ludowego-klubu-turystycznego-wyczol-goscieradz\/#webpage\",\"url\":\"https:\/\/www.lktwg.com\/55-lecie-ludowego-klubu-turystycznego-wyczol-goscieradz\/\",\"name\":\"55-lecie Ludowego Klubu Turystycznego Wycz\\u00f3\\u0142 Go\\u015bcieradz - LKT Wycz\\u00f3\\u0142 Go\\u015bcieradz Polska\",\"isPartOf\":{\"@id\":\"https:\/\/www.lktwg.com\/en\/#website\"},\"primaryImageOfPage\":{\"@id\":\"https:\/\/www.lktwg.com\/55-lecie-ludowego-klubu-turystycznego-wyczol-goscieradz\/#primaryimage\"},\"datePublished\":\"2018-12-01T15:49:43+00:00\",\"dateModified\":\"2018-12-07T09:03:28+00:00\",\"author\":{\"@id\":\"https:\/\/www.lktwg.com\/en\/#\/schema\/person\/6bdf16306d63f6890497ce5c248c00ab\"},\"description\":\"55 lat LKT Wycz\\u00f3\\u0142 Go\\u015bcieradz\",\"inLanguage\":\"en-US\",\"potentialAction\":[{\"@type\":\"ReadAction\",\"target\":[\"https:\/\/www.lktwg.com\/55-lecie-ludowego-klubu-turystycznego-wyczol-goscieradz\/\"]}]},{\"@type\":\"Person\",\"@id\":\"https:\/\/www.lktwg.com\/en\/#\/schema\/person\/6bdf16306d63f6890497ce5c248c00ab\",\"name\":\"Szymon Krupa\",\"image\":{\"@type\":\"ImageObject\",\"@id\":\"https:\/\/www.lktwg.com\/en\/#personlogo\",\"inLanguage\":\"en-US\",\"url\":\"https:\/\/secure.gravatar.com\/avatar\/c0e2b7c0f015fe0d6c14ac0951d89111?s=96&d=mm&r=g\",\"caption\":\"Szymon Krupa\"}}]}<\/script>\n<!-- \/ Yoast SEO plugin. -->","_links":{"self":[{"href":"https:\/\/www.lktwg.com\/en\/wp-json\/wp\/v2\/posts\/3387"}],"collection":[{"href":"https:\/\/www.lktwg.com\/en\/wp-json\/wp\/v2\/posts"}],"about":[{"href":"https:\/\/www.lktwg.com\/en\/wp-json\/wp\/v2\/types\/post"}],"author":[{"embeddable":true,"href":"https:\/\/www.lktwg.com\/en\/wp-json\/wp\/v2\/users\/4"}],"replies":[{"embeddable":true,"href":"https:\/\/www.lktwg.com\/en\/wp-json\/wp\/v2\/comments?post=3387"}],"version-history":[{"count":3,"href":"https:\/\/www.lktwg.com\/en\/wp-json\/wp\/v2\/posts\/3387\/revisions"}],"predecessor-version":[{"id":3405,"href":"https:\/\/www.lktwg.com\/en\/wp-json\/wp\/v2\/posts\/3387\/revisions\/3405"}],"wp:featuredmedia":[{"embeddable":true,"href":"https:\/\/www.lktwg.com\/en\/wp-json\/wp\/v2\/media\/3371"}],"wp:attachment":[{"href":"https:\/\/www.lktwg.com\/en\/wp-json\/wp\/v2\/media?parent=3387"}],"wp:term":[{"taxonomy":"category","embeddable":true,"href":"https:\/\/www.lktwg.com\/en\/wp-json\/wp\/v2\/categories?post=3387"},{"taxonomy":"post_tag","embeddable":true,"href":"https:\/\/www.lktwg.com\/en\/wp-json\/wp\/v2\/tags?post=3387"}],"curies":[{"name":"wp","href":"https:\/\/api.w.org\/{rel}","templated":true}]}}