{"id":3141,"date":"2018-10-23T22:28:41","date_gmt":"2018-10-23T20:28:41","guid":{"rendered":"http:\/\/www.lktwg.com\/?p=3141"},"modified":"2018-10-23T22:28:41","modified_gmt":"2018-10-23T20:28:41","slug":"rajd-wloclawski-z-udzialem-kierowcow-wyczola","status":"publish","type":"post","link":"https:\/\/www.lktwg.com\/en\/rajd-wloclawski-z-udzialem-kierowcow-wyczola\/","title":{"rendered":"Rajd W\u0142oc\u0142awski z udzia\u0142em kierowc\u00f3w Wycz\u00f3\u0142a"},"content":{"rendered":"<p class=\"qtranxs-available-languages-message qtranxs-available-languages-message-en\">Sorry, this entry is only available in <a href=\"https:\/\/www.lktwg.com\/pl\/wp-json\/wp\/v2\/posts\/3141\" class=\"qtranxs-available-language-link qtranxs-available-language-link-pl\" title=\"Polski\">Polish<\/a>. For the sake of viewer convenience, the content is shown below in the alternative language. You may click the link to switch the active language.<\/p><style type=\"text\/css\"><\/style><p><\/p>\n<div id=\"js_7z\" class=\"_5pbx userContent _3576\" data-ad-preview=\"message\" data-ft=\"{&quot;tn&quot;:&quot;K&quot;}\">\n<p>21 pa\u017adziernika <a class=\"profileLink\" href=\"https:\/\/www.facebook.com\/automobilklub.wloclawski\/?__tn__=K-R&amp;eid=ARDNv7TrPJx_WGpazN4FZJrl8yS2u2qOyp2uMXcduG3RDNy_fd6U9RI2WDgTSJJDwJ8Gat1vrK6M_cGq&amp;fref=mentions&amp;__xts__%5B0%5D=68.ARBvjhDH79Q0MBAQ-nqx_HHFIUCevMJuAfh2utLTY-KGV6OzdJm4rTZZOziXAwKD6HUf5mQNzdbS-Gnj7ThoRMvl5eyS7CWePw4Cib9yj2HgpfSRsXbqrGAclpNVn88_E-61uS9X87lwxAih-jQ1JTtyiJPCA9FvFajlkcoELgBkjO2mczDpIoAVgkqcO7IGGob1YbEnRj4rmiXZgGoE6Pn5\" data-hovercard=\"\/ajax\/hovercard\/page.php?id=189936474382012&amp;extragetparams=%7B%22__tn__%22%3A%22%2CdK-R-R%22%2C%22eid%22%3A%22ARDNv7TrPJx_WGpazN4FZJrl8yS2u2qOyp2uMXcduG3RDNy_fd6U9RI2WDgTSJJDwJ8Gat1vrK6M_cGq%22%2C%22fref%22%3A%22mentions%22%7D\" data-hovercard-prefer-more-content-show=\"1\">Automobilklub W\u0142oc\u0142awski<\/a> zorganizowa\u0142 kolejn\u0105 edycj\u0119 W\u0142oc\u0142awskiego Rajdu Samochodowego zaliczan\u0105 jako IV Runda Mistrzostw Okr\u0119gu Bydgoskiego PZM w Konkursowej Je\u017adzie Samochodem. Na uczestnik\u00f3w czeka\u0142y 3 wymagaj\u0105ce pr\u00f3by o nawierzchni asfaltowo-betonowej, pokonywane w trzech p\u0119tlach. Trasy by\u0142a szybka i techniczna, wi\u0119c ka\u017cdy z kierowc\u00f3w musia\u0142 wykaza\u0107 si\u0119 sporymi umiej\u0119tno\u015bciami w prowadzeniu auta.<br \/>\nW klasie aut o najmniejsze pojemno\u015bci zwyci\u0119\u017cy\u0142 duet naszych klubowicz\u00f3w: Krzysztof Wizner oraz pilot Grzegorz Ka\u017amierczak. 7 miejsce w licznie obsadzonej klasie 2 wywalczy\u0142a za\u0142oga <a class=\"profileLink\" href=\"https:\/\/www.facebook.com\/profile.php?id=100004238646320&amp;__tn__=K-R&amp;eid=ARD4Op9O-599EmJU4kAaduEvIQAPZs9ViaD-MK2mlrUc51gPjN-ZEqcMi_Qq_EWcWGaVhOOMF_OmAo-t&amp;fref=mentions&amp;__xts__%5B0%5D=68.ARBvjhDH79Q0MBAQ-nqx_HHFIUCevMJuAfh2utLTY-KGV6OzdJm4rTZZOziXAwKD6HUf5mQNzdbS-Gnj7ThoRMvl5eyS7CWePw4Cib9yj2HgpfSRsXbqrGAclpNVn88_E-61uS9X87lwxAih-jQ1JTtyiJPCA9FvFajlkcoELgBkjO2mczDpIoAVgkqcO7IGGob1YbEnRj4rmiXZgGoE6Pn5\" data-hovercard=\"\/ajax\/hovercard\/user.php?id=100004238646320&amp;extragetparams=%7B%22__tn__%22%3A%22%2CdK-R-R%22%2C%22eid%22%3A%22ARD4Op9O-599EmJU4kAaduEvIQAPZs9ViaD-MK2mlrUc51gPjN-ZEqcMi_Qq_EWcWGaVhOOMF_OmAo-t%22%2C%22fref%22%3A%22mentions%22%7D\" data-hovercard-prefer-more-content-show=\"1\">Kamil Zaroda<\/a> wraz z pilotem Agnieszk\u0105 Paszkiewicz. W klasie najmocniejszych aut z pucharem za 3 miejsce wr\u00f3ci\u0142 team Aleksander Rzepecki oraz <a class=\"profileLink\" href=\"https:\/\/www.facebook.com\/pawel.cybulski.73?__tn__=K-R&amp;eid=ARB1ZHNuBPJUBdoAT_ryAyPmo1CP5MSbnVwcrUazfx8yLI6NxBkNqtiPWDtNXtnBrGMXY-Uh-liIAPpf&amp;fref=mentions&amp;__xts__%5B0%5D=68.ARBvjhDH79Q0MBAQ-nqx_HHFIUCevMJuAfh2utLTY-KGV6OzdJm4rTZZOziXAwKD6HUf5mQNzdbS-Gnj7ThoRMvl5eyS7CWePw4Cib9yj2HgpfSRsXbqrGAclpNVn88_E-61uS9X87lwxAih-jQ1JTtyiJPCA9FvFajlkcoELgBkjO2mczDpIoAVgkqcO7IGGob1YbEnRj4rmiXZgGoE6Pn5\" data-hovercard=\"\/ajax\/hovercard\/user.php?id=100012570134847&amp;extragetparams=%7B%22__tn__%22%3A%22%2CdK-R-R%22%2C%22eid%22%3A%22ARB1ZHNuBPJUBdoAT_ryAyPmo1CP5MSbnVwcrUazfx8yLI6NxBkNqtiPWDtNXtnBrGMXY-Uh-liIAPpf%22%2C%22fref%22%3A%22mentions%22%7D\" data-hovercard-prefer-more-content-show=\"1\">Pawel Cybulski<\/a>.<\/p>\n<p>Zach\u0119camy do obejrzenia video w wykonaniu Krzysztofa Wiznera<br \/>\n<a href=\"https:\/\/www.youtube.com\/watch?v=4DWGDl75MeQ&amp;feature=youtu.be&amp;fbclid=IwAR2WteCIA4ZDyQd25VckPiUsqcye6PyB33wEGf6XqGQpjWVoQKbEszuNGIM\" target=\"_blank\" rel=\"noopener nofollow\" data-ft=\"{&quot;tn&quot;:&quot;-U&quot;}\" data-lynx-mode=\"async\" data-lynx-uri=\"https:\/\/l.facebook.com\/l.php?u=https%3A%2F%2Fwww.youtube.com%2Fwatch%3Fv%3D4DWGDl75MeQ%26feature%3Dyoutu.be%26fbclid%3DIwAR2WteCIA4ZDyQd25VckPiUsqcye6PyB33wEGf6XqGQpjWVoQKbEszuNGIM&amp;h=AT2SiQPymodHND3Y6G58MwzuWdz2Vuf-yd-KAhtReqm3DFjG4YRXivSlFuhMV6MKUKGbthwg_w-HEBdqVVkVgwyryNisWLlglbTnFpRlXa6w0GvGjaXlZtwtcCledaZ0LAqj8C6cJkKBZgQTrqB5P5cHyVqRYuJgJ-6YEyDt93z4J3RJyNzr89AwtlqFlrsiNNGh8H5Vxpzkav45BDz5-UC5OnbaZ0suJjMieuusPOaO6CktQa1CQc0tV3Sr8c_973pLdlr4KYH1YBGSpLQ2xMMKa5fYmx6tU_YOvholDYE9HTJ5garj8LwLmBx4l__C_AtKvIQLcRkRZo6acd7BZFE5fwTlPc3g_oRA9R-x822VCx898gndVmNnZ9SdxG9mUaxdT9YH6oU6K9pQRt9L2CdAD49idKUumibT7uFvQB3OFZuBCKvr_VnkKycR8jgpb5_yPQKyvauC_g\">https:\/\/www.youtube.com\/watch\u2026<\/a><\/p>\n<\/div>\n<p><\/p>","protected":false},"excerpt":{"rendered":"<p>Sorry, this entry is only available in Polish. For the sake of viewer convenience, the content is shown below in the alternative language. You may click the link to switch the active language. 21 pa\u017adziernika Automobilklub W\u0142oc\u0142awski zorganizowa\u0142 kolejn\u0105 edycj\u0119 W\u0142oc\u0142awskiego Rajdu Samochodowego zaliczan\u0105 jako IV Runda Mistrzostw Okr\u0119gu Bydgoskiego PZM w Konkursowej Je\u017adzie Samochodem&#8230;.<\/p>\n","protected":false},"author":4,"featured_media":3127,"comment_status":"closed","ping_status":"open","sticky":false,"template":"","format":"gallery","meta":[],"categories":[1],"tags":[211,210,100,209],"yoast_head":"<!-- This site is optimized with the Yoast SEO plugin v15.2.1 - https:\/\/yoast.com\/wordpress\/plugins\/seo\/ -->\n<title>Rajd W\u0142oc\u0142awski z udzia\u0142em kierowc\u00f3w Wycz\u00f3\u0142a - LKT Wycz\u00f3\u0142 Go\u015bcieradz Polska<\/title>\n<meta name=\"robots\" content=\"index, follow, max-snippet:-1, max-image-preview:large, max-video-preview:-1\" \/>\n<link rel=\"canonical\" href=\"https:\/\/www.lktwg.com\/en\/rajd-wloclawski-z-udzialem-kierowcow-wyczola\/\" \/>\n<meta property=\"og:locale\" content=\"en_US\" \/>\n<meta property=\"og:type\" content=\"article\" \/>\n<meta property=\"og:title\" content=\"Rajd W\u0142oc\u0142awski z udzia\u0142em kierowc\u00f3w Wycz\u00f3\u0142a - LKT Wycz\u00f3\u0142 Go\u015bcieradz Polska\" \/>\n<meta property=\"og:description\" content=\"Sorry, this entry is only available in Polish. For the sake of viewer convenience, the content is shown below in the alternative language. You may click the link to switch the active language. 21 pa\u017adziernika Automobilklub W\u0142oc\u0142awski zorganizowa\u0142 kolejn\u0105 edycj\u0119 W\u0142oc\u0142awskiego Rajdu Samochodowego zaliczan\u0105 jako IV Runda Mistrzostw Okr\u0119gu Bydgoskiego PZM w Konkursowej Je\u017adzie Samochodem....\" \/>\n<meta property=\"og:url\" content=\"https:\/\/www.lktwg.com\/en\/rajd-wloclawski-z-udzialem-kierowcow-wyczola\/\" \/>\n<meta property=\"og:site_name\" content=\"LKT Wycz\u00f3\u0142 Go\u015bcieradz Polska\" \/>\n<meta property=\"article:publisher\" content=\"https:\/\/www.facebook.com\/lktwyczol\/\" \/>\n<meta property=\"article:published_time\" content=\"2018-10-23T20:28:41+00:00\" \/>\n<meta property=\"og:image\" content=\"https:\/\/www.lktwg.com\/wp-content\/uploads\/2018\/10\/IMG_20181021_163620.jpg\" \/>\n\t<meta property=\"og:image:width\" content=\"2764\" \/>\n\t<meta property=\"og:image:height\" content=\"2073\" \/>\n<meta name=\"twitter:card\" content=\"summary\" \/>\n<meta name=\"twitter:label1\" content=\"Written by\">\n\t<meta name=\"twitter:data1\" content=\"Szymon Krupa\">\n\t<meta name=\"twitter:label2\" content=\"Est. reading time\">\n\t<meta name=\"twitter:data2\" content=\"1 minute\">\n<script type=\"application\/ld+json\" class=\"yoast-schema-graph\">{\"@context\":\"https:\/\/schema.org\",\"@graph\":[{\"@type\":\"WebSite\",\"@id\":\"https:\/\/www.lktwg.com\/en\/#website\",\"url\":\"https:\/\/www.lktwg.com\/en\/\",\"name\":\"LKT Wycz\\u00f3\\u0142 Go\\u015bcieradz Polska\",\"description\":\"Ludowy Klub Turystyczny\",\"potentialAction\":[{\"@type\":\"SearchAction\",\"target\":\"https:\/\/www.lktwg.com\/en\/?s={search_term_string}\",\"query-input\":\"required name=search_term_string\"}],\"inLanguage\":\"en-US\"},{\"@type\":\"ImageObject\",\"@id\":\"https:\/\/www.lktwg.com\/en\/rajd-wloclawski-z-udzialem-kierowcow-wyczola\/#primaryimage\",\"inLanguage\":\"en-US\",\"url\":\"https:\/\/www.lktwg.com\/wp-content\/uploads\/2018\/10\/IMG_20181021_163620.jpg\",\"width\":2764,\"height\":2073},{\"@type\":\"WebPage\",\"@id\":\"https:\/\/www.lktwg.com\/en\/rajd-wloclawski-z-udzialem-kierowcow-wyczola\/#webpage\",\"url\":\"https:\/\/www.lktwg.com\/en\/rajd-wloclawski-z-udzialem-kierowcow-wyczola\/\",\"name\":\"Rajd W\\u0142oc\\u0142awski z udzia\\u0142em kierowc\\u00f3w Wycz\\u00f3\\u0142a - LKT Wycz\\u00f3\\u0142 Go\\u015bcieradz Polska\",\"isPartOf\":{\"@id\":\"https:\/\/www.lktwg.com\/en\/#website\"},\"primaryImageOfPage\":{\"@id\":\"https:\/\/www.lktwg.com\/en\/rajd-wloclawski-z-udzialem-kierowcow-wyczola\/#primaryimage\"},\"datePublished\":\"2018-10-23T20:28:41+00:00\",\"dateModified\":\"2018-10-23T20:28:41+00:00\",\"author\":{\"@id\":\"https:\/\/www.lktwg.com\/en\/#\/schema\/person\/6bdf16306d63f6890497ce5c248c00ab\"},\"inLanguage\":\"en-US\",\"potentialAction\":[{\"@type\":\"ReadAction\",\"target\":[\"https:\/\/www.lktwg.com\/en\/rajd-wloclawski-z-udzialem-kierowcow-wyczola\/\"]}]},{\"@type\":\"Person\",\"@id\":\"https:\/\/www.lktwg.com\/en\/#\/schema\/person\/6bdf16306d63f6890497ce5c248c00ab\",\"name\":\"Szymon Krupa\",\"image\":{\"@type\":\"ImageObject\",\"@id\":\"https:\/\/www.lktwg.com\/en\/#personlogo\",\"inLanguage\":\"en-US\",\"url\":\"https:\/\/secure.gravatar.com\/avatar\/c0e2b7c0f015fe0d6c14ac0951d89111?s=96&d=mm&r=g\",\"caption\":\"Szymon Krupa\"}}]}<\/script>\n<!-- \/ Yoast SEO plugin. -->","_links":{"self":[{"href":"https:\/\/www.lktwg.com\/en\/wp-json\/wp\/v2\/posts\/3141"}],"collection":[{"href":"https:\/\/www.lktwg.com\/en\/wp-json\/wp\/v2\/posts"}],"about":[{"href":"https:\/\/www.lktwg.com\/en\/wp-json\/wp\/v2\/types\/post"}],"author":[{"embeddable":true,"href":"https:\/\/www.lktwg.com\/en\/wp-json\/wp\/v2\/users\/4"}],"replies":[{"embeddable":true,"href":"https:\/\/www.lktwg.com\/en\/wp-json\/wp\/v2\/comments?post=3141"}],"version-history":[{"count":1,"href":"https:\/\/www.lktwg.com\/en\/wp-json\/wp\/v2\/posts\/3141\/revisions"}],"predecessor-version":[{"id":3142,"href":"https:\/\/www.lktwg.com\/en\/wp-json\/wp\/v2\/posts\/3141\/revisions\/3142"}],"wp:featuredmedia":[{"embeddable":true,"href":"https:\/\/www.lktwg.com\/en\/wp-json\/wp\/v2\/media\/3127"}],"wp:attachment":[{"href":"https:\/\/www.lktwg.com\/en\/wp-json\/wp\/v2\/media?parent=3141"}],"wp:term":[{"taxonomy":"category","embeddable":true,"href":"https:\/\/www.lktwg.com\/en\/wp-json\/wp\/v2\/categories?post=3141"},{"taxonomy":"post_tag","embeddable":true,"href":"https:\/\/www.lktwg.com\/en\/wp-json\/wp\/v2\/tags?post=3141"}],"curies":[{"name":"wp","href":"https:\/\/api.w.org\/{rel}","templated":true}]}}