{"id":3020,"date":"2018-09-29T11:39:30","date_gmt":"2018-09-29T09:39:30","guid":{"rendered":"http:\/\/www.lktwg.com\/?p=3020"},"modified":"2018-09-29T11:39:30","modified_gmt":"2018-09-29T09:39:30","slug":"czeskie-supermoto","status":"publish","type":"post","link":"https:\/\/www.lktwg.com\/en\/czeskie-supermoto\/","title":{"rendered":"Czeskie supermoto"},"content":{"rendered":"<p class=\"qtranxs-available-languages-message qtranxs-available-languages-message-en\">Sorry, this entry is only available in <a href=\"https:\/\/www.lktwg.com\/pl\/wp-json\/wp\/v2\/posts\/3020\" class=\"qtranxs-available-language-link qtranxs-available-language-link-pl\" title=\"Polski\">Polish<\/a>. For the sake of viewer convenience, the content is shown below in the alternative language. You may click the link to switch the active language.<\/p><style type=\"text\/css\"><\/style><p><\/p>\n<div id=\"js_n6\" class=\"_5pbx userContent _3576\" data-ft=\"{&quot;tn&quot;:&quot;K&quot;}\">\n<p>Sezon supermoto w Polsce zosta\u0142 zako\u0144czony 19 sierpnia w Koszalinie, gdzie zosta\u0142a rozegrana IV runda MP i PP, ale to nie oznacza, \u017ce zawodnicy tej pi\u0119knej dyscypliny rozpocz\u0119li okres zimowy. W miniony weekend odby\u0142a si\u0119 ostatnia runda Mistrzostw i Pucharu Czech, gdzie na starcie stan\u0119\u0142o naszych dw\u00f3ch klubowicz\u00f3w. Zawody zosta\u0142y rozegrane na <a class=\"profileLink\" href=\"https:\/\/www.facebook.com\/pages\/Autodrom-Vysok%C3%A9-M%C3%BDto\/236948893024478?__tn__=K-R&amp;eid=ARC_Gw4DEhylG0G5bo_r9j4FUa00xZziSVTsk3D1yz0qsjClR-oKjSBQaZxFEi08Sl9hFUpW-BLukjdY&amp;fref=mentions&amp;__xts__%5B0%5D=68.ARDVgOeMlsHTyQzDWk96EUpHuwCtrs7OxG9EDr3pZmgMhG0BXoHB1A9qnRHtwfqCaVbemhZR0uD3VV8crpXoSsyUrWopXZOm4jCy-Ij2pHhc9y7fwFS2BqWl-Xn_GTjeeatwjHC3xNhkWN6OSNrs48xfQfrfdQs8SJt_jq8YQ9S44pZjHMQw\" data-hovercard=\"\/ajax\/hovercard\/page.php?id=236948893024478&amp;extragetparams=%7B%22__tn__%22%3A%22%2CdK-R-R%22%2C%22eid%22%3A%22ARC_Gw4DEhylG0G5bo_r9j4FUa00xZziSVTsk3D1yz0qsjClR-oKjSBQaZxFEi08Sl9hFUpW-BLukjdY%22%2C%22fref%22%3A%22mentions%22%7D\" data-hovercard-prefer-more-content-show=\"1\">Autodrom Vysok\u00e9 M\u00fdto<\/a>, kt\u00f3ry jest zlokalizowany niespe\u0142na 100km od polskiej granicy. Po walce na deszczowej nawierzchni z pucharem 3 miejsce w klasie S2 wr\u00f3ci\u0142 do kraju <a class=\"profileLink\" href=\"https:\/\/www.facebook.com\/profile.php?id=100011581444073&amp;fref=mentions&amp;__xts__%5B0%5D=68.ARDVgOeMlsHTyQzDWk96EUpHuwCtrs7OxG9EDr3pZmgMhG0BXoHB1A9qnRHtwfqCaVbemhZR0uD3VV8crpXoSsyUrWopXZOm4jCy-Ij2pHhc9y7fwFS2BqWl-Xn_GTjeeatwjHC3xNhkWN6OSNrs48xfQfrfdQs8SJt_jq8YQ9S44pZjHMQw&amp;__tn__=K-R\" data-hovercard=\"\/ajax\/hovercard\/user.php?id=100011581444073&amp;extragetparams=%7B%22fref%22%3A%22mentions%22%7D\" data-hovercard-prefer-more-content-show=\"1\">Micha\u0142 Pawlik<\/a>, a <a class=\"profileLink\" href=\"https:\/\/www.facebook.com\/maciej.wisniewski.731?fref=mentions&amp;__xts__%5B0%5D=68.ARDVgOeMlsHTyQzDWk96EUpHuwCtrs7OxG9EDr3pZmgMhG0BXoHB1A9qnRHtwfqCaVbemhZR0uD3VV8crpXoSsyUrWopXZOm4jCy-Ij2pHhc9y7fwFS2BqWl-Xn_GTjeeatwjHC3xNhkWN6OSNrs48xfQfrfdQs8SJt_jq8YQ9S44pZjHMQw&amp;__tn__=K-R\" data-hovercard=\"\/ajax\/hovercard\/user.php?id=100003843341679&amp;extragetparams=%7B%22fref%22%3A%22mentions%22%7D\" data-hovercard-prefer-more-content-show=\"1\">Maciej Wi\u015bniewski<\/a>ej zaj\u0105\u0142 9 miejsce r\u00f3wnie\u017c w klasie S2. Serdecznie gratulujemy!<\/p>\n<p><a class=\"profileLink\" href=\"https:\/\/www.facebook.com\/Wilmat-352025114823344\/?__tn__=K-R&amp;eid=ARB0law1vwicKrJATcEYs_9oeBp25lXiNSmqvCxh4eTgFFzuP-bwcyRgMZ1ikXpyh8v8ZkEHj4dXkXrT&amp;fref=mentions&amp;__xts__%5B0%5D=68.ARDVgOeMlsHTyQzDWk96EUpHuwCtrs7OxG9EDr3pZmgMhG0BXoHB1A9qnRHtwfqCaVbemhZR0uD3VV8crpXoSsyUrWopXZOm4jCy-Ij2pHhc9y7fwFS2BqWl-Xn_GTjeeatwjHC3xNhkWN6OSNrs48xfQfrfdQs8SJt_jq8YQ9S44pZjHMQw\" data-hovercard=\"\/ajax\/hovercard\/page.php?id=352025114823344&amp;extragetparams=%7B%22__tn__%22%3A%22%2CdK-R-R%22%2C%22eid%22%3A%22ARB0law1vwicKrJATcEYs_9oeBp25lXiNSmqvCxh4eTgFFzuP-bwcyRgMZ1ikXpyh8v8ZkEHj4dXkXrT%22%2C%22fref%22%3A%22mentions%22%7D\" data-hovercard-prefer-more-content-show=\"1\">Wilmat<\/a> <a class=\"profileLink\" href=\"https:\/\/www.facebook.com\/DunlopMotorsportPolska\/?__tn__=K-R&amp;eid=ARC5-iRBEt1ibEsrs7d7dHifDZ0krBYyZFJXCnK0JSPYYNeM5piZ40BReZPny_fL_uzZC70I-NVuZeIr&amp;fref=mentions&amp;__xts__%5B0%5D=68.ARDVgOeMlsHTyQzDWk96EUpHuwCtrs7OxG9EDr3pZmgMhG0BXoHB1A9qnRHtwfqCaVbemhZR0uD3VV8crpXoSsyUrWopXZOm4jCy-Ij2pHhc9y7fwFS2BqWl-Xn_GTjeeatwjHC3xNhkWN6OSNrs48xfQfrfdQs8SJt_jq8YQ9S44pZjHMQw\" data-hovercard=\"\/ajax\/hovercard\/page.php?id=248755028828523&amp;extragetparams=%7B%22__tn__%22%3A%22%2CdK-R-R%22%2C%22eid%22%3A%22ARC5-iRBEt1ibEsrs7d7dHifDZ0krBYyZFJXCnK0JSPYYNeM5piZ40BReZPny_fL_uzZC70I-NVuZeIr%22%2C%22fref%22%3A%22mentions%22%7D\" data-hovercard-prefer-more-content-show=\"1\">Dunlop Motorsport Polska<\/a> <a class=\"profileLink\" href=\"https:\/\/www.facebook.com\/LizardKingTorun\/?__tn__=K-R&amp;eid=ARBxO-HhkG28n_YXgvmRU8IkfHludsPjwCrhENJ-QsSF2VcgaaktsK-ycJB5DAXA5wAj7RzHdRyAmptT&amp;fref=mentions&amp;__xts__%5B0%5D=68.ARDVgOeMlsHTyQzDWk96EUpHuwCtrs7OxG9EDr3pZmgMhG0BXoHB1A9qnRHtwfqCaVbemhZR0uD3VV8crpXoSsyUrWopXZOm4jCy-Ij2pHhc9y7fwFS2BqWl-Xn_GTjeeatwjHC3xNhkWN6OSNrs48xfQfrfdQs8SJt_jq8YQ9S44pZjHMQw\" data-hovercard=\"\/ajax\/hovercard\/page.php?id=326785181730&amp;extragetparams=%7B%22__tn__%22%3A%22%2CdK-R-R%22%2C%22eid%22%3A%22ARBxO-HhkG28n_YXgvmRU8IkfHludsPjwCrhENJ-QsSF2VcgaaktsK-ycJB5DAXA5wAj7RzHdRyAmptT%22%2C%22fref%22%3A%22mentions%22%7D\" data-hovercard-prefer-more-content-show=\"1\">Lizard King Toru\u0144<\/a> <a class=\"profileLink\" href=\"https:\/\/www.facebook.com\/MMCRsupermoto\/?__tn__=K-R&amp;eid=ARDzQO_HWlh18J1HqdW2SKh2VwfMC9y1hHa71o44TWkQTakJcjA7egxE83OKwAQ-a0D963pT3apYnRuM&amp;fref=mentions&amp;__xts__%5B0%5D=68.ARDVgOeMlsHTyQzDWk96EUpHuwCtrs7OxG9EDr3pZmgMhG0BXoHB1A9qnRHtwfqCaVbemhZR0uD3VV8crpXoSsyUrWopXZOm4jCy-Ij2pHhc9y7fwFS2BqWl-Xn_GTjeeatwjHC3xNhkWN6OSNrs48xfQfrfdQs8SJt_jq8YQ9S44pZjHMQw\" data-hovercard=\"\/ajax\/hovercard\/page.php?id=328636467607854&amp;extragetparams=%7B%22__tn__%22%3A%22%2CdK-R-R%22%2C%22eid%22%3A%22ARDzQO_HWlh18J1HqdW2SKh2VwfMC9y1hHa71o44TWkQTakJcjA7egxE83OKwAQ-a0D963pT3apYnRuM%22%2C%22fref%22%3A%22mentions%22%7D\" data-hovercard-prefer-more-content-show=\"1\">MM\u010cR Supermoto<\/a><\/p>\n<\/div>\n<p><\/p>","protected":false},"excerpt":{"rendered":"<p>Sorry, this entry is only available in Polish. For the sake of viewer convenience, the content is shown below in the alternative language. You may click the link to switch the active language. Sezon supermoto w Polsce zosta\u0142 zako\u0144czony 19 sierpnia w Koszalinie, gdzie zosta\u0142a rozegrana IV runda MP i PP, ale to nie oznacza,&#8230;<\/p>\n","protected":false},"author":4,"featured_media":3014,"comment_status":"closed","ping_status":"open","sticky":false,"template":"","format":"gallery","meta":[],"categories":[150],"tags":[203,93,172],"yoast_head":"<!-- This site is optimized with the Yoast SEO plugin v15.2.1 - https:\/\/yoast.com\/wordpress\/plugins\/seo\/ -->\n<title>Czeskie supermoto - LKT Wycz\u00f3\u0142 Go\u015bcieradz Polska<\/title>\n<meta name=\"robots\" content=\"index, follow, max-snippet:-1, max-image-preview:large, max-video-preview:-1\" \/>\n<link rel=\"canonical\" href=\"https:\/\/www.lktwg.com\/en\/czeskie-supermoto\/\" \/>\n<meta property=\"og:locale\" content=\"en_US\" \/>\n<meta property=\"og:type\" content=\"article\" \/>\n<meta property=\"og:title\" content=\"Czeskie supermoto - LKT Wycz\u00f3\u0142 Go\u015bcieradz Polska\" \/>\n<meta property=\"og:description\" content=\"Sorry, this entry is only available in Polish. For the sake of viewer convenience, the content is shown below in the alternative language. You may click the link to switch the active language. Sezon supermoto w Polsce zosta\u0142 zako\u0144czony 19 sierpnia w Koszalinie, gdzie zosta\u0142a rozegrana IV runda MP i PP, ale to nie oznacza,...\" \/>\n<meta property=\"og:url\" content=\"https:\/\/www.lktwg.com\/en\/czeskie-supermoto\/\" \/>\n<meta property=\"og:site_name\" content=\"LKT Wycz\u00f3\u0142 Go\u015bcieradz Polska\" \/>\n<meta property=\"article:publisher\" content=\"https:\/\/www.facebook.com\/lktwyczol\/\" \/>\n<meta property=\"article:published_time\" content=\"2018-09-29T09:39:30+00:00\" \/>\n<meta property=\"og:image\" content=\"https:\/\/www.lktwg.com\/wp-content\/uploads\/2018\/09\/20180923_110939-1024x576.jpg\" \/>\n\t<meta property=\"og:image:width\" content=\"1024\" \/>\n\t<meta property=\"og:image:height\" content=\"576\" \/>\n<meta name=\"twitter:card\" content=\"summary\" \/>\n<meta name=\"twitter:label1\" content=\"Written by\">\n\t<meta name=\"twitter:data1\" content=\"Szymon Krupa\">\n\t<meta name=\"twitter:label2\" content=\"Est. reading time\">\n\t<meta name=\"twitter:data2\" content=\"0 minutes\">\n<script type=\"application\/ld+json\" class=\"yoast-schema-graph\">{\"@context\":\"https:\/\/schema.org\",\"@graph\":[{\"@type\":\"WebSite\",\"@id\":\"https:\/\/www.lktwg.com\/en\/#website\",\"url\":\"https:\/\/www.lktwg.com\/en\/\",\"name\":\"LKT Wycz\\u00f3\\u0142 Go\\u015bcieradz Polska\",\"description\":\"Ludowy Klub Turystyczny\",\"potentialAction\":[{\"@type\":\"SearchAction\",\"target\":\"https:\/\/www.lktwg.com\/en\/?s={search_term_string}\",\"query-input\":\"required name=search_term_string\"}],\"inLanguage\":\"en-US\"},{\"@type\":\"ImageObject\",\"@id\":\"https:\/\/www.lktwg.com\/en\/czeskie-supermoto\/#primaryimage\",\"inLanguage\":\"en-US\",\"url\":\"https:\/\/www.lktwg.com\/wp-content\/uploads\/2018\/09\/20180923_110939.jpg\",\"width\":4608,\"height\":2592},{\"@type\":\"WebPage\",\"@id\":\"https:\/\/www.lktwg.com\/en\/czeskie-supermoto\/#webpage\",\"url\":\"https:\/\/www.lktwg.com\/en\/czeskie-supermoto\/\",\"name\":\"Czeskie supermoto - LKT Wycz\\u00f3\\u0142 Go\\u015bcieradz Polska\",\"isPartOf\":{\"@id\":\"https:\/\/www.lktwg.com\/en\/#website\"},\"primaryImageOfPage\":{\"@id\":\"https:\/\/www.lktwg.com\/en\/czeskie-supermoto\/#primaryimage\"},\"datePublished\":\"2018-09-29T09:39:30+00:00\",\"dateModified\":\"2018-09-29T09:39:30+00:00\",\"author\":{\"@id\":\"https:\/\/www.lktwg.com\/en\/#\/schema\/person\/6bdf16306d63f6890497ce5c248c00ab\"},\"inLanguage\":\"en-US\",\"potentialAction\":[{\"@type\":\"ReadAction\",\"target\":[\"https:\/\/www.lktwg.com\/en\/czeskie-supermoto\/\"]}]},{\"@type\":\"Person\",\"@id\":\"https:\/\/www.lktwg.com\/en\/#\/schema\/person\/6bdf16306d63f6890497ce5c248c00ab\",\"name\":\"Szymon Krupa\",\"image\":{\"@type\":\"ImageObject\",\"@id\":\"https:\/\/www.lktwg.com\/en\/#personlogo\",\"inLanguage\":\"en-US\",\"url\":\"https:\/\/secure.gravatar.com\/avatar\/c0e2b7c0f015fe0d6c14ac0951d89111?s=96&d=mm&r=g\",\"caption\":\"Szymon Krupa\"}}]}<\/script>\n<!-- \/ Yoast SEO plugin. -->","_links":{"self":[{"href":"https:\/\/www.lktwg.com\/en\/wp-json\/wp\/v2\/posts\/3020"}],"collection":[{"href":"https:\/\/www.lktwg.com\/en\/wp-json\/wp\/v2\/posts"}],"about":[{"href":"https:\/\/www.lktwg.com\/en\/wp-json\/wp\/v2\/types\/post"}],"author":[{"embeddable":true,"href":"https:\/\/www.lktwg.com\/en\/wp-json\/wp\/v2\/users\/4"}],"replies":[{"embeddable":true,"href":"https:\/\/www.lktwg.com\/en\/wp-json\/wp\/v2\/comments?post=3020"}],"version-history":[{"count":1,"href":"https:\/\/www.lktwg.com\/en\/wp-json\/wp\/v2\/posts\/3020\/revisions"}],"predecessor-version":[{"id":3021,"href":"https:\/\/www.lktwg.com\/en\/wp-json\/wp\/v2\/posts\/3020\/revisions\/3021"}],"wp:featuredmedia":[{"embeddable":true,"href":"https:\/\/www.lktwg.com\/en\/wp-json\/wp\/v2\/media\/3014"}],"wp:attachment":[{"href":"https:\/\/www.lktwg.com\/en\/wp-json\/wp\/v2\/media?parent=3020"}],"wp:term":[{"taxonomy":"category","embeddable":true,"href":"https:\/\/www.lktwg.com\/en\/wp-json\/wp\/v2\/categories?post=3020"},{"taxonomy":"post_tag","embeddable":true,"href":"https:\/\/www.lktwg.com\/en\/wp-json\/wp\/v2\/tags?post=3020"}],"curies":[{"name":"wp","href":"https:\/\/api.w.org\/{rel}","templated":true}]}}