{"id":2888,"date":"2018-09-04T07:09:35","date_gmt":"2018-09-04T05:09:35","guid":{"rendered":"http:\/\/www.lktwg.com\/?p=2888"},"modified":"2018-09-09T09:04:56","modified_gmt":"2018-09-09T07:04:56","slug":"fotorelacja-z-podchodow-samochodowych-1-09-2018","status":"publish","type":"post","link":"https:\/\/www.lktwg.com\/en\/fotorelacja-z-podchodow-samochodowych-1-09-2018\/","title":{"rendered":"Fotorelacja z Podchod\u00f3w Samochodowych 1.09.2018"},"content":{"rendered":"<p class=\"qtranxs-available-languages-message qtranxs-available-languages-message-en\">Sorry, this entry is only available in <a href=\"https:\/\/www.lktwg.com\/pl\/wp-json\/wp\/v2\/posts\/2888\" class=\"qtranxs-available-language-link qtranxs-available-language-link-pl\" title=\"Polski\">Polish<\/a>. For the sake of viewer convenience, the content is shown below in the alternative language. You may click the link to switch the active language.<\/p><style type=\"text\/css\"><\/style><p><span data-offset-key=\"a4j0v-0-0\">Zapraszamy do zapoznania si\u0119 z relacj\u0105 z XXII Og\u00f3lnopolskiego Rajdu Ekologicznego ,,Podchody Samochodowe&#8221;. 1 wrze\u015bnia na starcie zameldowa\u0142o si\u0119 15 za\u0142\u00f3g, kt\u00f3re poza rywalizacj\u0105 na trasie uczestniczy\u0142y w zwiedzaniu muzeum w Tryszczynie.<\/span><\/p>\n<p><span data-offset-key=\"a4j0v-0-0\"> Pe\u0142ne wyniki rajdu: https:\/\/drive.google.com\/open?id=1pUIaf9NASdH2I-kHmy835ngaR9aJGW8- <\/span><\/p>\n<p><span data-offset-key=\"a4j0v-0-0\">Zwyci\u0119zcom serdecznie gratulujemy i ju\u017c dzi\u015b zapraszamy 29 wrze\u015bnia na Rajd Grzybobrania (szczeg\u00f3\u0142y wkr\u00f3tce na naszych stronach).<\/span><\/p>","protected":false},"excerpt":{"rendered":"<p>Sorry, this entry is only available in Polish. For the sake of viewer convenience, the content is shown below in the alternative language. You may click the link to switch the active language.Zapraszamy do zapoznania si\u0119 z relacj\u0105 z XXII Og\u00f3lnopolskiego Rajdu Ekologicznego ,,Podchody Samochodowe&#8221;. 1 wrze\u015bnia na starcie zameldowa\u0142o si\u0119 15 za\u0142\u00f3g, kt\u00f3re poza&#8230;<\/p>\n","protected":false},"author":4,"featured_media":2885,"comment_status":"closed","ping_status":"open","sticky":false,"template":"","format":"gallery","meta":[],"categories":[1],"tags":[185,200],"yoast_head":"<!-- This site is optimized with the Yoast SEO plugin v15.2.1 - https:\/\/yoast.com\/wordpress\/plugins\/seo\/ -->\n<title>Fotorelacja z Podchod\u00f3w Samochodowych 1.09.2018 - LKT Wycz\u00f3\u0142 Go\u015bcieradz Polska<\/title>\n<meta name=\"robots\" content=\"index, follow, max-snippet:-1, max-image-preview:large, max-video-preview:-1\" \/>\n<link rel=\"canonical\" href=\"https:\/\/www.lktwg.com\/en\/fotorelacja-z-podchodow-samochodowych-1-09-2018\/\" \/>\n<meta property=\"og:locale\" content=\"en_US\" \/>\n<meta property=\"og:type\" content=\"article\" \/>\n<meta property=\"og:title\" content=\"Fotorelacja z Podchod\u00f3w Samochodowych 1.09.2018 - LKT Wycz\u00f3\u0142 Go\u015bcieradz Polska\" \/>\n<meta property=\"og:description\" content=\"Sorry, this entry is only available in Polish. For the sake of viewer convenience, the content is shown below in the alternative language. You may click the link to switch the active language.Zapraszamy do zapoznania si\u0119 z relacj\u0105 z XXII Og\u00f3lnopolskiego Rajdu Ekologicznego ,,Podchody Samochodowe&#8221;. 1 wrze\u015bnia na starcie zameldowa\u0142o si\u0119 15 za\u0142\u00f3g, kt\u00f3re poza...\" \/>\n<meta property=\"og:url\" content=\"https:\/\/www.lktwg.com\/en\/fotorelacja-z-podchodow-samochodowych-1-09-2018\/\" \/>\n<meta property=\"og:site_name\" content=\"LKT Wycz\u00f3\u0142 Go\u015bcieradz Polska\" \/>\n<meta property=\"article:publisher\" content=\"https:\/\/www.facebook.com\/lktwyczol\/\" \/>\n<meta property=\"article:published_time\" content=\"2018-09-04T05:09:35+00:00\" \/>\n<meta property=\"article:modified_time\" content=\"2018-09-09T07:04:56+00:00\" \/>\n<meta property=\"og:image\" content=\"https:\/\/www.lktwg.com\/wp-content\/uploads\/2018\/09\/IMG_8635.jpg\" \/>\n\t<meta property=\"og:image:width\" content=\"1024\" \/>\n\t<meta property=\"og:image:height\" content=\"768\" \/>\n<meta name=\"twitter:card\" content=\"summary\" \/>\n<meta name=\"twitter:label1\" content=\"Written by\">\n\t<meta name=\"twitter:data1\" content=\"Szymon Krupa\">\n\t<meta name=\"twitter:label2\" content=\"Est. reading time\">\n\t<meta name=\"twitter:data2\" content=\"0 minutes\">\n<script type=\"application\/ld+json\" class=\"yoast-schema-graph\">{\"@context\":\"https:\/\/schema.org\",\"@graph\":[{\"@type\":\"WebSite\",\"@id\":\"https:\/\/www.lktwg.com\/en\/#website\",\"url\":\"https:\/\/www.lktwg.com\/en\/\",\"name\":\"LKT Wycz\\u00f3\\u0142 Go\\u015bcieradz Polska\",\"description\":\"Ludowy Klub Turystyczny\",\"potentialAction\":[{\"@type\":\"SearchAction\",\"target\":\"https:\/\/www.lktwg.com\/en\/?s={search_term_string}\",\"query-input\":\"required name=search_term_string\"}],\"inLanguage\":\"en-US\"},{\"@type\":\"ImageObject\",\"@id\":\"https:\/\/www.lktwg.com\/en\/fotorelacja-z-podchodow-samochodowych-1-09-2018\/#primaryimage\",\"inLanguage\":\"en-US\",\"url\":\"https:\/\/www.lktwg.com\/wp-content\/uploads\/2018\/09\/IMG_8635.jpg\",\"width\":1024,\"height\":768},{\"@type\":\"WebPage\",\"@id\":\"https:\/\/www.lktwg.com\/en\/fotorelacja-z-podchodow-samochodowych-1-09-2018\/#webpage\",\"url\":\"https:\/\/www.lktwg.com\/en\/fotorelacja-z-podchodow-samochodowych-1-09-2018\/\",\"name\":\"Fotorelacja z Podchod\\u00f3w Samochodowych 1.09.2018 - LKT Wycz\\u00f3\\u0142 Go\\u015bcieradz Polska\",\"isPartOf\":{\"@id\":\"https:\/\/www.lktwg.com\/en\/#website\"},\"primaryImageOfPage\":{\"@id\":\"https:\/\/www.lktwg.com\/en\/fotorelacja-z-podchodow-samochodowych-1-09-2018\/#primaryimage\"},\"datePublished\":\"2018-09-04T05:09:35+00:00\",\"dateModified\":\"2018-09-09T07:04:56+00:00\",\"author\":{\"@id\":\"https:\/\/www.lktwg.com\/en\/#\/schema\/person\/6bdf16306d63f6890497ce5c248c00ab\"},\"inLanguage\":\"en-US\",\"potentialAction\":[{\"@type\":\"ReadAction\",\"target\":[\"https:\/\/www.lktwg.com\/en\/fotorelacja-z-podchodow-samochodowych-1-09-2018\/\"]}]},{\"@type\":\"Person\",\"@id\":\"https:\/\/www.lktwg.com\/en\/#\/schema\/person\/6bdf16306d63f6890497ce5c248c00ab\",\"name\":\"Szymon Krupa\",\"image\":{\"@type\":\"ImageObject\",\"@id\":\"https:\/\/www.lktwg.com\/en\/#personlogo\",\"inLanguage\":\"en-US\",\"url\":\"https:\/\/secure.gravatar.com\/avatar\/c0e2b7c0f015fe0d6c14ac0951d89111?s=96&d=mm&r=g\",\"caption\":\"Szymon Krupa\"}}]}<\/script>\n<!-- \/ Yoast SEO plugin. -->","_links":{"self":[{"href":"https:\/\/www.lktwg.com\/en\/wp-json\/wp\/v2\/posts\/2888"}],"collection":[{"href":"https:\/\/www.lktwg.com\/en\/wp-json\/wp\/v2\/posts"}],"about":[{"href":"https:\/\/www.lktwg.com\/en\/wp-json\/wp\/v2\/types\/post"}],"author":[{"embeddable":true,"href":"https:\/\/www.lktwg.com\/en\/wp-json\/wp\/v2\/users\/4"}],"replies":[{"embeddable":true,"href":"https:\/\/www.lktwg.com\/en\/wp-json\/wp\/v2\/comments?post=2888"}],"version-history":[{"count":1,"href":"https:\/\/www.lktwg.com\/en\/wp-json\/wp\/v2\/posts\/2888\/revisions"}],"predecessor-version":[{"id":2889,"href":"https:\/\/www.lktwg.com\/en\/wp-json\/wp\/v2\/posts\/2888\/revisions\/2889"}],"wp:featuredmedia":[{"embeddable":true,"href":"https:\/\/www.lktwg.com\/en\/wp-json\/wp\/v2\/media\/2885"}],"wp:attachment":[{"href":"https:\/\/www.lktwg.com\/en\/wp-json\/wp\/v2\/media?parent=2888"}],"wp:term":[{"taxonomy":"category","embeddable":true,"href":"https:\/\/www.lktwg.com\/en\/wp-json\/wp\/v2\/categories?post=2888"},{"taxonomy":"post_tag","embeddable":true,"href":"https:\/\/www.lktwg.com\/en\/wp-json\/wp\/v2\/tags?post=2888"}],"curies":[{"name":"wp","href":"https:\/\/api.w.org\/{rel}","templated":true}]}}