{"id":2667,"date":"2018-08-25T22:21:05","date_gmt":"2018-08-25T20:21:05","guid":{"rendered":"http:\/\/www.lktwg.com\/?p=2667"},"modified":"2018-08-25T22:26:15","modified_gmt":"2018-08-25T20:26:15","slug":"maksym-szulc-mistrzem-polski","status":"publish","type":"post","link":"https:\/\/www.lktwg.com\/en\/maksym-szulc-mistrzem-polski\/","title":{"rendered":"Maksym Szulc Mistrzem Polski!!!"},"content":{"rendered":"<p class=\"qtranxs-available-languages-message qtranxs-available-languages-message-en\">Sorry, this entry is only available in <a href=\"https:\/\/www.lktwg.com\/pl\/wp-json\/wp\/v2\/posts\/2667\" class=\"qtranxs-available-language-link qtranxs-available-language-link-pl\" title=\"Polski\">Polish<\/a>. For the sake of viewer convenience, the content is shown below in the alternative language. You may click the link to switch the active language.<\/p><style type=\"text\/css\"><\/style><p>Jest nam niezmiernie mi\u0142o zakomunikowa\u0107, \u017ce zawodnik LKT Wycz\u00f3\u0142 Go\u015bcieradz zdoby\u0142 tytu\u0142 Mistrza Polski w rajdach enduro w sezonie 2018r. Podczas dzisiejszych zawod\u00f3w w Roman\u00f3wce Max nie da\u0142 szans rywalom i z du\u017c\u0105 przewag\u0105 wygra\u0142 zawody umacniaj\u0105c si\u0119 na pozycji lidera klasyfikacji klasy Quad Open. Jednocze\u015bnie zdobyta przewaga punktowa zapewni\u0142a naszemu klubowiczowi tytu\u0142 mistrzowski.<\/p>\n<p>Sk\u0142adamy serdecznie gratulacje dla Maxa oraz podzi\u0119kowania dla rodziny, a szczeg\u00f3lnie taty P. Mariana Szulca za wsparcie syna w startach. Jeste\u015bmy dumni, \u017ce kolejny raz zawodnik LKT Wycz\u00f3\u0142 Go\u015bcieradz si\u0119ga po tytu\u0142 Mistrza Polski.<\/p>","protected":false},"excerpt":{"rendered":"<p>Sorry, this entry is only available in Polish. For the sake of viewer convenience, the content is shown below in the alternative language. You may click the link to switch the active language.Jest nam niezmiernie mi\u0142o zakomunikowa\u0107, \u017ce zawodnik LKT Wycz\u00f3\u0142 Go\u015bcieradz zdoby\u0142 tytu\u0142 Mistrza Polski w rajdach enduro w sezonie 2018r. Podczas dzisiejszych zawod\u00f3w&#8230;<\/p>\n","protected":false},"author":4,"featured_media":0,"comment_status":"closed","ping_status":"open","sticky":false,"template":"","format":"image","meta":[],"categories":[58],"tags":[159,115,114,187,186],"yoast_head":"<!-- This site is optimized with the Yoast SEO plugin v15.2.1 - https:\/\/yoast.com\/wordpress\/plugins\/seo\/ -->\n<title>Maksym Szulc Mistrzem Polski!!! - LKT Wycz\u00f3\u0142 Go\u015bcieradz Polska<\/title>\n<meta name=\"robots\" content=\"index, follow, max-snippet:-1, max-image-preview:large, max-video-preview:-1\" \/>\n<link rel=\"canonical\" href=\"https:\/\/www.lktwg.com\/maksym-szulc-mistrzem-polski\/\" \/>\n<meta property=\"og:locale\" content=\"en_US\" \/>\n<meta property=\"og:type\" content=\"article\" \/>\n<meta property=\"og:title\" content=\"Maksym Szulc Mistrzem Polski!!! - LKT Wycz\u00f3\u0142 Go\u015bcieradz Polska\" \/>\n<meta property=\"og:description\" content=\"Sorry, this entry is only available in Polish. For the sake of viewer convenience, the content is shown below in the alternative language. You may click the link to switch the active language.Jest nam niezmiernie mi\u0142o zakomunikowa\u0107, \u017ce zawodnik LKT Wycz\u00f3\u0142 Go\u015bcieradz zdoby\u0142 tytu\u0142 Mistrza Polski w rajdach enduro w sezonie 2018r. Podczas dzisiejszych zawod\u00f3w...\" \/>\n<meta property=\"og:url\" content=\"https:\/\/www.lktwg.com\/maksym-szulc-mistrzem-polski\/\" \/>\n<meta property=\"og:site_name\" content=\"LKT Wycz\u00f3\u0142 Go\u015bcieradz Polska\" \/>\n<meta property=\"article:publisher\" content=\"https:\/\/www.facebook.com\/lktwyczol\/\" \/>\n<meta property=\"article:published_time\" content=\"2018-08-25T20:21:05+00:00\" \/>\n<meta property=\"article:modified_time\" content=\"2018-08-25T20:26:15+00:00\" \/>\n<meta name=\"twitter:card\" content=\"summary\" \/>\n<meta name=\"twitter:label1\" content=\"Written by\">\n\t<meta name=\"twitter:data1\" content=\"Szymon Krupa\">\n\t<meta name=\"twitter:label2\" content=\"Est. reading time\">\n\t<meta name=\"twitter:data2\" content=\"0 minutes\">\n<script type=\"application\/ld+json\" class=\"yoast-schema-graph\">{\"@context\":\"https:\/\/schema.org\",\"@graph\":[{\"@type\":\"WebSite\",\"@id\":\"https:\/\/www.lktwg.com\/en\/#website\",\"url\":\"https:\/\/www.lktwg.com\/en\/\",\"name\":\"LKT Wycz\\u00f3\\u0142 Go\\u015bcieradz Polska\",\"description\":\"Ludowy Klub Turystyczny\",\"potentialAction\":[{\"@type\":\"SearchAction\",\"target\":\"https:\/\/www.lktwg.com\/en\/?s={search_term_string}\",\"query-input\":\"required name=search_term_string\"}],\"inLanguage\":\"en-US\"},{\"@type\":\"WebPage\",\"@id\":\"https:\/\/www.lktwg.com\/maksym-szulc-mistrzem-polski\/#webpage\",\"url\":\"https:\/\/www.lktwg.com\/maksym-szulc-mistrzem-polski\/\",\"name\":\"Maksym Szulc Mistrzem Polski!!! - LKT Wycz\\u00f3\\u0142 Go\\u015bcieradz Polska\",\"isPartOf\":{\"@id\":\"https:\/\/www.lktwg.com\/en\/#website\"},\"datePublished\":\"2018-08-25T20:21:05+00:00\",\"dateModified\":\"2018-08-25T20:26:15+00:00\",\"author\":{\"@id\":\"https:\/\/www.lktwg.com\/en\/#\/schema\/person\/6bdf16306d63f6890497ce5c248c00ab\"},\"inLanguage\":\"en-US\",\"potentialAction\":[{\"@type\":\"ReadAction\",\"target\":[\"https:\/\/www.lktwg.com\/maksym-szulc-mistrzem-polski\/\"]}]},{\"@type\":\"Person\",\"@id\":\"https:\/\/www.lktwg.com\/en\/#\/schema\/person\/6bdf16306d63f6890497ce5c248c00ab\",\"name\":\"Szymon Krupa\",\"image\":{\"@type\":\"ImageObject\",\"@id\":\"https:\/\/www.lktwg.com\/en\/#personlogo\",\"inLanguage\":\"en-US\",\"url\":\"https:\/\/secure.gravatar.com\/avatar\/c0e2b7c0f015fe0d6c14ac0951d89111?s=96&d=mm&r=g\",\"caption\":\"Szymon Krupa\"}}]}<\/script>\n<!-- \/ Yoast SEO plugin. -->","_links":{"self":[{"href":"https:\/\/www.lktwg.com\/en\/wp-json\/wp\/v2\/posts\/2667"}],"collection":[{"href":"https:\/\/www.lktwg.com\/en\/wp-json\/wp\/v2\/posts"}],"about":[{"href":"https:\/\/www.lktwg.com\/en\/wp-json\/wp\/v2\/types\/post"}],"author":[{"embeddable":true,"href":"https:\/\/www.lktwg.com\/en\/wp-json\/wp\/v2\/users\/4"}],"replies":[{"embeddable":true,"href":"https:\/\/www.lktwg.com\/en\/wp-json\/wp\/v2\/comments?post=2667"}],"version-history":[{"count":1,"href":"https:\/\/www.lktwg.com\/en\/wp-json\/wp\/v2\/posts\/2667\/revisions"}],"predecessor-version":[{"id":2669,"href":"https:\/\/www.lktwg.com\/en\/wp-json\/wp\/v2\/posts\/2667\/revisions\/2669"}],"wp:attachment":[{"href":"https:\/\/www.lktwg.com\/en\/wp-json\/wp\/v2\/media?parent=2667"}],"wp:term":[{"taxonomy":"category","embeddable":true,"href":"https:\/\/www.lktwg.com\/en\/wp-json\/wp\/v2\/categories?post=2667"},{"taxonomy":"post_tag","embeddable":true,"href":"https:\/\/www.lktwg.com\/en\/wp-json\/wp\/v2\/tags?post=2667"}],"curies":[{"name":"wp","href":"https:\/\/api.w.org\/{rel}","templated":true}]}}