{"id":2525,"date":"2018-07-27T21:44:12","date_gmt":"2018-07-27T19:44:12","guid":{"rendered":"http:\/\/www.lktwg.com\/?p=2525"},"modified":"2018-07-27T21:47:25","modified_gmt":"2018-07-27T19:47:25","slug":"supermoto-w-motoparku","status":"publish","type":"post","link":"https:\/\/www.lktwg.com\/en\/supermoto-w-motoparku\/","title":{"rendered":"Supermoto w Motoparku"},"content":{"rendered":"<p class=\"qtranxs-available-languages-message qtranxs-available-languages-message-en\">Sorry, this entry is only available in <a href=\"https:\/\/www.lktwg.com\/pl\/wp-json\/wp\/v2\/posts\/2525\" class=\"qtranxs-available-language-link qtranxs-available-language-link-pl\" title=\"Polski\">Polish<\/a>. For the sake of viewer convenience, the content is shown below in the alternative language. You may click the link to switch the active language.<\/p><style type=\"text\/css\"><\/style><p>22 lipca <a class=\"profileLink\" href=\"https:\/\/www.facebook.com\/motopark.koszalin\/?fref=mentions\" data-hovercard=\"\/ajax\/hovercard\/page.php?id=784917391527210&amp;extragetparams=%7B%22fref%22%3A%22mentions%22%7D\" data-hovercard-prefer-more-content-show=\"1\">Motopark Koszalin<\/a> by\u0142 gospodarzem <a class=\"profileLink\" href=\"https:\/\/www.facebook.com\/events\/1367982200003626\/?acontext=%7B%22source%22%3A3%2C%22source_newsfeed_story_type%22%3A%22regular%22%2C%22action_history%22%3A%22%5B%7B%5C%22surface%5C%22%3A%5C%22newsfeed%5C%22%2C%5C%22mechanism%5C%22%3A%5C%22feed_story%5C%22%2C%5C%22extra_data%5C%22%3A%5B%5D%7D%5D%22%2C%22has_source%22%3Atrue%7D&amp;source=3&amp;source_newsfeed_story_type=regular&amp;action_history=%5B%7B%22surface%22%3A%22newsfeed%22%2C%22mechanism%22%3A%22feed_story%22%2C%22extra_data%22%3A%5B%5D%7D%5D&amp;has_source=1&amp;fref=mentions\" data-hovercard=\"\/ajax\/hovercard\/event.php?id=1367982200003626&amp;extragetparams=%7B%22source%22%3A3%2C%22source_newsfeed_story_type%22%3A%22regular%22%2C%22action_history%22%3A%22%5B%7B%5C%22surface%5C%22%3A%5C%22newsfeed%5C%22%2C%5C%22mechanism%5C%22%3A%5C%22feed_story%5C%22%2C%5C%22extra_data%5C%22%3A%5B%5D%7D%5D%22%2C%22has_source%22%3Atrue%2C%22fref%22%3A%22mentions%22%7D\" data-hovercard-prefer-more-content-show=\"1\">III Runda MP i PP Supermoto 22.07.2018 Koszalin<\/a>, kt\u00f3ra by\u0142a jednocze\u015bnie p\u00f3\u0142metkiem tegorocznych zmaga\u0144. Koszali\u0144ski tor s\u0142ynie z ciekawych wzniesie\u0144 i wymagaj\u0105cych zakr\u0119t\u00f3w, wi\u0119c na starcie zobaczyli\u015bmy r\u00f3wnie\u017c reprezentant\u00f3w naszego klubu. Bardzo dobre 3 miejsce w klasie Mistrzostw Polski zaj\u0105\u0142 Micha\u0142 Pawlik, kt\u00f3ry zdoby\u0142 jednocze\u015bnie 38 punkt\u00f3w do klasyfikacji generalnej.<\/p>\n<p>Na 6 pozycji zameldowa\u0142 si\u0119 Maciej Wi\u015bniewski, dla kt\u00f3reg<span class=\"text_exposed_show\">o 3 runda by\u0142a bardzo udana.<\/span><\/p>\n<div class=\"text_exposed_show\">\n<p>&#8211; Zawody oceniam na 10\/10. Moim zdaniem najlepsza runda sezonu: idealna pogoda, towarzystwo, super organizacja i dobrze przygotowany teren. Dodatkowo \u015bwietnie przygotowane maszyny bez usterek i problem\u00f3w podczas wy\u015bcigu &#8211; m\u00f3wi <a class=\"profileLink\" href=\"https:\/\/www.facebook.com\/maciej.wisniewski.731?fref=mentions\" data-hovercard=\"\/ajax\/hovercard\/user.php?id=100003843341679&amp;extragetparams=%7B%22fref%22%3A%22mentions%22%7D\" data-hovercard-prefer-more-content-show=\"1\">Maciej Wi\u015bniewski<\/a>.<\/p>\n<p>W klasie C2 Pucharu Polski barwy Wycz\u00f3\u0142a reprezentowa\u0142 Maciej Michalski, kt\u00f3ry po dw\u00f3ch biegach zaj\u0105\u0142 bardzo dobre 5 miejsce i obecnie zajmuje r\u00f3wnie\u017c 5 miejsce w ,,generalce\u201d. R\u00f3wnie\u017c w Pucharze Polski, ale klasie C4 wystartowa\u0142 nasz klubowicz <a class=\"profileLink\" href=\"https:\/\/www.facebook.com\/dominik.dabrowski.79?fref=mentions\" data-hovercard=\"\/ajax\/hovercard\/user.php?id=1283793788&amp;extragetparams=%7B%22fref%22%3A%22mentions%22%7D\" data-hovercard-prefer-more-content-show=\"1\">Dominik Dabrowski<\/a>, dla kt\u00f3rego koszali\u0144ska runda zapadnie na d\u0142ugo w pami\u0119ci.<\/p>\n<p>&#8211; Tempo i czasy by\u0142y niespodziewanie pozytywne, co pozwoli\u0142o uzyska\u0107 drugie miejsce w pierwszych kwalifikacjach &#8211; relacjonuje Dominik. Nadzieja i szanse by\u0142y spore i jak sam stwierdzi\u0142em,\u017ce teraz ju\u017c tylko awaria mo\u017ce mnie powstrzyma\u0107. No i powstrzyma\u0142a &#8211; w drugich kwalifikacjach Yamaha postanowi\u0142a ,,rzuci\u0107 palenie\u201d:). Nie uda\u0142o si\u0119 ju\u017c jej przywr\u00f3ci\u0107 do \u017cycia. W sumie pogodzi\u0142em si\u0119 ju\u017c z tym, \u017ce nie wystartuj\u0119. Dzi\u0119ki pomocy innych zawodnik\u00f3w do wy\u015bcigu uda\u0142o si\u0119 wystartowa\u0107 na po\u017cyczonym motocyklu za co bardzo Robertowi dzi\u0119kuj\u0119!!! Na start wjecha\u0142em sp\u00f3\u017aniony co skutkowa\u0142o startem z ostatniej pozycji. Mimo tego by\u0142o nawet nie\u017ale do momentu upadku zawodnika zaraz przede mn\u0105 co oczywi\u015bcie poskutkowa\u0142o gleb\u0105. Mimo tego oba wy\u015bcigi uda\u0142o si\u0119 uko\u0144czy\u0107, co i tak by\u0142o niema\u0142ym sukcesem. Dzi\u0119kuj\u0119 wszystkim za pomoc w tym zamieszaniu. Mo\u017ce nast\u0119pna runda w Koszalinie za miesi\u0105c b\u0119dzie bardziej \u0142askawa -opowiada Dominik.<\/p>\n<p>Kolejna runda ponownie zawita do Koszalina 18 sierpnia.<\/p>\n<p><a class=\"profileLink\" href=\"https:\/\/www.facebook.com\/followmesupermoto\/?fref=mentions\" data-hovercard=\"\/ajax\/hovercard\/page.php?id=197072073994164&amp;extragetparams=%7B%22fref%22%3A%22mentions%22%7D\" data-hovercard-prefer-more-content-show=\"1\">Follow Me Supermoto Racing Team<\/a><br \/>\n<a class=\"profileLink\" href=\"https:\/\/www.facebook.com\/Wilmat-352025114823344\/?fref=mentions\" data-hovercard=\"\/ajax\/hovercard\/page.php?id=352025114823344&amp;extragetparams=%7B%22fref%22%3A%22mentions%22%7D\" data-hovercard-prefer-more-content-show=\"1\">Wilmat<\/a><\/p>\n<\/div>\n<p><\/p>","protected":false},"excerpt":{"rendered":"<p>Sorry, this entry is only available in Polish. For the sake of viewer convenience, the content is shown below in the alternative language. You may click the link to switch the active language.22 lipca Motopark Koszalin by\u0142 gospodarzem III Runda MP i PP Supermoto 22.07.2018 Koszalin, kt\u00f3ra by\u0142a jednocze\u015bnie p\u00f3\u0142metkiem tegorocznych zmaga\u0144. Koszali\u0144ski tor s\u0142ynie&#8230;<\/p>\n","protected":false},"author":4,"featured_media":2520,"comment_status":"closed","ping_status":"open","sticky":false,"template":"","format":"gallery","meta":[],"categories":[178,150],"tags":[179,83,174,167,95],"yoast_head":"<!-- This site is optimized with the Yoast SEO plugin v15.2.1 - https:\/\/yoast.com\/wordpress\/plugins\/seo\/ -->\n<title>Supermoto w Motoparku - LKT Wycz\u00f3\u0142 Go\u015bcieradz Polska<\/title>\n<meta name=\"robots\" content=\"index, follow, max-snippet:-1, max-image-preview:large, max-video-preview:-1\" \/>\n<link rel=\"canonical\" href=\"https:\/\/www.lktwg.com\/en\/supermoto-w-motoparku\/\" \/>\n<meta property=\"og:locale\" content=\"en_US\" \/>\n<meta property=\"og:type\" content=\"article\" \/>\n<meta property=\"og:title\" content=\"Supermoto w Motoparku - LKT Wycz\u00f3\u0142 Go\u015bcieradz Polska\" \/>\n<meta property=\"og:description\" content=\"Sorry, this entry is only available in Polish. For the sake of viewer convenience, the content is shown below in the alternative language. You may click the link to switch the active language.22 lipca Motopark Koszalin by\u0142 gospodarzem III Runda MP i PP Supermoto 22.07.2018 Koszalin, kt\u00f3ra by\u0142a jednocze\u015bnie p\u00f3\u0142metkiem tegorocznych zmaga\u0144. Koszali\u0144ski tor s\u0142ynie...\" \/>\n<meta property=\"og:url\" content=\"https:\/\/www.lktwg.com\/en\/supermoto-w-motoparku\/\" \/>\n<meta property=\"og:site_name\" content=\"LKT Wycz\u00f3\u0142 Go\u015bcieradz Polska\" \/>\n<meta property=\"article:publisher\" content=\"https:\/\/www.facebook.com\/lktwyczol\/\" \/>\n<meta property=\"article:published_time\" content=\"2018-07-27T19:44:12+00:00\" \/>\n<meta property=\"article:modified_time\" content=\"2018-07-27T19:47:25+00:00\" \/>\n<meta property=\"og:image\" content=\"https:\/\/www.lktwg.com\/wp-content\/uploads\/2018\/07\/37691941_10217039345237501_5272098507895865344_o.jpg\" \/>\n\t<meta property=\"og:image:width\" content=\"2000\" \/>\n\t<meta property=\"og:image:height\" content=\"1333\" \/>\n<meta name=\"twitter:card\" content=\"summary\" \/>\n<meta name=\"twitter:label1\" content=\"Written by\">\n\t<meta name=\"twitter:data1\" content=\"Szymon Krupa\">\n\t<meta name=\"twitter:label2\" content=\"Est. reading time\">\n\t<meta name=\"twitter:data2\" content=\"1 minute\">\n<script type=\"application\/ld+json\" class=\"yoast-schema-graph\">{\"@context\":\"https:\/\/schema.org\",\"@graph\":[{\"@type\":\"WebSite\",\"@id\":\"https:\/\/www.lktwg.com\/en\/#website\",\"url\":\"https:\/\/www.lktwg.com\/en\/\",\"name\":\"LKT Wycz\\u00f3\\u0142 Go\\u015bcieradz Polska\",\"description\":\"Ludowy Klub Turystyczny\",\"potentialAction\":[{\"@type\":\"SearchAction\",\"target\":\"https:\/\/www.lktwg.com\/en\/?s={search_term_string}\",\"query-input\":\"required name=search_term_string\"}],\"inLanguage\":\"en-US\"},{\"@type\":\"ImageObject\",\"@id\":\"https:\/\/www.lktwg.com\/en\/supermoto-w-motoparku\/#primaryimage\",\"inLanguage\":\"en-US\",\"url\":\"https:\/\/www.lktwg.com\/wp-content\/uploads\/2018\/07\/37691941_10217039345237501_5272098507895865344_o.jpg\",\"width\":2000,\"height\":1333},{\"@type\":\"WebPage\",\"@id\":\"https:\/\/www.lktwg.com\/en\/supermoto-w-motoparku\/#webpage\",\"url\":\"https:\/\/www.lktwg.com\/en\/supermoto-w-motoparku\/\",\"name\":\"Supermoto w Motoparku - LKT Wycz\\u00f3\\u0142 Go\\u015bcieradz Polska\",\"isPartOf\":{\"@id\":\"https:\/\/www.lktwg.com\/en\/#website\"},\"primaryImageOfPage\":{\"@id\":\"https:\/\/www.lktwg.com\/en\/supermoto-w-motoparku\/#primaryimage\"},\"datePublished\":\"2018-07-27T19:44:12+00:00\",\"dateModified\":\"2018-07-27T19:47:25+00:00\",\"author\":{\"@id\":\"https:\/\/www.lktwg.com\/en\/#\/schema\/person\/6bdf16306d63f6890497ce5c248c00ab\"},\"inLanguage\":\"en-US\",\"potentialAction\":[{\"@type\":\"ReadAction\",\"target\":[\"https:\/\/www.lktwg.com\/en\/supermoto-w-motoparku\/\"]}]},{\"@type\":\"Person\",\"@id\":\"https:\/\/www.lktwg.com\/en\/#\/schema\/person\/6bdf16306d63f6890497ce5c248c00ab\",\"name\":\"Szymon Krupa\",\"image\":{\"@type\":\"ImageObject\",\"@id\":\"https:\/\/www.lktwg.com\/en\/#personlogo\",\"inLanguage\":\"en-US\",\"url\":\"https:\/\/secure.gravatar.com\/avatar\/c0e2b7c0f015fe0d6c14ac0951d89111?s=96&d=mm&r=g\",\"caption\":\"Szymon Krupa\"}}]}<\/script>\n<!-- \/ Yoast SEO plugin. -->","_links":{"self":[{"href":"https:\/\/www.lktwg.com\/en\/wp-json\/wp\/v2\/posts\/2525"}],"collection":[{"href":"https:\/\/www.lktwg.com\/en\/wp-json\/wp\/v2\/posts"}],"about":[{"href":"https:\/\/www.lktwg.com\/en\/wp-json\/wp\/v2\/types\/post"}],"author":[{"embeddable":true,"href":"https:\/\/www.lktwg.com\/en\/wp-json\/wp\/v2\/users\/4"}],"replies":[{"embeddable":true,"href":"https:\/\/www.lktwg.com\/en\/wp-json\/wp\/v2\/comments?post=2525"}],"version-history":[{"count":1,"href":"https:\/\/www.lktwg.com\/en\/wp-json\/wp\/v2\/posts\/2525\/revisions"}],"predecessor-version":[{"id":2526,"href":"https:\/\/www.lktwg.com\/en\/wp-json\/wp\/v2\/posts\/2525\/revisions\/2526"}],"wp:featuredmedia":[{"embeddable":true,"href":"https:\/\/www.lktwg.com\/en\/wp-json\/wp\/v2\/media\/2520"}],"wp:attachment":[{"href":"https:\/\/www.lktwg.com\/en\/wp-json\/wp\/v2\/media?parent=2525"}],"wp:term":[{"taxonomy":"category","embeddable":true,"href":"https:\/\/www.lktwg.com\/en\/wp-json\/wp\/v2\/categories?post=2525"},{"taxonomy":"post_tag","embeddable":true,"href":"https:\/\/www.lktwg.com\/en\/wp-json\/wp\/v2\/tags?post=2525"}],"curies":[{"name":"wp","href":"https:\/\/api.w.org\/{rel}","templated":true}]}}