{"id":2511,"date":"2018-07-17T11:13:27","date_gmt":"2018-07-17T09:13:27","guid":{"rendered":"http:\/\/www.lktwg.com\/?p=2511"},"modified":"2018-07-17T11:13:27","modified_gmt":"2018-07-17T09:13:27","slug":"uroczysty-start-do-73-fim-rally-2018-trakai-litwa","status":"publish","type":"post","link":"https:\/\/www.lktwg.com\/en\/uroczysty-start-do-73-fim-rally-2018-trakai-litwa\/","title":{"rendered":"Uroczysty start do 73 FIM Rally 2018 Trakai &#8211; Litwa"},"content":{"rendered":"<p class=\"qtranxs-available-languages-message qtranxs-available-languages-message-en\">Sorry, this entry is only available in <a href=\"https:\/\/www.lktwg.com\/pl\/wp-json\/wp\/v2\/posts\/2511\" class=\"qtranxs-available-language-link qtranxs-available-language-link-pl\" title=\"Polski\">Polish<\/a>. For the sake of viewer convenience, the content is shown below in the alternative language. You may click the link to switch the active language.<\/p><style type=\"text\/css\"><\/style><p>W imieniu Zarz\u0105du Ludowego Klubu Turystycznego<br \/>\n\u201eWycz\u00f3\u0142\u201d Go\u015bcieradz ma zaszczyt zaprosi\u0107 wszystkich klubowicz\u00f3w i sympatyk\u00f3w na uroczysty \u201estart\u201d Reprezentacji Polski na 73 Mi\u0119dzynarodowy Zlot Motocyklowy \u201e73 FIM Rally 2018\u201d Trakai &#8211; Litwa, kt\u00f3ry odb\u0119dzie si\u0119 w dniu 22 lipca 2018 r. (niedziela) o godz. 10.00 z przed siedziby Urz\u0119du Miasta w Koronowie &#8211; Plac Zwyci\u0119stwa 1.<\/p>\n<div class=\"text_exposed_show\">\n<p>Zapraszamy<\/p>\n<\/div>\n<p><\/p>","protected":false},"excerpt":{"rendered":"<p>Sorry, this entry is only available in Polish. For the sake of viewer convenience, the content is shown below in the alternative language. You may click the link to switch the active language.W imieniu Zarz\u0105du Ludowego Klubu Turystycznego \u201eWycz\u00f3\u0142\u201d Go\u015bcieradz ma zaszczyt zaprosi\u0107 wszystkich klubowicz\u00f3w i sympatyk\u00f3w na uroczysty \u201estart\u201d Reprezentacji Polski na 73 Mi\u0119dzynarodowy&#8230;<\/p>\n","protected":false},"author":4,"featured_media":0,"comment_status":"closed","ping_status":"open","sticky":false,"template":"","format":"image","meta":[],"categories":[1],"tags":[177,124],"yoast_head":"<!-- This site is optimized with the Yoast SEO plugin v15.2.1 - https:\/\/yoast.com\/wordpress\/plugins\/seo\/ -->\n<title>Uroczysty start do 73 FIM Rally 2018 Trakai - Litwa - LKT Wycz\u00f3\u0142 Go\u015bcieradz Polska<\/title>\n<meta name=\"robots\" content=\"index, follow, max-snippet:-1, max-image-preview:large, max-video-preview:-1\" \/>\n<link rel=\"canonical\" href=\"https:\/\/www.lktwg.com\/uroczysty-start-do-73-fim-rally-2018-trakai-litwa\/\" \/>\n<meta property=\"og:locale\" content=\"en_US\" \/>\n<meta property=\"og:type\" content=\"article\" \/>\n<meta property=\"og:title\" content=\"Uroczysty start do 73 FIM Rally 2018 Trakai - Litwa - LKT Wycz\u00f3\u0142 Go\u015bcieradz Polska\" \/>\n<meta property=\"og:description\" content=\"Sorry, this entry is only available in Polish. For the sake of viewer convenience, the content is shown below in the alternative language. You may click the link to switch the active language.W imieniu Zarz\u0105du Ludowego Klubu Turystycznego \u201eWycz\u00f3\u0142\u201d Go\u015bcieradz ma zaszczyt zaprosi\u0107 wszystkich klubowicz\u00f3w i sympatyk\u00f3w na uroczysty \u201estart\u201d Reprezentacji Polski na 73 Mi\u0119dzynarodowy...\" \/>\n<meta property=\"og:url\" content=\"https:\/\/www.lktwg.com\/uroczysty-start-do-73-fim-rally-2018-trakai-litwa\/\" \/>\n<meta property=\"og:site_name\" content=\"LKT Wycz\u00f3\u0142 Go\u015bcieradz Polska\" \/>\n<meta property=\"article:publisher\" content=\"https:\/\/www.facebook.com\/lktwyczol\/\" \/>\n<meta property=\"article:published_time\" content=\"2018-07-17T09:13:27+00:00\" \/>\n<meta name=\"twitter:card\" content=\"summary\" \/>\n<meta name=\"twitter:label1\" content=\"Written by\">\n\t<meta name=\"twitter:data1\" content=\"Szymon Krupa\">\n\t<meta name=\"twitter:label2\" content=\"Est. reading time\">\n\t<meta name=\"twitter:data2\" content=\"0 minutes\">\n<script type=\"application\/ld+json\" class=\"yoast-schema-graph\">{\"@context\":\"https:\/\/schema.org\",\"@graph\":[{\"@type\":\"WebSite\",\"@id\":\"https:\/\/www.lktwg.com\/en\/#website\",\"url\":\"https:\/\/www.lktwg.com\/en\/\",\"name\":\"LKT Wycz\\u00f3\\u0142 Go\\u015bcieradz Polska\",\"description\":\"Ludowy Klub Turystyczny\",\"potentialAction\":[{\"@type\":\"SearchAction\",\"target\":\"https:\/\/www.lktwg.com\/en\/?s={search_term_string}\",\"query-input\":\"required name=search_term_string\"}],\"inLanguage\":\"en-US\"},{\"@type\":\"WebPage\",\"@id\":\"https:\/\/www.lktwg.com\/uroczysty-start-do-73-fim-rally-2018-trakai-litwa\/#webpage\",\"url\":\"https:\/\/www.lktwg.com\/uroczysty-start-do-73-fim-rally-2018-trakai-litwa\/\",\"name\":\"Uroczysty start do 73 FIM Rally 2018 Trakai - Litwa - LKT Wycz\\u00f3\\u0142 Go\\u015bcieradz Polska\",\"isPartOf\":{\"@id\":\"https:\/\/www.lktwg.com\/en\/#website\"},\"datePublished\":\"2018-07-17T09:13:27+00:00\",\"dateModified\":\"2018-07-17T09:13:27+00:00\",\"author\":{\"@id\":\"https:\/\/www.lktwg.com\/en\/#\/schema\/person\/6bdf16306d63f6890497ce5c248c00ab\"},\"inLanguage\":\"en-US\",\"potentialAction\":[{\"@type\":\"ReadAction\",\"target\":[\"https:\/\/www.lktwg.com\/uroczysty-start-do-73-fim-rally-2018-trakai-litwa\/\"]}]},{\"@type\":\"Person\",\"@id\":\"https:\/\/www.lktwg.com\/en\/#\/schema\/person\/6bdf16306d63f6890497ce5c248c00ab\",\"name\":\"Szymon Krupa\",\"image\":{\"@type\":\"ImageObject\",\"@id\":\"https:\/\/www.lktwg.com\/en\/#personlogo\",\"inLanguage\":\"en-US\",\"url\":\"https:\/\/secure.gravatar.com\/avatar\/c0e2b7c0f015fe0d6c14ac0951d89111?s=96&d=mm&r=g\",\"caption\":\"Szymon Krupa\"}}]}<\/script>\n<!-- \/ Yoast SEO plugin. -->","_links":{"self":[{"href":"https:\/\/www.lktwg.com\/en\/wp-json\/wp\/v2\/posts\/2511"}],"collection":[{"href":"https:\/\/www.lktwg.com\/en\/wp-json\/wp\/v2\/posts"}],"about":[{"href":"https:\/\/www.lktwg.com\/en\/wp-json\/wp\/v2\/types\/post"}],"author":[{"embeddable":true,"href":"https:\/\/www.lktwg.com\/en\/wp-json\/wp\/v2\/users\/4"}],"replies":[{"embeddable":true,"href":"https:\/\/www.lktwg.com\/en\/wp-json\/wp\/v2\/comments?post=2511"}],"version-history":[{"count":1,"href":"https:\/\/www.lktwg.com\/en\/wp-json\/wp\/v2\/posts\/2511\/revisions"}],"predecessor-version":[{"id":2512,"href":"https:\/\/www.lktwg.com\/en\/wp-json\/wp\/v2\/posts\/2511\/revisions\/2512"}],"wp:attachment":[{"href":"https:\/\/www.lktwg.com\/en\/wp-json\/wp\/v2\/media?parent=2511"}],"wp:term":[{"taxonomy":"category","embeddable":true,"href":"https:\/\/www.lktwg.com\/en\/wp-json\/wp\/v2\/categories?post=2511"},{"taxonomy":"post_tag","embeddable":true,"href":"https:\/\/www.lktwg.com\/en\/wp-json\/wp\/v2\/tags?post=2511"}],"curies":[{"name":"wp","href":"https:\/\/api.w.org\/{rel}","templated":true}]}}