{"id":2445,"date":"2018-05-23T17:54:37","date_gmt":"2018-05-23T15:54:37","guid":{"rendered":"http:\/\/www.lktwg.com\/?p=2445"},"modified":"2018-05-23T17:54:37","modified_gmt":"2018-05-23T15:54:37","slug":"sukcesy-zalog-wyczola-na-51-rajdzie-torunskim","status":"publish","type":"post","link":"https:\/\/www.lktwg.com\/en\/sukcesy-zalog-wyczola-na-51-rajdzie-torunskim\/","title":{"rendered":"Sukcesy za\u0142\u00f3g Wycz\u00f3\u0142a na 51. Rajdzie Toru\u0144skim"},"content":{"rendered":"<p class=\"qtranxs-available-languages-message qtranxs-available-languages-message-en\">Sorry, this entry is only available in <a href=\"https:\/\/www.lktwg.com\/pl\/wp-json\/wp\/v2\/posts\/2445\" class=\"qtranxs-available-language-link qtranxs-available-language-link-pl\" title=\"Polski\">Polish<\/a>. For the sake of viewer convenience, the content is shown below in the alternative language. You may click the link to switch the active language.<\/p><style type=\"text\/css\"><\/style><p>W dniu 20.05.2018r <a class=\"profileLink\" href=\"https:\/\/www.facebook.com\/AutomobilklubTorunski\/?fref=mentions\" data-hovercard=\"\/ajax\/hovercard\/page.php?id=680318548810659&amp;extragetparams=%7B%22fref%22%3A%22mentions%22%7D\" data-hovercard-prefer-more-content-show=\"1\">Automobilklub Toru\u0144ski<\/a> by\u0142 organizatorem 51. Toru\u0144skiego Rajdu Samochodowego, kt\u00f3ry by\u0142 jednocze\u015bnie 1 rund\u0105 Mistrzostw Okr\u0119gu PZM w KJS. Na za\u0142ogi czeka\u0142o a\u017c 15 pr\u00f3b na trasie, kt\u00f3rej \u0142\u0105czna d\u0142ugo\u015b\u0107 wynosi\u0142a 60 kilometr\u00f3w. W niedzielny poranek zameldowa\u0142o si\u0119 przy toru\u0144skiej Motoarenie 25 za\u0142\u00f3g wraz z 3 ekipami naszych klubowicz\u00f3w. Po ca\u0142ym dniu zmaga\u0144 w\u015br\u00f3d aut o najmniejszej pojemno\u015bci (do 1400ccm) 3 miejsce wywalczy\u0142 duet Krzysztof Wizner wraz z pilotem Jakubem Komorowskim.<\/p>\n<p>-Dla nas ten rajd nie okaza\u0142 si\u0119 by\u0107 szcz\u0119\u015bliwym. Na drugim odcinku skosili\u015bmy kraw\u0119\u017cnik, kilka razy pomylili\u015bmy tras\u0119 i dodatkowo na dwunastym odcinku panewka odm\u00f3wi\u0142a wsp\u00f3\u0142pracy-opowiada Krzysztof Wizner. W efekcie ostatnie 3 odcinki przejechali\u015bmy rekreacyjnie i ledwo wr\u00f3cili\u015bmy autem do domu. Finalnie da\u0142o to ostatni\u0105, bo trzeci\u0105 lokat\u0119 w klasie i ostatnie miejsce w generalce w\u015br\u00f3d za\u0142\u00f3g kt\u00f3re uko\u0144czy\u0142y imprez\u0119. A\u017c trzy za\u0142ogi ze wzgl\u0119du na awarie nie uko\u0144czy\u0142y rajdu-m\u00f3wi Krzysztof.<\/p>\n<p>\u015awietnie pojecha\u0142 duet <a class=\"profileLink\" href=\"https:\/\/www.facebook.com\/profile.php?id=100004238646320&amp;fref=mentions\" data-hovercard=\"\/ajax\/hovercard\/user.php?id=100004238646320&amp;extragetparams=%7B%22fref%22%3A%22mentions%22%7D\" data-hovercard-prefer-more-content-show=\"1\">Kamil Zaroda<\/a> i <a class=\"profileLink\" href=\"https:\/\/www.facebook.com\/agnieszka.paszkiewicz.5661?fref=mentions\" data-hovercard=\"\/ajax\/hovercard\/user.php?id=100012018334461&amp;extragetparams=%7B%22fref%22%3A%22mentions%22%7D\" data-hovercard-prefer-more-content-show=\"1\">Agnieszka Paszkiewicz<\/a>, kt\u00f3rzy zaj\u0119li 1 miejsce w klasie 2-tradycyjnie w Mitsubishi Colt.<\/p>\n<p>-Razem z Agnieszka Paszkiewicz w roli pilota zaj\u0119li\u015bmy 1 miejsce w klasie i 5 w generalce <span class=\"_47e3 _5mfr\" title=\"Emotikon smile\"><img loading=\"lazy\" class=\"img\" role=\"presentation\" src=\"https:\/\/static.xx.fbcdn.net\/images\/emoji.php\/v9\/f4c\/1\/16\/1f642.png\" alt=\"\" width=\"16\" height=\"16\" \/><span class=\"_7oe\" aria-hidden=\"true\">\ud83d\ude42<\/span><\/span> Nie do ko\u0144ca jestem zadowolony z tego miejsca poniewa\u017c powinni\u015bmy mie\u0107 2 z racji tego \u017ce jeden przejazd by\u0142 troch\u0119 pomylony co zweryfikowa\u0142em dopiero w domu, po dok\u0142adnym obejrzeniu filmu z rajdu. Ale ju\u017c teraz czasu si\u0119 nie cofnie. Gratuluj\u0119 Marcinowi Chromi\u0144skiemu bo to jemu nale\u017cy si\u0119 ten puchar- opowiada Kamil Zaroda<\/p>\n<p>W klasie 4 z pucharem za 3 lokat\u0119 wr\u00f3cili nasi klubowicze Tomasz Rzepecki wraz z pilotem Damianem Ujazdowskim.<br \/>\nSerdecznie gratulujemy sukces\u00f3w naszym zawodnikom i dzi\u0119kujemy za wywalczenie 2 miejsca w klasyfikacji klubowej dla LKT Wycz\u00f3\u0142 Goscieradz.<\/p>","protected":false},"excerpt":{"rendered":"<p>Sorry, this entry is only available in Polish. For the sake of viewer convenience, the content is shown below in the alternative language. You may click the link to switch the active language.W dniu 20.05.2018r Automobilklub Toru\u0144ski by\u0142 organizatorem 51. Toru\u0144skiego Rajdu Samochodowego, kt\u00f3ry by\u0142 jednocze\u015bnie 1 rund\u0105 Mistrzostw Okr\u0119gu PZM w KJS. Na za\u0142ogi&#8230;<\/p>\n","protected":false},"author":4,"featured_media":2442,"comment_status":"closed","ping_status":"open","sticky":false,"template":"","format":"gallery","meta":[],"categories":[1],"tags":[],"yoast_head":"<!-- This site is optimized with the Yoast SEO plugin v15.2.1 - https:\/\/yoast.com\/wordpress\/plugins\/seo\/ -->\n<title>Sukcesy za\u0142\u00f3g Wycz\u00f3\u0142a na 51. Rajdzie Toru\u0144skim - LKT Wycz\u00f3\u0142 Go\u015bcieradz Polska<\/title>\n<meta name=\"robots\" content=\"index, follow, max-snippet:-1, max-image-preview:large, max-video-preview:-1\" \/>\n<link rel=\"canonical\" href=\"https:\/\/www.lktwg.com\/en\/sukcesy-zalog-wyczola-na-51-rajdzie-torunskim\/\" \/>\n<meta property=\"og:locale\" content=\"en_US\" \/>\n<meta property=\"og:type\" content=\"article\" \/>\n<meta property=\"og:title\" content=\"Sukcesy za\u0142\u00f3g Wycz\u00f3\u0142a na 51. Rajdzie Toru\u0144skim - LKT Wycz\u00f3\u0142 Go\u015bcieradz Polska\" \/>\n<meta property=\"og:description\" content=\"Sorry, this entry is only available in Polish. For the sake of viewer convenience, the content is shown below in the alternative language. You may click the link to switch the active language.W dniu 20.05.2018r Automobilklub Toru\u0144ski by\u0142 organizatorem 51. Toru\u0144skiego Rajdu Samochodowego, kt\u00f3ry by\u0142 jednocze\u015bnie 1 rund\u0105 Mistrzostw Okr\u0119gu PZM w KJS. Na za\u0142ogi...\" \/>\n<meta property=\"og:url\" content=\"https:\/\/www.lktwg.com\/en\/sukcesy-zalog-wyczola-na-51-rajdzie-torunskim\/\" \/>\n<meta property=\"og:site_name\" content=\"LKT Wycz\u00f3\u0142 Go\u015bcieradz Polska\" \/>\n<meta property=\"article:publisher\" content=\"https:\/\/www.facebook.com\/lktwyczol\/\" \/>\n<meta property=\"article:published_time\" content=\"2018-05-23T15:54:37+00:00\" \/>\n<meta property=\"og:image\" content=\"https:\/\/www.lktwg.com\/wp-content\/uploads\/2018\/05\/20180520_182531.jpg\" \/>\n\t<meta property=\"og:image:width\" content=\"3264\" \/>\n\t<meta property=\"og:image:height\" content=\"2448\" \/>\n<meta name=\"twitter:card\" content=\"summary\" \/>\n<meta name=\"twitter:label1\" content=\"Written by\">\n\t<meta name=\"twitter:data1\" content=\"Szymon Krupa\">\n\t<meta name=\"twitter:label2\" content=\"Est. reading time\">\n\t<meta name=\"twitter:data2\" content=\"1 minute\">\n<script type=\"application\/ld+json\" class=\"yoast-schema-graph\">{\"@context\":\"https:\/\/schema.org\",\"@graph\":[{\"@type\":\"WebSite\",\"@id\":\"https:\/\/www.lktwg.com\/en\/#website\",\"url\":\"https:\/\/www.lktwg.com\/en\/\",\"name\":\"LKT Wycz\\u00f3\\u0142 Go\\u015bcieradz Polska\",\"description\":\"Ludowy Klub Turystyczny\",\"potentialAction\":[{\"@type\":\"SearchAction\",\"target\":\"https:\/\/www.lktwg.com\/en\/?s={search_term_string}\",\"query-input\":\"required name=search_term_string\"}],\"inLanguage\":\"en-US\"},{\"@type\":\"ImageObject\",\"@id\":\"https:\/\/www.lktwg.com\/en\/sukcesy-zalog-wyczola-na-51-rajdzie-torunskim\/#primaryimage\",\"inLanguage\":\"en-US\",\"url\":\"https:\/\/www.lktwg.com\/wp-content\/uploads\/2018\/05\/20180520_182531.jpg\",\"width\":3264,\"height\":2448},{\"@type\":\"WebPage\",\"@id\":\"https:\/\/www.lktwg.com\/en\/sukcesy-zalog-wyczola-na-51-rajdzie-torunskim\/#webpage\",\"url\":\"https:\/\/www.lktwg.com\/en\/sukcesy-zalog-wyczola-na-51-rajdzie-torunskim\/\",\"name\":\"Sukcesy za\\u0142\\u00f3g Wycz\\u00f3\\u0142a na 51. Rajdzie Toru\\u0144skim - LKT Wycz\\u00f3\\u0142 Go\\u015bcieradz Polska\",\"isPartOf\":{\"@id\":\"https:\/\/www.lktwg.com\/en\/#website\"},\"primaryImageOfPage\":{\"@id\":\"https:\/\/www.lktwg.com\/en\/sukcesy-zalog-wyczola-na-51-rajdzie-torunskim\/#primaryimage\"},\"datePublished\":\"2018-05-23T15:54:37+00:00\",\"dateModified\":\"2018-05-23T15:54:37+00:00\",\"author\":{\"@id\":\"https:\/\/www.lktwg.com\/en\/#\/schema\/person\/6bdf16306d63f6890497ce5c248c00ab\"},\"inLanguage\":\"en-US\",\"potentialAction\":[{\"@type\":\"ReadAction\",\"target\":[\"https:\/\/www.lktwg.com\/en\/sukcesy-zalog-wyczola-na-51-rajdzie-torunskim\/\"]}]},{\"@type\":\"Person\",\"@id\":\"https:\/\/www.lktwg.com\/en\/#\/schema\/person\/6bdf16306d63f6890497ce5c248c00ab\",\"name\":\"Szymon Krupa\",\"image\":{\"@type\":\"ImageObject\",\"@id\":\"https:\/\/www.lktwg.com\/en\/#personlogo\",\"inLanguage\":\"en-US\",\"url\":\"https:\/\/secure.gravatar.com\/avatar\/c0e2b7c0f015fe0d6c14ac0951d89111?s=96&d=mm&r=g\",\"caption\":\"Szymon Krupa\"}}]}<\/script>\n<!-- \/ Yoast SEO plugin. -->","_links":{"self":[{"href":"https:\/\/www.lktwg.com\/en\/wp-json\/wp\/v2\/posts\/2445"}],"collection":[{"href":"https:\/\/www.lktwg.com\/en\/wp-json\/wp\/v2\/posts"}],"about":[{"href":"https:\/\/www.lktwg.com\/en\/wp-json\/wp\/v2\/types\/post"}],"author":[{"embeddable":true,"href":"https:\/\/www.lktwg.com\/en\/wp-json\/wp\/v2\/users\/4"}],"replies":[{"embeddable":true,"href":"https:\/\/www.lktwg.com\/en\/wp-json\/wp\/v2\/comments?post=2445"}],"version-history":[{"count":1,"href":"https:\/\/www.lktwg.com\/en\/wp-json\/wp\/v2\/posts\/2445\/revisions"}],"predecessor-version":[{"id":2446,"href":"https:\/\/www.lktwg.com\/en\/wp-json\/wp\/v2\/posts\/2445\/revisions\/2446"}],"wp:featuredmedia":[{"embeddable":true,"href":"https:\/\/www.lktwg.com\/en\/wp-json\/wp\/v2\/media\/2442"}],"wp:attachment":[{"href":"https:\/\/www.lktwg.com\/en\/wp-json\/wp\/v2\/media?parent=2445"}],"wp:term":[{"taxonomy":"category","embeddable":true,"href":"https:\/\/www.lktwg.com\/en\/wp-json\/wp\/v2\/categories?post=2445"},{"taxonomy":"post_tag","embeddable":true,"href":"https:\/\/www.lktwg.com\/en\/wp-json\/wp\/v2\/tags?post=2445"}],"curies":[{"name":"wp","href":"https:\/\/api.w.org\/{rel}","templated":true}]}}