{"id":2402,"date":"2018-05-17T06:40:13","date_gmt":"2018-05-17T04:40:13","guid":{"rendered":"http:\/\/www.lktwg.com\/?p=2402"},"modified":"2018-05-17T06:40:13","modified_gmt":"2018-05-17T04:40:13","slug":"inauguracja-poniedzialkow-motocyklowych-ze-zbyszkiem-ginterem","status":"publish","type":"post","link":"https:\/\/www.lktwg.com\/en\/inauguracja-poniedzialkow-motocyklowych-ze-zbyszkiem-ginterem\/","title":{"rendered":"Inauguracja poniedzia\u0142k\u00f3w motocyklowych ze Zbyszkiem Ginterem"},"content":{"rendered":"<p class=\"qtranxs-available-languages-message qtranxs-available-languages-message-en\">Sorry, this entry is only available in <a href=\"https:\/\/www.lktwg.com\/pl\/wp-json\/wp\/v2\/posts\/2402\" class=\"qtranxs-available-language-link qtranxs-available-language-link-pl\" title=\"Polski\">Polish<\/a>. For the sake of viewer convenience, the content is shown below in the alternative language. You may click the link to switch the active language.<\/p><style type=\"text\/css\"><\/style><p>Rewelacyjna frekwencja, \u015bwietna pogoda oraz kilkaset kilometr\u00f3w pokonanych w celu \u0107wiczenia umiej\u0119tno\u015bci jazdy motocyklem. Tak mo\u017cna najkr\u00f3cej opisa\u0107 inauguracj\u0119 poniedzia\u0142k\u00f3w i \u015br\u00f3d motocyklowych z naszym klubowiczem Zbyszkiem Ginterem. W miniony poniedzia\u0142ek na bydgoskim kartodromie o godzinie 16:00 zameldowa\u0142o si\u0119 kilkudziesi\u0119ciu motocyklist\u00f3w na szybkich maszynach sportowych, turystycznych, supermoto a nawet pitbike! To tylko pokazuje jak du\u017ca jest potrzeba organizacji tego typu wydarze\u0144.<br \/>\nPrzypominamy, \u017ce <a class=\"profileLink\" href=\"https:\/\/www.facebook.com\/zbyszek.ginter1?fref=mentions\" data-hovercard=\"\/ajax\/hovercard\/user.php?id=100001954548166&amp;extragetparams=%7B%22fref%22%3A%22mentions%22%7D\" data-hovercard-prefer-more-content-show=\"1\">Zbyszek Ginter<\/a> jest instruktorem Polskiego Zwi\u0105zku Motorowego, by\u0142ym zawodnikiem Wy\u015bcigowych Mistrzostw Polski z wieloma sukcesami oraz motocyklist\u0105 z ponad 50-letnim do\u015bwiadczeniem. W swojej karierze przeszkoli\u0142 kilka tysi\u0119cy fan\u00f3w dw\u00f3ch k\u00f3\u0142ek. Tym samym przyje\u017cd\u017cajcie na kartodrom, bo traficie w dobre r\u0119ce:)<\/p>\n<p>Imprezy s\u0105 dedykowany zar\u00f3wno pocz\u0105tkuj\u0105cym oraz bardziej zaawansowanym motocyklistom.<br \/>\nA\u017c do 26 wrze\u015bnia zapraszamy w ka\u017cdy poniedzia\u0142ek i \u015brod\u0119 o godz. 16:00, ul.Fordo\u0144ska 116.<br \/>\nWi\u0119cej szczeg\u00f3\u0142\u00f3w pod numerem: +48 602 115 901<\/p>\n<p>Za pi\u0119kne zdj\u0119cia z drona dzi\u0119kujemy Micha\u0142owi B oraz <a class=\"profileLink\" href=\"https:\/\/www.facebook.com\/profile.php?id=100004351981947&amp;fref=mentions\" data-hovercard=\"\/ajax\/hovercard\/user.php?id=100004351981947&amp;extragetparams=%7B%22fref%22%3A%22mentions%22%7D\" data-hovercard-prefer-more-content-show=\"1\">Tomek Sza\u0142apski<\/a><\/p>","protected":false},"excerpt":{"rendered":"<p>Sorry, this entry is only available in Polish. For the sake of viewer convenience, the content is shown below in the alternative language. You may click the link to switch the active language.Rewelacyjna frekwencja, \u015bwietna pogoda oraz kilkaset kilometr\u00f3w pokonanych w celu \u0107wiczenia umiej\u0119tno\u015bci jazdy motocyklem. Tak mo\u017cna najkr\u00f3cej opisa\u0107 inauguracj\u0119 poniedzia\u0142k\u00f3w i \u015br\u00f3d motocyklowych&#8230;<\/p>\n","protected":false},"author":4,"featured_media":2401,"comment_status":"closed","ping_status":"open","sticky":false,"template":"","format":"gallery","meta":[],"categories":[5],"tags":[154,175,120,61,59,176],"yoast_head":"<!-- This site is optimized with the Yoast SEO plugin v15.2.1 - https:\/\/yoast.com\/wordpress\/plugins\/seo\/ -->\n<title>Inauguracja poniedzia\u0142k\u00f3w motocyklowych ze Zbyszkiem Ginterem - LKT Wycz\u00f3\u0142 Go\u015bcieradz Polska<\/title>\n<meta name=\"robots\" content=\"index, follow, max-snippet:-1, max-image-preview:large, max-video-preview:-1\" \/>\n<link rel=\"canonical\" href=\"https:\/\/www.lktwg.com\/en\/inauguracja-poniedzialkow-motocyklowych-ze-zbyszkiem-ginterem\/\" \/>\n<meta property=\"og:locale\" content=\"en_US\" \/>\n<meta property=\"og:type\" content=\"article\" \/>\n<meta property=\"og:title\" content=\"Inauguracja poniedzia\u0142k\u00f3w motocyklowych ze Zbyszkiem Ginterem - LKT Wycz\u00f3\u0142 Go\u015bcieradz Polska\" \/>\n<meta property=\"og:description\" content=\"Sorry, this entry is only available in Polish. For the sake of viewer convenience, the content is shown below in the alternative language. You may click the link to switch the active language.Rewelacyjna frekwencja, \u015bwietna pogoda oraz kilkaset kilometr\u00f3w pokonanych w celu \u0107wiczenia umiej\u0119tno\u015bci jazdy motocyklem. Tak mo\u017cna najkr\u00f3cej opisa\u0107 inauguracj\u0119 poniedzia\u0142k\u00f3w i \u015br\u00f3d motocyklowych...\" \/>\n<meta property=\"og:url\" content=\"https:\/\/www.lktwg.com\/en\/inauguracja-poniedzialkow-motocyklowych-ze-zbyszkiem-ginterem\/\" \/>\n<meta property=\"og:site_name\" content=\"LKT Wycz\u00f3\u0142 Go\u015bcieradz Polska\" \/>\n<meta property=\"article:publisher\" content=\"https:\/\/www.facebook.com\/lktwyczol\/\" \/>\n<meta property=\"article:published_time\" content=\"2018-05-17T04:40:13+00:00\" \/>\n<meta property=\"og:image\" content=\"https:\/\/www.lktwg.com\/wp-content\/uploads\/2018\/05\/DSC_9284.jpg\" \/>\n\t<meta property=\"og:image:width\" content=\"6000\" \/>\n\t<meta property=\"og:image:height\" content=\"4000\" \/>\n<meta name=\"twitter:card\" content=\"summary\" \/>\n<meta name=\"twitter:label1\" content=\"Written by\">\n\t<meta name=\"twitter:data1\" content=\"Szymon Krupa\">\n\t<meta name=\"twitter:label2\" content=\"Est. reading time\">\n\t<meta name=\"twitter:data2\" content=\"1 minute\">\n<script type=\"application\/ld+json\" class=\"yoast-schema-graph\">{\"@context\":\"https:\/\/schema.org\",\"@graph\":[{\"@type\":\"WebSite\",\"@id\":\"https:\/\/www.lktwg.com\/en\/#website\",\"url\":\"https:\/\/www.lktwg.com\/en\/\",\"name\":\"LKT Wycz\\u00f3\\u0142 Go\\u015bcieradz Polska\",\"description\":\"Ludowy Klub Turystyczny\",\"potentialAction\":[{\"@type\":\"SearchAction\",\"target\":\"https:\/\/www.lktwg.com\/en\/?s={search_term_string}\",\"query-input\":\"required name=search_term_string\"}],\"inLanguage\":\"en-US\"},{\"@type\":\"ImageObject\",\"@id\":\"https:\/\/www.lktwg.com\/en\/inauguracja-poniedzialkow-motocyklowych-ze-zbyszkiem-ginterem\/#primaryimage\",\"inLanguage\":\"en-US\",\"url\":\"https:\/\/www.lktwg.com\/wp-content\/uploads\/2018\/05\/DSC_9284.jpg\",\"width\":6000,\"height\":4000},{\"@type\":\"WebPage\",\"@id\":\"https:\/\/www.lktwg.com\/en\/inauguracja-poniedzialkow-motocyklowych-ze-zbyszkiem-ginterem\/#webpage\",\"url\":\"https:\/\/www.lktwg.com\/en\/inauguracja-poniedzialkow-motocyklowych-ze-zbyszkiem-ginterem\/\",\"name\":\"Inauguracja poniedzia\\u0142k\\u00f3w motocyklowych ze Zbyszkiem Ginterem - LKT Wycz\\u00f3\\u0142 Go\\u015bcieradz Polska\",\"isPartOf\":{\"@id\":\"https:\/\/www.lktwg.com\/en\/#website\"},\"primaryImageOfPage\":{\"@id\":\"https:\/\/www.lktwg.com\/en\/inauguracja-poniedzialkow-motocyklowych-ze-zbyszkiem-ginterem\/#primaryimage\"},\"datePublished\":\"2018-05-17T04:40:13+00:00\",\"dateModified\":\"2018-05-17T04:40:13+00:00\",\"author\":{\"@id\":\"https:\/\/www.lktwg.com\/en\/#\/schema\/person\/6bdf16306d63f6890497ce5c248c00ab\"},\"inLanguage\":\"en-US\",\"potentialAction\":[{\"@type\":\"ReadAction\",\"target\":[\"https:\/\/www.lktwg.com\/en\/inauguracja-poniedzialkow-motocyklowych-ze-zbyszkiem-ginterem\/\"]}]},{\"@type\":\"Person\",\"@id\":\"https:\/\/www.lktwg.com\/en\/#\/schema\/person\/6bdf16306d63f6890497ce5c248c00ab\",\"name\":\"Szymon Krupa\",\"image\":{\"@type\":\"ImageObject\",\"@id\":\"https:\/\/www.lktwg.com\/en\/#personlogo\",\"inLanguage\":\"en-US\",\"url\":\"https:\/\/secure.gravatar.com\/avatar\/c0e2b7c0f015fe0d6c14ac0951d89111?s=96&d=mm&r=g\",\"caption\":\"Szymon Krupa\"}}]}<\/script>\n<!-- \/ Yoast SEO plugin. -->","_links":{"self":[{"href":"https:\/\/www.lktwg.com\/en\/wp-json\/wp\/v2\/posts\/2402"}],"collection":[{"href":"https:\/\/www.lktwg.com\/en\/wp-json\/wp\/v2\/posts"}],"about":[{"href":"https:\/\/www.lktwg.com\/en\/wp-json\/wp\/v2\/types\/post"}],"author":[{"embeddable":true,"href":"https:\/\/www.lktwg.com\/en\/wp-json\/wp\/v2\/users\/4"}],"replies":[{"embeddable":true,"href":"https:\/\/www.lktwg.com\/en\/wp-json\/wp\/v2\/comments?post=2402"}],"version-history":[{"count":1,"href":"https:\/\/www.lktwg.com\/en\/wp-json\/wp\/v2\/posts\/2402\/revisions"}],"predecessor-version":[{"id":2403,"href":"https:\/\/www.lktwg.com\/en\/wp-json\/wp\/v2\/posts\/2402\/revisions\/2403"}],"wp:featuredmedia":[{"embeddable":true,"href":"https:\/\/www.lktwg.com\/en\/wp-json\/wp\/v2\/media\/2401"}],"wp:attachment":[{"href":"https:\/\/www.lktwg.com\/en\/wp-json\/wp\/v2\/media?parent=2402"}],"wp:term":[{"taxonomy":"category","embeddable":true,"href":"https:\/\/www.lktwg.com\/en\/wp-json\/wp\/v2\/categories?post=2402"},{"taxonomy":"post_tag","embeddable":true,"href":"https:\/\/www.lktwg.com\/en\/wp-json\/wp\/v2\/tags?post=2402"}],"curies":[{"name":"wp","href":"https:\/\/api.w.org\/{rel}","templated":true}]}}