{"id":2351,"date":"2018-05-10T18:46:35","date_gmt":"2018-05-10T16:46:35","guid":{"rendered":"http:\/\/www.lktwg.com\/?p=2351"},"modified":"2018-05-10T18:46:35","modified_gmt":"2018-05-10T16:46:35","slug":"2-runda-oponeo-mistrzostwa-polski-rallycross-w-toruniu","status":"publish","type":"post","link":"https:\/\/www.lktwg.com\/en\/2-runda-oponeo-mistrzostwa-polski-rallycross-w-toruniu\/","title":{"rendered":"2. runda Oponeo Mistrzostwa Polski Rallycross w Toruniu"},"content":{"rendered":"<p class=\"qtranxs-available-languages-message qtranxs-available-languages-message-en\">Sorry, this entry is only available in <a href=\"https:\/\/www.lktwg.com\/pl\/wp-json\/wp\/v2\/posts\/2351\" class=\"qtranxs-available-language-link qtranxs-available-language-link-pl\" title=\"Polski\">Polish<\/a>. For the sake of viewer convenience, the content is shown below in the alternative language. You may click the link to switch the active language.<\/p><style type=\"text\/css\"><\/style><p>Oponeo Mistrzostwa Polski Rallycross po zimowej przerwie wracaj\u0105 do Torunia i to ze zdwojon\u0105 si\u0142\u0105. Runda Oponeo MPRC b\u0119dzie \u0142\u0105czona z Mistrzostwami Europy Centralnej a to oznacza, \u017ce poza polskimi zawodnikami na mistrzostwach pojawi\u0105 si\u0119 ekipy z wielu zak\u0105tk\u00f3w Europy.<br \/>\nW trakcie toru\u0144skiej rundy spodziewa\u0107 si\u0119 mo\u017cna wielu emocji i bardzo szybkich samochod\u00f3w. Zawodnicy rywalizowa\u0107 b\u0119d\u0105 ze sob\u0105 w 5 klasach &#8211; 126p Cup, SC Cup, RWD Cup, SuperNational i SuperCars. W trakcie zawod\u00f3w otwarty dla kibic\u00f3w b\u0119dzie park maszyn. Dzi\u0119ki temu, ka\u017cdy z ch\u0119tnych b\u0119dzie m\u00f3g\u0142 obejrze\u0107 wyczynowe auta nie tylko w trakcie wy\u015bcig\u00f3w. Wsp\u00f3\u0142organizatorem wydarzenia jest LKT Wycz\u00f3\u0142 Go\u015bcieradz<\/p>\n<p>Wst\u0119p dla kibic\u00f3w wolny.<\/p>\n<p>Harmonogram:<\/p>\n<p>Sobota (12.05.2018)<br \/>\n12:20 &#8211; 13:50 &#8211; Treningi<br \/>\n14:10 &#8211; 15:50 &#8211; I Bieg Kwalifikacyjny<br \/>\n16:10 &#8211; 18:00 &#8211; II Bieg Kwalifikacyjny<\/p>\n<p>Niedziela (13.05.2018)<br \/>\n8:40 \u2013 9:15 Trening Wolny<br \/>\n9:25 \u2013 11:15 III Biegi Kwalifikacyjne<br \/>\n11:35 \u201313:25 IV Biegi Kwalifikacyjne<br \/>\n14:00 Oficjalne rozpocz\u0119cie zawod\u00f3w<br \/>\n14:30 P\u00f3\u0142fina\u0142y A, B<br \/>\n15:10 Fina\u0142y<br \/>\n16:45 Wr\u0119czenie nagr\u00f3d<\/p>\n<p>Zapraszamy!<\/p>\n<p>Organizatorzy:<br \/>\n<a href=\"https:\/\/www.facebook.com\/Oponeo-Motorsport-695859123865921\/\">Oponeo Motorsport<\/a>, <a href=\"https:\/\/www.facebook.com\/AutomobilklubKujawskoPomorski\/\">Automobilklub Kujawsko-Pomorski<\/a>, <a href=\"https:\/\/www.facebook.com\/rallycross.poland\/\">Automobilklub Rzemie\u015blnik<\/a>, <a href=\"https:\/\/www.facebook.com\/fia\/\">FIA<\/a>, <a href=\"https:\/\/www.facebook.com\/pages\/PZM\/1565621287000225\">PZM<\/a>, <a href=\"https:\/\/www.facebook.com\/lktwyczol\/\">LKT &#8220;Wycz\u00f3\u0142&#8221; Go\u015bcieradz<\/a><\/p>\n<p>Patroni medialni:<br \/>\n<a href=\"https:\/\/www.facebook.com\/motowizja\/\">Motowizja<\/a>, <a href=\"https:\/\/www.facebook.com\/autoklubpl\/\">autoklub<\/a>, <a href=\"https:\/\/www.facebook.com\/AutoCentrumPL\/\">AutoCentrum.pl<\/a>, <a href=\"https:\/\/www.facebook.com\/RadioGRA\/\">Radio GRA Toru\u0144<\/a>, <a href=\"https:\/\/www.facebook.com\/bydgoszcztvp\/\">TVP3 Bydgoszcz<\/a>, <a href=\"https:\/\/www.facebook.com\/motofakty\/\">motofakty.pl<\/a><\/p>\n<p>Partnerzy i Sponsorzy:<br \/>\n<a href=\"https:\/\/www.facebook.com\/OponeoPL\/\">Oponeo<\/a>, <a href=\"https:\/\/www.facebook.com\/chirurgiaplastycznaBydgoszcz\/\">Centrum Medyczne Bie\u0144kowski<\/a>, <a href=\"https:\/\/www.facebook.com\/OXIMOwycieraczkipl\/\">OXIMOwycieraczki.pl<\/a>, <a href=\"https:\/\/www.facebook.com\/4turboofficial\/\">4turbo<\/a> , <a href=\"https:\/\/www.facebook.com\/redbull\/\">Red Bull<\/a>, <a href=\"https:\/\/www.facebook.com\/TorunskaAkademiaJazdy\/\">Toru\u0144ska Akademia Jazdy<\/a>, <a href=\"https:\/\/www.facebook.com\/truckgigant\/\">Truck Gigant<\/a>, Krezus, <a href=\"https:\/\/www.facebook.com\/Atelbud-1596682157217649\/\">Atelbud<\/a>, <a href=\"https:\/\/www.facebook.com\/herkulesautotechnika\/\">Herkules Auto-Technika Warsztatowa<\/a>, Auto-Mag Serwis, <a href=\"https:\/\/www.facebook.com\/elmontazbg\/\">Elmonta\u017c-BG<\/a>,<\/p>","protected":false},"excerpt":{"rendered":"<p>Sorry, this entry is only available in Polish. For the sake of viewer convenience, the content is shown below in the alternative language. You may click the link to switch the active language.Oponeo Mistrzostwa Polski Rallycross po zimowej przerwie wracaj\u0105 do Torunia i to ze zdwojon\u0105 si\u0142\u0105. Runda Oponeo MPRC b\u0119dzie \u0142\u0105czona z Mistrzostwami Europy&#8230;<\/p>\n","protected":false},"author":4,"featured_media":2350,"comment_status":"closed","ping_status":"open","sticky":false,"template":"","format":"image","meta":[],"categories":[1],"tags":[105,91,85,97,98],"yoast_head":"<!-- This site is optimized with the Yoast SEO plugin v15.2.1 - https:\/\/yoast.com\/wordpress\/plugins\/seo\/ -->\n<title>2. runda Oponeo Mistrzostwa Polski Rallycross w Toruniu - LKT Wycz\u00f3\u0142 Go\u015bcieradz Polska<\/title>\n<meta name=\"robots\" content=\"index, follow, max-snippet:-1, max-image-preview:large, max-video-preview:-1\" \/>\n<link rel=\"canonical\" href=\"https:\/\/www.lktwg.com\/2-runda-oponeo-mistrzostwa-polski-rallycross-w-toruniu\/\" \/>\n<meta property=\"og:locale\" content=\"en_US\" \/>\n<meta property=\"og:type\" content=\"article\" \/>\n<meta property=\"og:title\" content=\"2. runda Oponeo Mistrzostwa Polski Rallycross w Toruniu - LKT Wycz\u00f3\u0142 Go\u015bcieradz Polska\" \/>\n<meta property=\"og:description\" content=\"Sorry, this entry is only available in Polish. For the sake of viewer convenience, the content is shown below in the alternative language. You may click the link to switch the active language.Oponeo Mistrzostwa Polski Rallycross po zimowej przerwie wracaj\u0105 do Torunia i to ze zdwojon\u0105 si\u0142\u0105. Runda Oponeo MPRC b\u0119dzie \u0142\u0105czona z Mistrzostwami Europy...\" \/>\n<meta property=\"og:url\" content=\"https:\/\/www.lktwg.com\/2-runda-oponeo-mistrzostwa-polski-rallycross-w-toruniu\/\" \/>\n<meta property=\"og:site_name\" content=\"LKT Wycz\u00f3\u0142 Go\u015bcieradz Polska\" \/>\n<meta property=\"article:publisher\" content=\"https:\/\/www.facebook.com\/lktwyczol\/\" \/>\n<meta property=\"article:published_time\" content=\"2018-05-10T16:46:35+00:00\" \/>\n<meta property=\"og:image\" content=\"https:\/\/www.lktwg.com\/wp-content\/uploads\/2018\/05\/31531379_1945813199063965_7601877292540755968_o.jpg\" \/>\n\t<meta property=\"og:image:width\" content=\"1200\" \/>\n\t<meta property=\"og:image:height\" content=\"628\" \/>\n<meta name=\"twitter:card\" content=\"summary\" \/>\n<meta name=\"twitter:label1\" content=\"Written by\">\n\t<meta name=\"twitter:data1\" content=\"Szymon Krupa\">\n\t<meta name=\"twitter:label2\" content=\"Est. reading time\">\n\t<meta name=\"twitter:data2\" content=\"1 minute\">\n<script type=\"application\/ld+json\" class=\"yoast-schema-graph\">{\"@context\":\"https:\/\/schema.org\",\"@graph\":[{\"@type\":\"WebSite\",\"@id\":\"https:\/\/www.lktwg.com\/en\/#website\",\"url\":\"https:\/\/www.lktwg.com\/en\/\",\"name\":\"LKT Wycz\\u00f3\\u0142 Go\\u015bcieradz Polska\",\"description\":\"Ludowy Klub Turystyczny\",\"potentialAction\":[{\"@type\":\"SearchAction\",\"target\":\"https:\/\/www.lktwg.com\/en\/?s={search_term_string}\",\"query-input\":\"required name=search_term_string\"}],\"inLanguage\":\"en-US\"},{\"@type\":\"ImageObject\",\"@id\":\"https:\/\/www.lktwg.com\/2-runda-oponeo-mistrzostwa-polski-rallycross-w-toruniu\/#primaryimage\",\"inLanguage\":\"en-US\",\"url\":\"https:\/\/www.lktwg.com\/wp-content\/uploads\/2018\/05\/31531379_1945813199063965_7601877292540755968_o.jpg\",\"width\":1200,\"height\":628},{\"@type\":\"WebPage\",\"@id\":\"https:\/\/www.lktwg.com\/2-runda-oponeo-mistrzostwa-polski-rallycross-w-toruniu\/#webpage\",\"url\":\"https:\/\/www.lktwg.com\/2-runda-oponeo-mistrzostwa-polski-rallycross-w-toruniu\/\",\"name\":\"2. runda Oponeo Mistrzostwa Polski Rallycross w Toruniu - LKT Wycz\\u00f3\\u0142 Go\\u015bcieradz Polska\",\"isPartOf\":{\"@id\":\"https:\/\/www.lktwg.com\/en\/#website\"},\"primaryImageOfPage\":{\"@id\":\"https:\/\/www.lktwg.com\/2-runda-oponeo-mistrzostwa-polski-rallycross-w-toruniu\/#primaryimage\"},\"datePublished\":\"2018-05-10T16:46:35+00:00\",\"dateModified\":\"2018-05-10T16:46:35+00:00\",\"author\":{\"@id\":\"https:\/\/www.lktwg.com\/en\/#\/schema\/person\/6bdf16306d63f6890497ce5c248c00ab\"},\"inLanguage\":\"en-US\",\"potentialAction\":[{\"@type\":\"ReadAction\",\"target\":[\"https:\/\/www.lktwg.com\/2-runda-oponeo-mistrzostwa-polski-rallycross-w-toruniu\/\"]}]},{\"@type\":\"Person\",\"@id\":\"https:\/\/www.lktwg.com\/en\/#\/schema\/person\/6bdf16306d63f6890497ce5c248c00ab\",\"name\":\"Szymon Krupa\",\"image\":{\"@type\":\"ImageObject\",\"@id\":\"https:\/\/www.lktwg.com\/en\/#personlogo\",\"inLanguage\":\"en-US\",\"url\":\"https:\/\/secure.gravatar.com\/avatar\/c0e2b7c0f015fe0d6c14ac0951d89111?s=96&d=mm&r=g\",\"caption\":\"Szymon Krupa\"}}]}<\/script>\n<!-- \/ Yoast SEO plugin. -->","_links":{"self":[{"href":"https:\/\/www.lktwg.com\/en\/wp-json\/wp\/v2\/posts\/2351"}],"collection":[{"href":"https:\/\/www.lktwg.com\/en\/wp-json\/wp\/v2\/posts"}],"about":[{"href":"https:\/\/www.lktwg.com\/en\/wp-json\/wp\/v2\/types\/post"}],"author":[{"embeddable":true,"href":"https:\/\/www.lktwg.com\/en\/wp-json\/wp\/v2\/users\/4"}],"replies":[{"embeddable":true,"href":"https:\/\/www.lktwg.com\/en\/wp-json\/wp\/v2\/comments?post=2351"}],"version-history":[{"count":1,"href":"https:\/\/www.lktwg.com\/en\/wp-json\/wp\/v2\/posts\/2351\/revisions"}],"predecessor-version":[{"id":2352,"href":"https:\/\/www.lktwg.com\/en\/wp-json\/wp\/v2\/posts\/2351\/revisions\/2352"}],"wp:featuredmedia":[{"embeddable":true,"href":"https:\/\/www.lktwg.com\/en\/wp-json\/wp\/v2\/media\/2350"}],"wp:attachment":[{"href":"https:\/\/www.lktwg.com\/en\/wp-json\/wp\/v2\/media?parent=2351"}],"wp:term":[{"taxonomy":"category","embeddable":true,"href":"https:\/\/www.lktwg.com\/en\/wp-json\/wp\/v2\/categories?post=2351"},{"taxonomy":"post_tag","embeddable":true,"href":"https:\/\/www.lktwg.com\/en\/wp-json\/wp\/v2\/tags?post=2351"}],"curies":[{"name":"wp","href":"https:\/\/api.w.org\/{rel}","templated":true}]}}