{"id":2348,"date":"2018-05-09T17:10:31","date_gmt":"2018-05-09T15:10:31","guid":{"rendered":"http:\/\/www.lktwg.com\/?p=2348"},"modified":"2018-05-09T17:10:31","modified_gmt":"2018-05-09T15:10:31","slug":"i-runda-supermoto-za-nami","status":"publish","type":"post","link":"https:\/\/www.lktwg.com\/en\/i-runda-supermoto-za-nami\/","title":{"rendered":"I runda Supermoto za nami"},"content":{"rendered":"<p class=\"qtranxs-available-languages-message qtranxs-available-languages-message-en\">Sorry, this entry is only available in <a href=\"https:\/\/www.lktwg.com\/pl\/wp-json\/wp\/v2\/posts\/2348\" class=\"qtranxs-available-language-link qtranxs-available-language-link-pl\" title=\"Polski\">Polish<\/a>. For the sake of viewer convenience, the content is shown below in the alternative language. You may click the link to switch the active language.<\/p><style type=\"text\/css\"><\/style><p><\/p>\n<div class=\"_5pbx userContent _3576\" data-ft=\"{&quot;tn&quot;:&quot;K&quot;}\">\n<p>28 kwietnia klub LKT Wycz\u00f3\u0142 Go\u015bcieradz kolejny raz w swojej historii by\u0142 gospodarzem I rundy Mistrzostw Polski i Pucharu Polski Supermoto. Sta\u0142o si\u0119 ju\u017c tradycj\u0105, \u017ce na pierwsze zawody w sezonie go\u015bcimy spor\u0105 grup\u0119 uczestnik\u00f3w z zagranicy i nie inaczej by\u0142o tym razem. Poza polsk\u0105 czo\u0142\u00f3wk\u0105 na bydgoskim Kartodromie zameldowa\u0142a si\u0119 spora ekipa zawodnik\u00f3w z Rosji, \u0141otwy, Niemiec czy te\u017c Czech, co zwiastowa\u0142o emocjonuj\u0105ce wy\u015bcigi. \u0141\u0105cznie w 4 klasach wystartowa\u0142o 57 motocyklist\u00f3w.<br \/>\nNie by\u0142o niespodzianki w klasie S2 Mistrzostw Polski, gdzie oba biegi z du\u017c\u0105 przewag\u0105 wygra\u0142 Czech <a class=\"profileLink\" href=\"https:\/\/www.facebook.com\/erikprov?fref=mentions\" data-hovercard=\"\/ajax\/hovercard\/user.php?id=1492814870&amp;extragetparams=%7B%22fref%22%3A%22mentions%22%7D\" data-hovercard-prefer-more-content-show=\"1\">Erik Provazn\u00edk<\/a> i pokaza\u0142, \u017ce r\u00f3wnie\u017c w tym sezonie dysponuje \u015bwietn\u0105 form\u0105. Na drugim stopniu podium zameldowa\u0142 si\u0119 <a class=\"profileLink\" href=\"https:\/\/www.facebook.com\/pawelleskowsupermoto\/?fref=mentions\" data-hovercard=\"\/ajax\/hovercard\/page.php?id=545424435539002&amp;extragetparams=%7B%22fref%22%3A%22mentions%22%7D\" data-hovercard-prefer-more-content-show=\"1\">Pawe\u0142 Le\u015bk\u00f3w<\/a>, a 3 miejsce wywalczy\u0142 ubieg\u0142oroczny wicemistrz Polski <a class=\"profileLink\" href=\"https:\/\/www.facebook.com\/J\u0119drzej-\u017buralski-142446436247478\/?fref=mentions\" data-hovercard=\"\/ajax\/hovercard\/page.php?id=142446436247478&amp;extragetparams=%7B%22fref%22%3A%22mentions%22%7D\" data-hovercard-prefer-more-content-show=\"1\">J\u0119drzej \u017buralski<\/a>. Po kontuzji do \u015bcigania wr\u00f3ci\u0142 reprezentant naszego klubu Maciej Wi\u015bniewski, kt\u00f3ry zdoby\u0142 pierwsze 15 punkt\u00f3w w klasyfikacji generalnej zajmuj\u0105c jednocze\u015bnie 14 miejsce.<\/p>\n<p>-Tor by\u0142 idealnie przygotowany z tradycyjnie wymagaj\u0105c\u0105 sekcj\u0105 off-road. Musz\u0119 przyzna\u0107, \u017ce bardzo dobrze swoj\u0105 prac\u0119 wykonywali flagowi, kt\u00f3rzy \u015bwietnie komunikowali wszystkie sytuacje na torze. Dopisa\u0142a konkurencja w klasie S2 i wida\u0107, \u017ce b\u0119dzie ciekawie w tym roku. Og\u00f3lnie jecha\u0142o bardzo dobrze, bez \u017cadnego wypadku czyli za wolno:). Tym samym mam nad czym pracowa\u0107 &#8211; relacjonuje <a class=\"profileLink\" href=\"https:\/\/www.facebook.com\/maciej.wisniewski.731?fref=mentions\" data-hovercard=\"\/ajax\/hovercard\/user.php?id=100003843341679&amp;extragetparams=%7B%22fref%22%3A%22mentions%22%7D\" data-hovercard-prefer-more-content-show=\"1\">Maciej Wi\u015bniewski<\/a>.<\/p>\n<p>\u015awietn\u0105 rywalizacj\u0119 mogli\u015bmy podziwia\u0107 w klasie C2 Pucharu Polski, gdzie na prostej startowej stan\u0119\u0142o \u0142\u0105cznie 21 motocyklist\u00f3w. W obu wy\u015bcigach bezkonkurencyjny by\u0142 Pavel Trubinen z Supermoto Russia i tym samym do domu wr\u00f3ci\u0142 z pucharem za 1 miejsce. Drug\u0105 lokat\u0119 wywalczy\u0142 reprezentant Automobilklubu Radomskiego <a class=\"profileLink\" href=\"https:\/\/www.facebook.com\/damian.krupa.503?fref=mentions\" data-hovercard=\"\/ajax\/hovercard\/user.php?id=100004096655476&amp;extragetparams=%7B%22fref%22%3A%22mentions%22%7D\" data-hovercard-prefer-more-content-show=\"1\">Damian Krupa<\/a>, a trzeci by\u0142 <a class=\"profileLink\" href=\"https:\/\/www.facebook.com\/karaluch90?fref=mentions\" data-hovercard=\"\/ajax\/hovercard\/user.php?id=100000323023241&amp;extragetparams=%7B%22fref%22%3A%22mentions%22%7D\" data-hovercard-prefer-more-content-show=\"1\">Tomek Nosal<\/a> z Automobilklubu Polskiego. O prawdziwym pechu mo\u017ce m\u00f3wi\u0107 \u0141otysz Ilya Shcheglov, kt\u00f3ry w drugim wy\u015bcigu po upadku musia\u0142 wycofa\u0107 si\u0119 ze zmaga\u0144. Szkoda, bo Ilya pokaza\u0142 w pierwszym wy\u015bcigu \u015bwietn\u0105 jazd\u0119 zajmuj\u0105c drugie miejsce zaraz za Pavlem Trubinem. Na bardzo dobrym 7 miejscu tegoroczn\u0105 I rund\u0119 uko\u0144czy\u0142 nasz klubowicz Maciej Michalski. Trzymamy kciuki na kolejnych zawodach.<\/p>\n<p>W klasie C4 (trasa bez sekcji off road) na torze s\u0105siaduj\u0105cym z rzek\u0105 Brd\u0105 zobaczyli\u015bmy 7 zawodnik\u00f3w, co nie oznacza\u0142o nudy. Wr\u0119cz przeciwnie, bo <a class=\"profileLink\" href=\"https:\/\/www.facebook.com\/mieszko.laszecki?fref=mentions\" data-hovercard=\"\/ajax\/hovercard\/user.php?id=100006180280417&amp;extragetparams=%7B%22fref%22%3A%22mentions%22%7D\" data-hovercard-prefer-more-content-show=\"1\">Mieszko Laszecki<\/a> (1 miejsce) po\u015bwi\u0119ca\u0142 sporo si\u0142y na odpieranie atak\u00f3w Konrada Stawickiego (2 miejsce) dzi\u0119ki czemu publiczno\u015b\u0107 mog\u0142a podziwia\u0107 walk\u0119 na centymetry. 3 stopie\u0144 podium wywalczy\u0142 Micha\u0142 I\u017cyk z Automobilklubu Polskiego. Tu\u017c za podium uplasowa\u0142 si\u0119 nasz klubowicz <a class=\"profileLink\" href=\"https:\/\/www.facebook.com\/dominik.dabrowski.79?fref=mentions\" data-hovercard=\"\/ajax\/hovercard\/user.php?id=1283793788&amp;extragetparams=%7B%22fref%22%3A%22mentions%22%7D\" data-hovercard-prefer-more-content-show=\"1\">Dominik Dabrowski<\/a>.<\/p>\n<p>-Tor by\u0142 \u015bwietnie przygotowany, nagrzany przez s\u0142o\u0144ce sprawia\u0142 ze je\u017adzi\u0142o si\u0119 wy\u015bmienicie &#8211; opowiada Dominik D\u0105browski. Ju\u017c pierwsze treningi u\u015bwiadomi\u0142y mi, \u017ce remont i przygotowanie motocykla przez zim\u0119 op\u0142aci\u0142y si\u0119. Skutkowa\u0142o to du\u017co lepszymi czasami ni\u017c w minionym roku i og\u00f3lnym wyczuciem motocykla. Kwalifikacje dawa\u0142y nadziej\u0119 na walk\u0119 o podium. Pierwszy wy\u015bcig przyni\u00f3s\u0142 pi\u0105t\u0105 pozycj\u0119 co pozostawi\u0142o niesmak. W drugim wy\u015bcigu motywacja wzros\u0142a. Walka w ostatnich okr\u0105\u017ceniach da\u0142a 4 miejsce. Do podium zabrak\u0142o niewiele, bo na met\u0119 wpadli\u015bmy prawie r\u00f3wno. Finalnie po pierwszej rundzie uzyska\u0142em 4 pozycje w klasie street. Daje to nadzieje na walk\u0119 w kolejnej rundzie. Trzymajcie kciuki i do zobaczenia w Poznaniu-m\u00f3wi Dominik.<\/p>\n<p>W klasie Amator wystartowa\u0142o 12 zawodnik\u00f3w, gdzie po sobotnich zmaganiach puchar za 1 miejsce zgarn\u0105\u0142 <a class=\"profileLink\" href=\"https:\/\/www.facebook.com\/profile.php?id=100004021162304&amp;fref=mentions\" data-hovercard=\"\/ajax\/hovercard\/user.php?id=100004021162304&amp;extragetparams=%7B%22fref%22%3A%22mentions%22%7D\" data-hovercard-prefer-more-content-show=\"1\">Piotr Musia\u0142<\/a> z <a class=\"profileLink\" href=\"https:\/\/www.facebook.com\/AMKDRWECAOSTRODA\/?fref=mentions\" data-hovercard=\"\/ajax\/hovercard\/page.php?id=854361708002531&amp;extragetparams=%7B%22fref%22%3A%22mentions%22%7D\" data-hovercard-prefer-more-content-show=\"1\">AMK Drw\u0119ca Ostr\u00f3da<\/a>, 2 pozycja przypad\u0142a dla Bartosza Michalskiego z Automobilklubu Wielkopolskiego, a 3 wynik uzyska\u0142 zawodnik <a class=\"profileLink\" href=\"https:\/\/www.facebook.com\/kochamy.sparte\/?fref=mentions\" data-hovercard=\"\/ajax\/hovercard\/page.php?id=1022387417780434&amp;extragetparams=%7B%22fref%22%3A%22mentions%22%7D\" data-hovercard-prefer-more-content-show=\"1\">Sparta Wroc\u0142aw<\/a> Marcin Staszak. 4 miejsce wywalczy\u0142 zawodnik naszego klubu @\u0141ukasz Grze\u015bkowiak, kt\u00f3rego z pewno\u015bci\u0105 b\u0119dziemy mogli podziwia\u0107 na innych rundach Supermoto.<\/p>\n<p>Serdecznie dzi\u0119kujemy wszystkim sponsorom za wsparcie w realizacji I rundy Mistrzostw Polski i Pucharu Polski Supermoto:<br \/>\n<a class=\"profileLink\" href=\"https:\/\/www.facebook.com\/Wilmat-352025114823344\/?fref=mentions\" data-hovercard=\"\/ajax\/hovercard\/page.php?id=352025114823344&amp;extragetparams=%7B%22fref%22%3A%22mentions%22%7D\" data-hovercard-prefer-more-content-show=\"1\">Wilmat<\/a>, <a class=\"profileLink\" href=\"https:\/\/www.facebook.com\/novabikecb\/?fref=mentions\" data-hovercard=\"\/ajax\/hovercard\/page.php?id=641359435993808&amp;extragetparams=%7B%22fref%22%3A%22mentions%22%7D\" data-hovercard-prefer-more-content-show=\"1\">NOVA BIKE<\/a> <a class=\"profileLink\" href=\"https:\/\/www.facebook.com\/SklepNa2Kolach\/?fref=mentions\" data-hovercard=\"\/ajax\/hovercard\/page.php?id=982564108495443&amp;extragetparams=%7B%22fref%22%3A%22mentions%22%7D\" data-hovercard-prefer-more-content-show=\"1\">Sklep na 2 ko\u0142ach<\/a>, <a class=\"profileLink\" href=\"https:\/\/www.facebook.com\/intermotorsbyd\/?fref=mentions\" data-hovercard=\"\/ajax\/hovercard\/page.php?id=757949354271898&amp;extragetparams=%7B%22fref%22%3A%22mentions%22%7D\" data-hovercard-prefer-more-content-show=\"1\">I&#8217;M Inter Motors Bydgoszcz<\/a>, <a class=\"profileLink\" href=\"https:\/\/www.facebook.com\/Motodreampl\/?fref=mentions\" data-hovercard=\"\/ajax\/hovercard\/page.php?id=136788413127836&amp;extragetparams=%7B%22fref%22%3A%22mentions%22%7D\" data-hovercard-prefer-more-content-show=\"1\">motodream.pl<\/a>, Dealer <a class=\"profileLink\" href=\"https:\/\/www.facebook.com\/BmwDynamicMotors\/?fref=mentions\" data-hovercard=\"\/ajax\/hovercard\/page.php?id=420431537971389&amp;extragetparams=%7B%22fref%22%3A%22mentions%22%7D\" data-hovercard-prefer-more-content-show=\"1\">BMW Dynamic Motors<\/a>, AZIA Zbigniew Stelmach<\/p>\n<p>Fot.Wies\u0142aw Ruhnke<\/p>\n<\/div>\n<p><\/p>","protected":false},"excerpt":{"rendered":"<p>Sorry, this entry is only available in Polish. For the sake of viewer convenience, the content is shown below in the alternative language. You may click the link to switch the active language. 28 kwietnia klub LKT Wycz\u00f3\u0142 Go\u015bcieradz kolejny raz w swojej historii by\u0142 gospodarzem I rundy Mistrzostw Polski i Pucharu Polski Supermoto. Sta\u0142o&#8230;<\/p>\n","protected":false},"author":4,"featured_media":2167,"comment_status":"closed","ping_status":"open","sticky":false,"template":"","format":"gallery","meta":[],"categories":[150],"tags":[165,166,154,174,167,173,171,170,93,172,169],"yoast_head":"<!-- This site is optimized with the Yoast SEO plugin v15.2.1 - https:\/\/yoast.com\/wordpress\/plugins\/seo\/ -->\n<title>I runda Supermoto za nami - LKT Wycz\u00f3\u0142 Go\u015bcieradz Polska<\/title>\n<meta name=\"robots\" content=\"index, follow, max-snippet:-1, max-image-preview:large, max-video-preview:-1\" \/>\n<link rel=\"canonical\" href=\"https:\/\/www.lktwg.com\/en\/i-runda-supermoto-za-nami\/\" \/>\n<meta property=\"og:locale\" content=\"en_US\" \/>\n<meta property=\"og:type\" content=\"article\" \/>\n<meta property=\"og:title\" content=\"I runda Supermoto za nami - LKT Wycz\u00f3\u0142 Go\u015bcieradz Polska\" \/>\n<meta property=\"og:description\" content=\"Sorry, this entry is only available in Polish. For the sake of viewer convenience, the content is shown below in the alternative language. You may click the link to switch the active language. 28 kwietnia klub LKT Wycz\u00f3\u0142 Go\u015bcieradz kolejny raz w swojej historii by\u0142 gospodarzem I rundy Mistrzostw Polski i Pucharu Polski Supermoto. Sta\u0142o...\" \/>\n<meta property=\"og:url\" content=\"https:\/\/www.lktwg.com\/en\/i-runda-supermoto-za-nami\/\" \/>\n<meta property=\"og:site_name\" content=\"LKT Wycz\u00f3\u0142 Go\u015bcieradz Polska\" \/>\n<meta property=\"article:publisher\" content=\"https:\/\/www.facebook.com\/lktwyczol\/\" \/>\n<meta property=\"article:published_time\" content=\"2018-05-09T15:10:31+00:00\" \/>\n<meta property=\"og:image\" content=\"https:\/\/www.lktwg.com\/wp-content\/uploads\/2018\/05\/IMG_6073.jpg\" \/>\n\t<meta property=\"og:image:width\" content=\"5184\" \/>\n\t<meta property=\"og:image:height\" content=\"3456\" \/>\n<meta name=\"twitter:card\" content=\"summary\" \/>\n<meta name=\"twitter:label1\" content=\"Written by\">\n\t<meta name=\"twitter:data1\" content=\"Szymon Krupa\">\n\t<meta name=\"twitter:label2\" content=\"Est. reading time\">\n\t<meta name=\"twitter:data2\" content=\"3 minutes\">\n<script type=\"application\/ld+json\" class=\"yoast-schema-graph\">{\"@context\":\"https:\/\/schema.org\",\"@graph\":[{\"@type\":\"WebSite\",\"@id\":\"https:\/\/www.lktwg.com\/en\/#website\",\"url\":\"https:\/\/www.lktwg.com\/en\/\",\"name\":\"LKT Wycz\\u00f3\\u0142 Go\\u015bcieradz Polska\",\"description\":\"Ludowy Klub Turystyczny\",\"potentialAction\":[{\"@type\":\"SearchAction\",\"target\":\"https:\/\/www.lktwg.com\/en\/?s={search_term_string}\",\"query-input\":\"required name=search_term_string\"}],\"inLanguage\":\"en-US\"},{\"@type\":\"ImageObject\",\"@id\":\"https:\/\/www.lktwg.com\/en\/i-runda-supermoto-za-nami\/#primaryimage\",\"inLanguage\":\"en-US\",\"url\":\"https:\/\/www.lktwg.com\/wp-content\/uploads\/2018\/05\/IMG_6073.jpg\",\"width\":5184,\"height\":3456},{\"@type\":\"WebPage\",\"@id\":\"https:\/\/www.lktwg.com\/en\/i-runda-supermoto-za-nami\/#webpage\",\"url\":\"https:\/\/www.lktwg.com\/en\/i-runda-supermoto-za-nami\/\",\"name\":\"I runda Supermoto za nami - LKT Wycz\\u00f3\\u0142 Go\\u015bcieradz Polska\",\"isPartOf\":{\"@id\":\"https:\/\/www.lktwg.com\/en\/#website\"},\"primaryImageOfPage\":{\"@id\":\"https:\/\/www.lktwg.com\/en\/i-runda-supermoto-za-nami\/#primaryimage\"},\"datePublished\":\"2018-05-09T15:10:31+00:00\",\"dateModified\":\"2018-05-09T15:10:31+00:00\",\"author\":{\"@id\":\"https:\/\/www.lktwg.com\/en\/#\/schema\/person\/6bdf16306d63f6890497ce5c248c00ab\"},\"inLanguage\":\"en-US\",\"potentialAction\":[{\"@type\":\"ReadAction\",\"target\":[\"https:\/\/www.lktwg.com\/en\/i-runda-supermoto-za-nami\/\"]}]},{\"@type\":\"Person\",\"@id\":\"https:\/\/www.lktwg.com\/en\/#\/schema\/person\/6bdf16306d63f6890497ce5c248c00ab\",\"name\":\"Szymon Krupa\",\"image\":{\"@type\":\"ImageObject\",\"@id\":\"https:\/\/www.lktwg.com\/en\/#personlogo\",\"inLanguage\":\"en-US\",\"url\":\"https:\/\/secure.gravatar.com\/avatar\/c0e2b7c0f015fe0d6c14ac0951d89111?s=96&d=mm&r=g\",\"caption\":\"Szymon Krupa\"}}]}<\/script>\n<!-- \/ Yoast SEO plugin. -->","_links":{"self":[{"href":"https:\/\/www.lktwg.com\/en\/wp-json\/wp\/v2\/posts\/2348"}],"collection":[{"href":"https:\/\/www.lktwg.com\/en\/wp-json\/wp\/v2\/posts"}],"about":[{"href":"https:\/\/www.lktwg.com\/en\/wp-json\/wp\/v2\/types\/post"}],"author":[{"embeddable":true,"href":"https:\/\/www.lktwg.com\/en\/wp-json\/wp\/v2\/users\/4"}],"replies":[{"embeddable":true,"href":"https:\/\/www.lktwg.com\/en\/wp-json\/wp\/v2\/comments?post=2348"}],"version-history":[{"count":1,"href":"https:\/\/www.lktwg.com\/en\/wp-json\/wp\/v2\/posts\/2348\/revisions"}],"predecessor-version":[{"id":2349,"href":"https:\/\/www.lktwg.com\/en\/wp-json\/wp\/v2\/posts\/2348\/revisions\/2349"}],"wp:featuredmedia":[{"embeddable":true,"href":"https:\/\/www.lktwg.com\/en\/wp-json\/wp\/v2\/media\/2167"}],"wp:attachment":[{"href":"https:\/\/www.lktwg.com\/en\/wp-json\/wp\/v2\/media?parent=2348"}],"wp:term":[{"taxonomy":"category","embeddable":true,"href":"https:\/\/www.lktwg.com\/en\/wp-json\/wp\/v2\/categories?post=2348"},{"taxonomy":"post_tag","embeddable":true,"href":"https:\/\/www.lktwg.com\/en\/wp-json\/wp\/v2\/tags?post=2348"}],"curies":[{"name":"wp","href":"https:\/\/api.w.org\/{rel}","templated":true}]}}