{"id":2101,"date":"2018-05-06T21:14:04","date_gmt":"2018-05-06T19:14:04","guid":{"rendered":"http:\/\/www.lktwg.com\/?p=2101"},"modified":"2018-05-09T17:12:16","modified_gmt":"2018-05-09T15:12:16","slug":"cross-country-w-walczu","status":"publish","type":"post","link":"https:\/\/www.lktwg.com\/en\/cross-country-w-walczu\/","title":{"rendered":"Cross Country w Wa\u0142czu"},"content":{"rendered":"<p class=\"qtranxs-available-languages-message qtranxs-available-languages-message-en\">Sorry, this entry is only available in <a href=\"https:\/\/www.lktwg.com\/pl\/wp-json\/wp\/v2\/posts\/2101\" class=\"qtranxs-available-language-link qtranxs-available-language-link-pl\" title=\"Polski\">Polish<\/a>. For the sake of viewer convenience, the content is shown below in the alternative language. You may click the link to switch the active language.<\/p><style type=\"text\/css\"><\/style><p><\/p>\n<div class=\"_5pbx userContent _3576\" data-ft=\"{&quot;tn&quot;:&quot;K&quot;}\">\n<p>Sezon sport\u00f3w motorowych wystartowa\u0142 na dobre w ca\u0142ym kraju. W ostatni weekend kwietnia w Wa\u0142czu zosta\u0142a rozegrana I i II runda Mistrzostw Pomorza Zachodniego. Tradycyjnie gospodarzem imprezy by\u0142 <a class=\"profileLink\" href=\"https:\/\/www.facebook.com\/KlubMotorowyKmSzczecin\/?fref=mentions\" data-hovercard=\"\/ajax\/hovercard\/page.php?id=333337513425999&amp;extragetparams=%7B%22fref%22%3A%22mentions%22%7D\" data-hovercard-prefer-more-content-show=\"1\">Klub Motorowy KM Szczecin<\/a>, kt\u00f3ry w tym roku zlokalizowa\u0142 tras\u0119 wy\u015bcigu przy. Nowomiejskiej. Na starcie zameldowa\u0142o si\u0119 3 zawodnik\u00f3w w barwach Wycz\u00f3\u0142a. Pow\u00f3d do rado\u015bci ma <a class=\"profileLink\" href=\"https:\/\/www.facebook.com\/profile.php?id=100013359518871&amp;fref=mentions\" data-hovercard=\"\/ajax\/hovercard\/user.php?id=100013359518871&amp;extragetparams=%7B%22fref%22%3A%22mentions%22%7D\" data-hovercard-prefer-more-content-show=\"1\">Mariusz Trojanowski<\/a>, kt\u00f3ry w klasie Quad Open zaj\u0105\u0142 3 miejsce.<\/p>\n<p>-Jestem zadowolony, bo kondycyjnie wytrzyma\u0142em dwa dni. Jak wida\u0107 intensywne treningi na si\u0142owni przynios\u0142y efekt. Trasa do\u015b\u0107 w\u0105ska i twarda, wi\u0119c moje d\u0142onie dosta\u0142y mocno w ko\u015b\u0107. Dwa razy zaliczy\u0142em dzwona z drzewami, ale quad ocala\u0142. Generalnie patrz\u0119 optymistyczne na kolejne starty- relacjonuje Mariusz.<\/p>\n<p>W klasie motocykli wystartowali Rafa\u0142 Buza\u0142a i Pawe\u0142 Budziak.<\/p>\n<p>-W Wa\u0142czu wystartowa\u0142em w klasie Open. Jak dla mnie trasa by\u0142a zbyt kr\u00f3tka, ciasno i musia\u0142em uwa\u017ca\u0107 na drzewa. Z ciekawszych element\u00f3w po kilku przejazdach utworzy\u0142o si\u0119 bagno, gdzie kilku koleg\u00f3w utkn\u0119\u0142o. Jednak uwa\u017cam, \u017ce trzyma\u0142em tempo i og\u00f3lnie jestem zadowolony z 5 miejsca. Niestety z przyczyn zawodowych mog\u0142em wystartowa\u0107 jedynie w sobot\u0119-m\u00f3wi Rafa\u0142.<\/p>\n<p>-Podobnie jak Rafa\u0142 stwierdzam, \u017ce trasa by\u0142a wymagaj\u0105ca. Trafia\u0142y si\u0119 odcinki le\u015bne, gdzie wszyscy motocykli\u015bci jechali jednym \u015bladem, co w efekcie doprowadzi\u0142o do utworzenia si\u0119 sporych dziur. Podobnie odcinek przy jeziorku, gdzie szybko zrobi\u0142o si\u0119 istne bagno, ale na dobrym cross country powinno by\u0107 troch\u0119 b\u0142ota. Jednego jestem pewien: do szlifowania mam kondycj\u0119 i na tym b\u0119d\u0119 si\u0119 skupia\u0142 w najbli\u017cszym czasie.<\/p>\n<p>Brawo Panowie i do zobaczenia na kolejnych zawodach.<\/p>\n<p>Fot. <a class=\"profileLink\" href=\"https:\/\/www.facebook.com\/profile.php?id=100000492742343&amp;fref=mentions\" data-hovercard=\"\/ajax\/hovercard\/user.php?id=100000492742343&amp;extragetparams=%7B%22fref%22%3A%22mentions%22%7D\" data-hovercard-prefer-more-content-show=\"1\">Bogus\u0142aw Ostrowski<\/a><\/p>\n<p><a class=\"profileLink\" href=\"https:\/\/www.facebook.com\/Delikatesy-Troja\u0144skie-1625949177425418\/?fref=mentions\" data-hovercard=\"\/ajax\/hovercard\/page.php?id=1625949177425418&amp;extragetparams=%7B%22fref%22%3A%22mentions%22%7D\" data-hovercard-prefer-more-content-show=\"1\">Delikatesy Troja\u0144skie<\/a> <a class=\"profileLink\" href=\"https:\/\/www.facebook.com\/profile.php?id=100009491615164&amp;fref=mentions\" data-hovercard=\"\/ajax\/hovercard\/user.php?id=100009491615164&amp;extragetparams=%7B%22fref%22%3A%22mentions%22%7D\" data-hovercard-prefer-more-content-show=\"1\">Delikatesy Bartosz<\/a> <a class=\"profileLink\" href=\"https:\/\/www.facebook.com\/profile.php?id=100000970662882&amp;fref=mentions\" data-hovercard=\"\/ajax\/hovercard\/user.php?id=100000970662882&amp;extragetparams=%7B%22fref%22%3A%22mentions%22%7D\" data-hovercard-prefer-more-content-show=\"1\">Rafa\u0142 Bvzala<\/a> <a class=\"profileLink\" href=\"https:\/\/www.facebook.com\/profile.php?id=100009970691773&amp;fref=mentions\" data-hovercard=\"\/ajax\/hovercard\/user.php?id=100009970691773&amp;extragetparams=%7B%22fref%22%3A%22mentions%22%7D\" data-hovercard-prefer-more-content-show=\"1\">Wulf Enduro<\/a> <a class=\"profileLink\" href=\"https:\/\/www.facebook.com\/Studio-Masa\u017cu-Mariusz-Trojanowski-1113212892105809\/?fref=mentions\" data-hovercard=\"\/ajax\/hovercard\/page.php?id=1113212892105809&amp;extragetparams=%7B%22fref%22%3A%22mentions%22%7D\" data-hovercard-prefer-more-content-show=\"1\">Studio Masa\u017cu Mariusz Trojanowski<\/a><\/p>\n<\/div>\n<p><\/p>","protected":false},"excerpt":{"rendered":"<p>Sorry, this entry is only available in Polish. For the sake of viewer convenience, the content is shown below in the alternative language. You may click the link to switch the active language. Sezon sport\u00f3w motorowych wystartowa\u0142 na dobre w ca\u0142ym kraju. W ostatni weekend kwietnia w Wa\u0142czu zosta\u0142a rozegrana I i II runda Mistrzostw&#8230;<\/p>\n","protected":false},"author":4,"featured_media":2093,"comment_status":"closed","ping_status":"open","sticky":false,"template":"","format":"gallery","meta":[],"categories":[1],"tags":[168],"yoast_head":"<!-- This site is optimized with the Yoast SEO plugin v15.2.1 - https:\/\/yoast.com\/wordpress\/plugins\/seo\/ -->\n<title>Cross Country w Wa\u0142czu - LKT Wycz\u00f3\u0142 Go\u015bcieradz Polska<\/title>\n<meta name=\"robots\" content=\"index, follow, max-snippet:-1, max-image-preview:large, max-video-preview:-1\" \/>\n<link rel=\"canonical\" href=\"https:\/\/www.lktwg.com\/en\/cross-country-w-walczu\/\" \/>\n<meta property=\"og:locale\" content=\"en_US\" \/>\n<meta property=\"og:type\" content=\"article\" \/>\n<meta property=\"og:title\" content=\"Cross Country w Wa\u0142czu - LKT Wycz\u00f3\u0142 Go\u015bcieradz Polska\" \/>\n<meta property=\"og:description\" content=\"Sorry, this entry is only available in Polish. For the sake of viewer convenience, the content is shown below in the alternative language. You may click the link to switch the active language. Sezon sport\u00f3w motorowych wystartowa\u0142 na dobre w ca\u0142ym kraju. W ostatni weekend kwietnia w Wa\u0142czu zosta\u0142a rozegrana I i II runda Mistrzostw...\" \/>\n<meta property=\"og:url\" content=\"https:\/\/www.lktwg.com\/en\/cross-country-w-walczu\/\" \/>\n<meta property=\"og:site_name\" content=\"LKT Wycz\u00f3\u0142 Go\u015bcieradz Polska\" \/>\n<meta property=\"article:publisher\" content=\"https:\/\/www.facebook.com\/lktwyczol\/\" \/>\n<meta property=\"article:published_time\" content=\"2018-05-06T19:14:04+00:00\" \/>\n<meta property=\"article:modified_time\" content=\"2018-05-09T15:12:16+00:00\" \/>\n<meta property=\"og:image\" content=\"https:\/\/www.lktwg.com\/wp-content\/uploads\/2018\/05\/30167172_439215916533722_4778376388027257657_o.jpg\" \/>\n\t<meta property=\"og:image:width\" content=\"1440\" \/>\n\t<meta property=\"og:image:height\" content=\"1440\" \/>\n<meta name=\"twitter:card\" content=\"summary\" \/>\n<meta name=\"twitter:label1\" content=\"Written by\">\n\t<meta name=\"twitter:data1\" content=\"Szymon Krupa\">\n\t<meta name=\"twitter:label2\" content=\"Est. reading time\">\n\t<meta name=\"twitter:data2\" content=\"1 minute\">\n<script type=\"application\/ld+json\" class=\"yoast-schema-graph\">{\"@context\":\"https:\/\/schema.org\",\"@graph\":[{\"@type\":\"WebSite\",\"@id\":\"https:\/\/www.lktwg.com\/en\/#website\",\"url\":\"https:\/\/www.lktwg.com\/en\/\",\"name\":\"LKT Wycz\\u00f3\\u0142 Go\\u015bcieradz Polska\",\"description\":\"Ludowy Klub Turystyczny\",\"potentialAction\":[{\"@type\":\"SearchAction\",\"target\":\"https:\/\/www.lktwg.com\/en\/?s={search_term_string}\",\"query-input\":\"required name=search_term_string\"}],\"inLanguage\":\"en-US\"},{\"@type\":\"ImageObject\",\"@id\":\"https:\/\/www.lktwg.com\/en\/cross-country-w-walczu\/#primaryimage\",\"inLanguage\":\"en-US\",\"url\":\"https:\/\/www.lktwg.com\/wp-content\/uploads\/2018\/05\/30167172_439215916533722_4778376388027257657_o.jpg\",\"width\":1440,\"height\":1440},{\"@type\":\"WebPage\",\"@id\":\"https:\/\/www.lktwg.com\/en\/cross-country-w-walczu\/#webpage\",\"url\":\"https:\/\/www.lktwg.com\/en\/cross-country-w-walczu\/\",\"name\":\"Cross Country w Wa\\u0142czu - LKT Wycz\\u00f3\\u0142 Go\\u015bcieradz Polska\",\"isPartOf\":{\"@id\":\"https:\/\/www.lktwg.com\/en\/#website\"},\"primaryImageOfPage\":{\"@id\":\"https:\/\/www.lktwg.com\/en\/cross-country-w-walczu\/#primaryimage\"},\"datePublished\":\"2018-05-06T19:14:04+00:00\",\"dateModified\":\"2018-05-09T15:12:16+00:00\",\"author\":{\"@id\":\"https:\/\/www.lktwg.com\/en\/#\/schema\/person\/6bdf16306d63f6890497ce5c248c00ab\"},\"inLanguage\":\"en-US\",\"potentialAction\":[{\"@type\":\"ReadAction\",\"target\":[\"https:\/\/www.lktwg.com\/en\/cross-country-w-walczu\/\"]}]},{\"@type\":\"Person\",\"@id\":\"https:\/\/www.lktwg.com\/en\/#\/schema\/person\/6bdf16306d63f6890497ce5c248c00ab\",\"name\":\"Szymon Krupa\",\"image\":{\"@type\":\"ImageObject\",\"@id\":\"https:\/\/www.lktwg.com\/en\/#personlogo\",\"inLanguage\":\"en-US\",\"url\":\"https:\/\/secure.gravatar.com\/avatar\/c0e2b7c0f015fe0d6c14ac0951d89111?s=96&d=mm&r=g\",\"caption\":\"Szymon Krupa\"}}]}<\/script>\n<!-- \/ Yoast SEO plugin. -->","_links":{"self":[{"href":"https:\/\/www.lktwg.com\/en\/wp-json\/wp\/v2\/posts\/2101"}],"collection":[{"href":"https:\/\/www.lktwg.com\/en\/wp-json\/wp\/v2\/posts"}],"about":[{"href":"https:\/\/www.lktwg.com\/en\/wp-json\/wp\/v2\/types\/post"}],"author":[{"embeddable":true,"href":"https:\/\/www.lktwg.com\/en\/wp-json\/wp\/v2\/users\/4"}],"replies":[{"embeddable":true,"href":"https:\/\/www.lktwg.com\/en\/wp-json\/wp\/v2\/comments?post=2101"}],"version-history":[{"count":1,"href":"https:\/\/www.lktwg.com\/en\/wp-json\/wp\/v2\/posts\/2101\/revisions"}],"predecessor-version":[{"id":2102,"href":"https:\/\/www.lktwg.com\/en\/wp-json\/wp\/v2\/posts\/2101\/revisions\/2102"}],"wp:featuredmedia":[{"embeddable":true,"href":"https:\/\/www.lktwg.com\/en\/wp-json\/wp\/v2\/media\/2093"}],"wp:attachment":[{"href":"https:\/\/www.lktwg.com\/en\/wp-json\/wp\/v2\/media?parent=2101"}],"wp:term":[{"taxonomy":"category","embeddable":true,"href":"https:\/\/www.lktwg.com\/en\/wp-json\/wp\/v2\/categories?post=2101"},{"taxonomy":"post_tag","embeddable":true,"href":"https:\/\/www.lktwg.com\/en\/wp-json\/wp\/v2\/tags?post=2101"}],"curies":[{"name":"wp","href":"https:\/\/api.w.org\/{rel}","templated":true}]}}