{"id":2090,"date":"2018-05-01T11:59:07","date_gmt":"2018-05-01T09:59:07","guid":{"rendered":"http:\/\/www.lktwg.com\/?p=2090"},"modified":"2018-05-01T11:59:07","modified_gmt":"2018-05-01T09:59:07","slug":"supermoto-w-mediach","status":"publish","type":"post","link":"https:\/\/www.lktwg.com\/en\/supermoto-w-mediach\/","title":{"rendered":"Supermoto w mediach"},"content":{"rendered":"<p class=\"qtranxs-available-languages-message qtranxs-available-languages-message-en\">Sorry, this entry is only available in <a href=\"https:\/\/www.lktwg.com\/pl\/wp-json\/wp\/v2\/posts\/2090\" class=\"qtranxs-available-language-link qtranxs-available-language-link-pl\" title=\"Polski\">Polish<\/a>. For the sake of viewer convenience, the content is shown below in the alternative language. You may click the link to switch the active language.<\/p><style type=\"text\/css\"><\/style><p>Supermoto w mediach<\/p>\n<p>Zach\u0119camy do zapoznania si\u0119 z relacjami <a class=\"profileLink\" href=\"https:\/\/www.facebook.com\/BydgoszczWyborcza\/?fref=mentions\" data-hovercard=\"\/ajax\/hovercard\/page.php?id=105171796186333&amp;extragetparams=%7B%22fref%22%3A%22mentions%22%7D\" data-hovercard-prefer-more-content-show=\"1\">Wyborcza.pl Bydgoszcz<\/a> oraz <a class=\"profileLink\" href=\"https:\/\/www.facebook.com\/bydgoszcztvp\/?fref=mentions\" data-hovercard=\"\/ajax\/hovercard\/page.php?id=220731791272555&amp;extragetparams=%7B%22fref%22%3A%22mentions%22%7D\" data-hovercard-prefer-more-content-show=\"1\">TVP3 Bydgoszcz<\/a> z I rundy Mistrzostw i Pucharu Polski Supermoto. Dzi\u0119kujemy za obecno\u015b\u0107 i zapraszamy na kolejne imprezy organizowane przez LKT Wycz\u00f3\u0142 Go\u015bcieradz<\/p>\n<p>Wyborcza.pl:<span class=\"text_exposed_show\"><br \/>\n<a href=\"http:\/\/bydgoszcz.wyborcza.pl\/bydgoszcz\/7,48722,23336891,supermoto-na-kartodromie-puchar-i-mistrzostwa-polski.html?utm_source=facebook.com&amp;utm_medium=SM&amp;utm_campaign=FB_Bydgoszcz_Wyborcza&amp;disableRedirects=true\" target=\"_blank\" rel=\"nofollow noopener\" data-ft=\"{&quot;tn&quot;:&quot;-U&quot;}\" data-lynx-mode=\"asynclazy\" data-lynx-uri=\"https:\/\/l.facebook.com\/l.php?u=http%3A%2F%2Fbydgoszcz.wyborcza.pl%2Fbydgoszcz%2F7%2C48722%2C23336891%2Csupermoto-na-kartodromie-puchar-i-mistrzostwa-polski.html%3Futm_source%3Dfacebook.com%26utm_medium%3DSM%26utm_campaign%3DFB_Bydgoszcz_Wyborcza%26disableRedirects%3Dtrue&amp;h=ATMU-kqz-k39HOKKPw8SdLUDPgLGZwg3bZ83SAy4Xc0M5psgnX2UKZgCWixwPBAyVzHWpyzwPxTvvGLp3GrkPrnTlvGu92jHggcYQqcQbrAbHc_SNCTJpGyj54dNvPANShOw7OfL\">http:\/\/bydgoszcz.wyborcza.pl\/\u2026\/7,48722,23336891,supermoto-n\u2026<\/a><\/span><\/p>\n<div class=\"text_exposed_show\">\n<p>TVP Bydgoszcz:<br \/>\n<a href=\"https:\/\/bydgoszcz.tvp.pl\/37011502\/28042018\" target=\"_blank\" rel=\"nofollow noopener\" data-ft=\"{&quot;tn&quot;:&quot;-U&quot;}\" data-lynx-mode=\"asynclazy\" data-lynx-uri=\"https:\/\/l.facebook.com\/l.php?u=https%3A%2F%2Fbydgoszcz.tvp.pl%2F37011502%2F28042018&amp;h=ATOlOZan4LB0mRThMb8ugmYtrKwtCZ0luSv1DME9JZH1Cos0v-2WCx8o496MjVlWo-j7qiBQ-J_iX967DN7JVKuEexHED-_E2Jq3XnA9gAzPYIIAO6hTF-wxU3IDf_ipFg_LE6Hv\">https:\/\/bydgoszcz.tvp.pl\/37011502\/28042018<\/a> (od 3:19)<\/p>\n<p><a class=\"profileLink\" href=\"https:\/\/www.facebook.com\/Wilmat-352025114823344\/?fref=mentions\" data-hovercard=\"\/ajax\/hovercard\/page.php?id=352025114823344&amp;extragetparams=%7B%22fref%22%3A%22mentions%22%7D\" data-hovercard-prefer-more-content-show=\"1\">Wilmat<\/a>, <a class=\"profileLink\" href=\"https:\/\/www.facebook.com\/novabikecb\/?fref=mentions\" data-hovercard=\"\/ajax\/hovercard\/page.php?id=641359435993808&amp;extragetparams=%7B%22fref%22%3A%22mentions%22%7D\" data-hovercard-prefer-more-content-show=\"1\">NOVA BIKE<\/a>, <a class=\"profileLink\" href=\"https:\/\/www.facebook.com\/SklepNa2Kolach\/?fref=mentions\" data-hovercard=\"\/ajax\/hovercard\/page.php?id=982564108495443&amp;extragetparams=%7B%22fref%22%3A%22mentions%22%7D\" data-hovercard-prefer-more-content-show=\"1\">Sklep na 2 ko\u0142ach<\/a>, <a class=\"profileLink\" href=\"https:\/\/www.facebook.com\/intermotorsbyd\/?fref=mentions\" data-hovercard=\"\/ajax\/hovercard\/page.php?id=757949354271898&amp;extragetparams=%7B%22fref%22%3A%22mentions%22%7D\" data-hovercard-prefer-more-content-show=\"1\">I&#8217;M Inter Motors Bydgoszcz<\/a>, <a class=\"profileLink\" href=\"https:\/\/www.facebook.com\/Motodreampl\/?fref=mentions\" data-hovercard=\"\/ajax\/hovercard\/page.php?id=136788413127836&amp;extragetparams=%7B%22fref%22%3A%22mentions%22%7D\" data-hovercard-prefer-more-content-show=\"1\">motodream.pl<\/a>, Dealer <a class=\"profileLink\" href=\"https:\/\/www.facebook.com\/BmwDynamicMotors\/?fref=mentions\" data-hovercard=\"\/ajax\/hovercard\/page.php?id=420431537971389&amp;extragetparams=%7B%22fref%22%3A%22mentions%22%7D\" data-hovercard-prefer-more-content-show=\"1\">BMW Dynamic Motors<\/a>, AZIA Zbigniew Stelmach<\/p>\n<\/div>\n<p><\/p>","protected":false},"excerpt":{"rendered":"<p>Sorry, this entry is only available in Polish. For the sake of viewer convenience, the content is shown below in the alternative language. You may click the link to switch the active language.Supermoto w mediach Zach\u0119camy do zapoznania si\u0119 z relacjami Wyborcza.pl Bydgoszcz oraz TVP3 Bydgoszcz z I rundy Mistrzostw i Pucharu Polski Supermoto. Dzi\u0119kujemy&#8230;<\/p>\n","protected":false},"author":4,"featured_media":0,"comment_status":"closed","ping_status":"open","sticky":false,"template":"","format":"image","meta":[],"categories":[150],"tags":[164,165,166,154,167,93,143],"yoast_head":"<!-- This site is optimized with the Yoast SEO plugin v15.2.1 - https:\/\/yoast.com\/wordpress\/plugins\/seo\/ -->\n<title>Supermoto w mediach - LKT Wycz\u00f3\u0142 Go\u015bcieradz Polska<\/title>\n<meta name=\"robots\" content=\"index, follow, max-snippet:-1, max-image-preview:large, max-video-preview:-1\" \/>\n<link rel=\"canonical\" href=\"https:\/\/www.lktwg.com\/supermoto-w-mediach\/\" \/>\n<meta property=\"og:locale\" content=\"en_US\" \/>\n<meta property=\"og:type\" content=\"article\" \/>\n<meta property=\"og:title\" content=\"Supermoto w mediach - LKT Wycz\u00f3\u0142 Go\u015bcieradz Polska\" \/>\n<meta property=\"og:description\" content=\"Sorry, this entry is only available in Polish. For the sake of viewer convenience, the content is shown below in the alternative language. You may click the link to switch the active language.Supermoto w mediach Zach\u0119camy do zapoznania si\u0119 z relacjami Wyborcza.pl Bydgoszcz oraz TVP3 Bydgoszcz z I rundy Mistrzostw i Pucharu Polski Supermoto. Dzi\u0119kujemy...\" \/>\n<meta property=\"og:url\" content=\"https:\/\/www.lktwg.com\/supermoto-w-mediach\/\" \/>\n<meta property=\"og:site_name\" content=\"LKT Wycz\u00f3\u0142 Go\u015bcieradz Polska\" \/>\n<meta property=\"article:publisher\" content=\"https:\/\/www.facebook.com\/lktwyczol\/\" \/>\n<meta property=\"article:published_time\" content=\"2018-05-01T09:59:07+00:00\" \/>\n<meta name=\"twitter:card\" content=\"summary\" \/>\n<meta name=\"twitter:label1\" content=\"Written by\">\n\t<meta name=\"twitter:data1\" content=\"Szymon Krupa\">\n\t<meta name=\"twitter:label2\" content=\"Est. reading time\">\n\t<meta name=\"twitter:data2\" content=\"0 minutes\">\n<script type=\"application\/ld+json\" class=\"yoast-schema-graph\">{\"@context\":\"https:\/\/schema.org\",\"@graph\":[{\"@type\":\"WebSite\",\"@id\":\"https:\/\/www.lktwg.com\/en\/#website\",\"url\":\"https:\/\/www.lktwg.com\/en\/\",\"name\":\"LKT Wycz\\u00f3\\u0142 Go\\u015bcieradz Polska\",\"description\":\"Ludowy Klub Turystyczny\",\"potentialAction\":[{\"@type\":\"SearchAction\",\"target\":\"https:\/\/www.lktwg.com\/en\/?s={search_term_string}\",\"query-input\":\"required name=search_term_string\"}],\"inLanguage\":\"en-US\"},{\"@type\":\"WebPage\",\"@id\":\"https:\/\/www.lktwg.com\/supermoto-w-mediach\/#webpage\",\"url\":\"https:\/\/www.lktwg.com\/supermoto-w-mediach\/\",\"name\":\"Supermoto w mediach - LKT Wycz\\u00f3\\u0142 Go\\u015bcieradz Polska\",\"isPartOf\":{\"@id\":\"https:\/\/www.lktwg.com\/en\/#website\"},\"datePublished\":\"2018-05-01T09:59:07+00:00\",\"dateModified\":\"2018-05-01T09:59:07+00:00\",\"author\":{\"@id\":\"https:\/\/www.lktwg.com\/en\/#\/schema\/person\/6bdf16306d63f6890497ce5c248c00ab\"},\"inLanguage\":\"en-US\",\"potentialAction\":[{\"@type\":\"ReadAction\",\"target\":[\"https:\/\/www.lktwg.com\/supermoto-w-mediach\/\"]}]},{\"@type\":\"Person\",\"@id\":\"https:\/\/www.lktwg.com\/en\/#\/schema\/person\/6bdf16306d63f6890497ce5c248c00ab\",\"name\":\"Szymon Krupa\",\"image\":{\"@type\":\"ImageObject\",\"@id\":\"https:\/\/www.lktwg.com\/en\/#personlogo\",\"inLanguage\":\"en-US\",\"url\":\"https:\/\/secure.gravatar.com\/avatar\/c0e2b7c0f015fe0d6c14ac0951d89111?s=96&d=mm&r=g\",\"caption\":\"Szymon Krupa\"}}]}<\/script>\n<!-- \/ Yoast SEO plugin. -->","_links":{"self":[{"href":"https:\/\/www.lktwg.com\/en\/wp-json\/wp\/v2\/posts\/2090"}],"collection":[{"href":"https:\/\/www.lktwg.com\/en\/wp-json\/wp\/v2\/posts"}],"about":[{"href":"https:\/\/www.lktwg.com\/en\/wp-json\/wp\/v2\/types\/post"}],"author":[{"embeddable":true,"href":"https:\/\/www.lktwg.com\/en\/wp-json\/wp\/v2\/users\/4"}],"replies":[{"embeddable":true,"href":"https:\/\/www.lktwg.com\/en\/wp-json\/wp\/v2\/comments?post=2090"}],"version-history":[{"count":1,"href":"https:\/\/www.lktwg.com\/en\/wp-json\/wp\/v2\/posts\/2090\/revisions"}],"predecessor-version":[{"id":2091,"href":"https:\/\/www.lktwg.com\/en\/wp-json\/wp\/v2\/posts\/2090\/revisions\/2091"}],"wp:attachment":[{"href":"https:\/\/www.lktwg.com\/en\/wp-json\/wp\/v2\/media?parent=2090"}],"wp:term":[{"taxonomy":"category","embeddable":true,"href":"https:\/\/www.lktwg.com\/en\/wp-json\/wp\/v2\/categories?post=2090"},{"taxonomy":"post_tag","embeddable":true,"href":"https:\/\/www.lktwg.com\/en\/wp-json\/wp\/v2\/tags?post=2090"}],"curies":[{"name":"wp","href":"https:\/\/api.w.org\/{rel}","templated":true}]}}