{"id":2087,"date":"2018-04-25T22:17:32","date_gmt":"2018-04-25T20:17:32","guid":{"rendered":"http:\/\/www.lktwg.com\/?p=2087"},"modified":"2018-04-25T22:22:05","modified_gmt":"2018-04-25T20:22:05","slug":"wyczolowcy-pojechali-w-grudziadzu","status":"publish","type":"post","link":"https:\/\/www.lktwg.com\/en\/wyczolowcy-pojechali-w-grudziadzu\/","title":{"rendered":"Wycz\u00f3\u0142owcy pojechali w Grudzi\u0105dzu"},"content":{"rendered":"<p class=\"qtranxs-available-languages-message qtranxs-available-languages-message-en\">Sorry, this entry is only available in <a href=\"https:\/\/www.lktwg.com\/pl\/wp-json\/wp\/v2\/posts\/2087\" class=\"qtranxs-available-language-link qtranxs-available-language-link-pl\" title=\"Polski\">Polish<\/a>. For the sake of viewer convenience, the content is shown below in the alternative language. You may click the link to switch the active language.<\/p><style type=\"text\/css\"><\/style><p>W minion\u0105 niedziel\u0119 Grudzi\u0105dz sta\u0142 si\u0119 aren\u0105 zmaga\u0144 naszych kierowc\u00f3w w ramach 2 rundy Mistrzostw Okr\u0119gu Bydgoskiego w Autoslalomie. Wydarzenie organizowane przez <a class=\"profileLink\" href=\"https:\/\/www.facebook.com\/automobilklub.grudziadz\/?fref=mentions\" data-hovercard=\"\/ajax\/hovercard\/page.php?id=320080261471286&amp;extragetparams=%7B%22fref%22%3A%22mentions%22%7D\" data-hovercard-prefer-more-content-show=\"1\">Automobilklub Toru\u0144ski Delegatura Grudzi\u0105dz<\/a> by\u0142o jednocze\u015bnie 2 rund\u0105 Grudzi\u0105dzkiego Mistrza Kierownicy. Szybka trasa, s\u0142oneczna pogoda oraz \u015bwietne suche i warunki przyci\u0105gn\u0119\u0142y 25 uczestnik\u00f3w, kt\u00f3rzy w niedzielny poranek stan\u0119li do rywalizacji na trasie zlokalizowanej przy ul. Lot<span class=\"text_exposed_show\">niczej. Tradycyjnie charakterystyczne okr\u0105g\u0142e i kolorowe logo Wycz\u00f3\u0142a pojawi\u0142o si\u0119 na 7 autach. W klasie 1 (auta do 1400ccm) rewelacyjnie pojecha\u0142 <a class=\"profileLink\" href=\"https:\/\/www.facebook.com\/dawid.jedrzejewski.18?fref=mentions\" data-hovercard=\"\/ajax\/hovercard\/user.php?id=100000731110404&amp;extragetparams=%7B%22fref%22%3A%22mentions%22%7D\" data-hovercard-prefer-more-content-show=\"1\">Dawid J\u0119drzejewski<\/a> kt\u00f3ry zgarn\u0105\u0142 puchar za 2 lokat\u0119. Ze wspomnieniami i pucharem za 3 miejsce wr\u00f3ci\u0142 do domu <a class=\"profileLink\" href=\"https:\/\/www.facebook.com\/adrian.rac.7?fref=mentions\" data-hovercard=\"\/ajax\/hovercard\/user.php?id=100001912027649&amp;extragetparams=%7B%22fref%22%3A%22mentions%22%7D\" data-hovercard-prefer-more-content-show=\"1\">Adrian Rac<\/a>. Na 4 pozycji uplasowa\u0142 si\u0119 Krzysztof Wizner, kt\u00f3ry tradycyjnie zameldowa\u0142 si\u0119 na imprezie swoj\u0105 czerwon\u0105 Hond\u0105 Civic. W klasie 2 (auta o pojemno\u015bci do 1600ccm) Kamil Zaroda by\u0142 niedo\u015bcigniony w Mitsubishi Colt\u2026i w drodze powrotnej wn\u0119trze srebrnej rakiety ozdabia\u0142 puchar za 1 miejsce. 4 lokat\u0119 wywalczy\u0142 <a class=\"profileLink\" href=\"https:\/\/www.facebook.com\/kasprzyk.lukasz?fref=mentions\" data-hovercard=\"\/ajax\/hovercard\/user.php?id=100001018360021&amp;extragetparams=%7B%22fref%22%3A%22mentions%22%7D\" data-hovercard-prefer-more-content-show=\"1\">\u0141ukasz Kasprzyk<\/a>, kt\u00f3remu do najni\u017cszego stopnia podium zabrak\u0142o nieco ponad 3 punkty. W klasie 4 kolejny raz Aleksander Rzepecki udowodni\u0142, \u017ce naklejka ,,benzyna jest do kosiarek\u201d na klapie Golfa III TD zobowi\u0105zuje i nie da\u0142 szans rywalom. Tym samym kolejna statuetka za 1 miejsce b\u0119dzie zdobi\u0107 kolekcj\u0119 trofe\u00f3w Olka. 2 lokat\u0119 wywalczy\u0142 <a class=\"profileLink\" href=\"https:\/\/www.facebook.com\/maciej.zet.35?fref=mentions\" data-hovercard=\"\/ajax\/hovercard\/user.php?id=100001755833010&amp;extragetparams=%7B%22fref%22%3A%22mentions%22%7D\" data-hovercard-prefer-more-content-show=\"1\">Maciej \u017bwirko<\/a> w niezawodnym Subaru. Dzi\u0119kujemy naszym zawodnikom za \u015bwietne wyniki i trzymamy kciuki na kolejnych imprezach.<\/span><\/p>\n<div class=\"text_exposed_show\">\n<p>Wielkie dzi\u0119ki dla Krzysztofa Wiznera za fotorelacj\u0119 z wydarzenia.<\/p>\n<\/div>\n<p><\/p>","protected":false},"excerpt":{"rendered":"<p>Sorry, this entry is only available in Polish. For the sake of viewer convenience, the content is shown below in the alternative language. You may click the link to switch the active language.W minion\u0105 niedziel\u0119 Grudzi\u0105dz sta\u0142 si\u0119 aren\u0105 zmaga\u0144 naszych kierowc\u00f3w w ramach 2 rundy Mistrzostw Okr\u0119gu Bydgoskiego w Autoslalomie. Wydarzenie organizowane przez Automobilklub&#8230;<\/p>\n","protected":false},"author":4,"featured_media":2083,"comment_status":"closed","ping_status":"open","sticky":false,"template":"","format":"gallery","meta":[],"categories":[9],"tags":[],"yoast_head":"<!-- This site is optimized with the Yoast SEO plugin v15.2.1 - https:\/\/yoast.com\/wordpress\/plugins\/seo\/ -->\n<title>Wycz\u00f3\u0142owcy pojechali w Grudzi\u0105dzu - LKT Wycz\u00f3\u0142 Go\u015bcieradz Polska<\/title>\n<meta name=\"robots\" content=\"index, follow, max-snippet:-1, max-image-preview:large, max-video-preview:-1\" \/>\n<link rel=\"canonical\" href=\"https:\/\/www.lktwg.com\/en\/wyczolowcy-pojechali-w-grudziadzu\/\" \/>\n<meta property=\"og:locale\" content=\"en_US\" \/>\n<meta property=\"og:type\" content=\"article\" \/>\n<meta property=\"og:title\" content=\"Wycz\u00f3\u0142owcy pojechali w Grudzi\u0105dzu - LKT Wycz\u00f3\u0142 Go\u015bcieradz Polska\" \/>\n<meta property=\"og:description\" content=\"Sorry, this entry is only available in Polish. For the sake of viewer convenience, the content is shown below in the alternative language. You may click the link to switch the active language.W minion\u0105 niedziel\u0119 Grudzi\u0105dz sta\u0142 si\u0119 aren\u0105 zmaga\u0144 naszych kierowc\u00f3w w ramach 2 rundy Mistrzostw Okr\u0119gu Bydgoskiego w Autoslalomie. Wydarzenie organizowane przez Automobilklub...\" \/>\n<meta property=\"og:url\" content=\"https:\/\/www.lktwg.com\/en\/wyczolowcy-pojechali-w-grudziadzu\/\" \/>\n<meta property=\"og:site_name\" content=\"LKT Wycz\u00f3\u0142 Go\u015bcieradz Polska\" \/>\n<meta property=\"article:publisher\" content=\"https:\/\/www.facebook.com\/lktwyczol\/\" \/>\n<meta property=\"article:published_time\" content=\"2018-04-25T20:17:32+00:00\" \/>\n<meta property=\"article:modified_time\" content=\"2018-04-25T20:22:05+00:00\" \/>\n<meta property=\"og:image\" content=\"https:\/\/www.lktwg.com\/wp-content\/uploads\/2018\/04\/DSC08760.jpg\" \/>\n\t<meta property=\"og:image:width\" content=\"5456\" \/>\n\t<meta property=\"og:image:height\" content=\"3064\" \/>\n<meta name=\"twitter:card\" content=\"summary\" \/>\n<meta name=\"twitter:label1\" content=\"Written by\">\n\t<meta name=\"twitter:data1\" content=\"Szymon Krupa\">\n\t<meta name=\"twitter:label2\" content=\"Est. reading time\">\n\t<meta name=\"twitter:data2\" content=\"1 minute\">\n<script type=\"application\/ld+json\" class=\"yoast-schema-graph\">{\"@context\":\"https:\/\/schema.org\",\"@graph\":[{\"@type\":\"WebSite\",\"@id\":\"https:\/\/www.lktwg.com\/en\/#website\",\"url\":\"https:\/\/www.lktwg.com\/en\/\",\"name\":\"LKT Wycz\\u00f3\\u0142 Go\\u015bcieradz Polska\",\"description\":\"Ludowy Klub Turystyczny\",\"potentialAction\":[{\"@type\":\"SearchAction\",\"target\":\"https:\/\/www.lktwg.com\/en\/?s={search_term_string}\",\"query-input\":\"required name=search_term_string\"}],\"inLanguage\":\"en-US\"},{\"@type\":\"ImageObject\",\"@id\":\"https:\/\/www.lktwg.com\/en\/wyczolowcy-pojechali-w-grudziadzu\/#primaryimage\",\"inLanguage\":\"en-US\",\"url\":\"https:\/\/www.lktwg.com\/wp-content\/uploads\/2018\/04\/DSC08760.jpg\",\"width\":5456,\"height\":3064},{\"@type\":\"WebPage\",\"@id\":\"https:\/\/www.lktwg.com\/en\/wyczolowcy-pojechali-w-grudziadzu\/#webpage\",\"url\":\"https:\/\/www.lktwg.com\/en\/wyczolowcy-pojechali-w-grudziadzu\/\",\"name\":\"Wycz\\u00f3\\u0142owcy pojechali w Grudzi\\u0105dzu - LKT Wycz\\u00f3\\u0142 Go\\u015bcieradz Polska\",\"isPartOf\":{\"@id\":\"https:\/\/www.lktwg.com\/en\/#website\"},\"primaryImageOfPage\":{\"@id\":\"https:\/\/www.lktwg.com\/en\/wyczolowcy-pojechali-w-grudziadzu\/#primaryimage\"},\"datePublished\":\"2018-04-25T20:17:32+00:00\",\"dateModified\":\"2018-04-25T20:22:05+00:00\",\"author\":{\"@id\":\"https:\/\/www.lktwg.com\/en\/#\/schema\/person\/6bdf16306d63f6890497ce5c248c00ab\"},\"inLanguage\":\"en-US\",\"potentialAction\":[{\"@type\":\"ReadAction\",\"target\":[\"https:\/\/www.lktwg.com\/en\/wyczolowcy-pojechali-w-grudziadzu\/\"]}]},{\"@type\":\"Person\",\"@id\":\"https:\/\/www.lktwg.com\/en\/#\/schema\/person\/6bdf16306d63f6890497ce5c248c00ab\",\"name\":\"Szymon Krupa\",\"image\":{\"@type\":\"ImageObject\",\"@id\":\"https:\/\/www.lktwg.com\/en\/#personlogo\",\"inLanguage\":\"en-US\",\"url\":\"https:\/\/secure.gravatar.com\/avatar\/c0e2b7c0f015fe0d6c14ac0951d89111?s=96&d=mm&r=g\",\"caption\":\"Szymon Krupa\"}}]}<\/script>\n<!-- \/ Yoast SEO plugin. -->","_links":{"self":[{"href":"https:\/\/www.lktwg.com\/en\/wp-json\/wp\/v2\/posts\/2087"}],"collection":[{"href":"https:\/\/www.lktwg.com\/en\/wp-json\/wp\/v2\/posts"}],"about":[{"href":"https:\/\/www.lktwg.com\/en\/wp-json\/wp\/v2\/types\/post"}],"author":[{"embeddable":true,"href":"https:\/\/www.lktwg.com\/en\/wp-json\/wp\/v2\/users\/4"}],"replies":[{"embeddable":true,"href":"https:\/\/www.lktwg.com\/en\/wp-json\/wp\/v2\/comments?post=2087"}],"version-history":[{"count":1,"href":"https:\/\/www.lktwg.com\/en\/wp-json\/wp\/v2\/posts\/2087\/revisions"}],"predecessor-version":[{"id":2088,"href":"https:\/\/www.lktwg.com\/en\/wp-json\/wp\/v2\/posts\/2087\/revisions\/2088"}],"wp:featuredmedia":[{"embeddable":true,"href":"https:\/\/www.lktwg.com\/en\/wp-json\/wp\/v2\/media\/2083"}],"wp:attachment":[{"href":"https:\/\/www.lktwg.com\/en\/wp-json\/wp\/v2\/media?parent=2087"}],"wp:term":[{"taxonomy":"category","embeddable":true,"href":"https:\/\/www.lktwg.com\/en\/wp-json\/wp\/v2\/categories?post=2087"},{"taxonomy":"post_tag","embeddable":true,"href":"https:\/\/www.lktwg.com\/en\/wp-json\/wp\/v2\/tags?post=2087"}],"curies":[{"name":"wp","href":"https:\/\/api.w.org\/{rel}","templated":true}]}}