{"id":2019,"date":"2018-03-28T21:48:14","date_gmt":"2018-03-28T19:48:14","guid":{"rendered":"http:\/\/www.lktwg.com\/?p=2019"},"modified":"2018-04-14T22:12:34","modified_gmt":"2018-04-14T20:12:34","slug":"mini-max-wystartowal","status":"publish","type":"post","link":"https:\/\/www.lktwg.com\/en\/mini-max-wystartowal\/","title":{"rendered":"Mini Max wystartowa\u0142"},"content":{"rendered":"<p class=\"qtranxs-available-languages-message qtranxs-available-languages-message-en\">Sorry, this entry is only available in <a href=\"https:\/\/www.lktwg.com\/pl\/wp-json\/wp\/v2\/posts\/2019\" class=\"qtranxs-available-language-link qtranxs-available-language-link-pl\" title=\"Polski\">Polish<\/a>. For the sake of viewer convenience, the content is shown below in the alternative language. You may click the link to switch the active language.<\/p><style type=\"text\/css\"><\/style><p>I runda Rajdowych Samochodowych Mistrzostw Torunia MINI MAX za nami. Tradycyjnie <a class=\"profileLink\" href=\"https:\/\/www.facebook.com\/Automobilklub-Toru\u0144ski-240667606025776\/?fref=mentions\" data-hovercard=\"\/ajax\/hovercard\/page.php?id=240667606025776&amp;extragetparams=%7B%22fref%22%3A%22mentions%22%7D\" data-hovercard-prefer-more-content-show=\"1\">Automobilklub Toru\u0144ski<\/a> przygotowa\u0142 wymagaj\u0105c\u0105 tras\u0119 prowadz\u0105c\u0105 po betonowych uliczkach s\u0142ynnego Poligonu przy ul. Andersa. Dlaczego by\u0142a wymagaj\u0105c\u0105? Ot\u00f3\u017c spo\u015br\u00f3d 43 za\u0142\u00f3g a\u017c 6 nie uko\u0144czy\u0142o zmaga\u0144, pomimo sprzyjaj\u0105cej wiosennej aury w tym nasz zawodnik <a class=\"profileLink\" href=\"https:\/\/www.facebook.com\/dawid.jedrzejewski.18?fref=mentions\" data-hovercard=\"\/ajax\/hovercard\/user.php?id=100000731110404&amp;extragetparams=%7B%22fref%22%3A%22mentions%22%7D\" data-hovercard-prefer-more-content-show=\"1\">Dawid J\u0119drzejewski<\/a>, Peugeot 106 prowadzony przez Dawida wpad\u0142 z trasy i niegro\u017anie uderzy\u0142 w drzewo. Na szcz\u0119\u015bcie ucierpia\u0142a tylko karoseria auta,<span class=\"text_exposed_show\"> ale incydent przekre\u015bli\u0142 szanse naszego kierowcy na dalsz\u0105 walk\u0119. Dobre 5 miejsce w klasie 1 wywalczy\u0142 Krzysztof Wizner, kt\u00f3rego Honda Civic dzielnie radzi\u0142a sobie na trasie. Rewelacyjnie pojechali <a class=\"profileLink\" href=\"https:\/\/www.facebook.com\/profile.php?id=100004238646320&amp;fref=mentions\" data-hovercard=\"\/ajax\/hovercard\/user.php?id=100004238646320&amp;extragetparams=%7B%22fref%22%3A%22mentions%22%7D\" data-hovercard-prefer-more-content-show=\"1\">Kamil Zaroda<\/a> z pilotem Agnieszk\u0105 Paszkiewicz w klasie 2. Duet zgarn\u0105\u0142 puchar za 2 lokat\u0119, ale do 1 miejsca zabrak\u0142o niewiele, bo\u2026tylko 0,42 sekundy! W klasie 4 walczy\u0142 Tomasz Rzepecki i nie uko\u0144czy\u0142 zmaga\u0144 z powodu problem\u00f3w technicznych z autem. Z pewno\u015bci\u0105 powalczy o kolejne punkty ju\u017c 8 kwietnia na II rundzie RSMT Mini Max.<\/span><\/p>\n<div class=\"text_exposed_show\">\n<p>Fot. Krzysztof Wizner<\/p>\n<p><a class=\"profileLink\" href=\"https:\/\/www.facebook.com\/rallyholic\/?fref=mentions\" data-hovercard=\"\/ajax\/hovercard\/page.php?id=400277803733003&amp;extragetparams=%7B%22fref%22%3A%22mentions%22%7D\" data-hovercard-prefer-more-content-show=\"1\">Rallyholic &#8211; Dawid J\u0119drzejewski<\/a> <a class=\"profileLink\" href=\"https:\/\/www.facebook.com\/ColtRallyTeam\/?fref=mentions\" data-hovercard=\"\/ajax\/hovercard\/page.php?id=562171643985499&amp;extragetparams=%7B%22fref%22%3A%22mentions%22%7D\" data-hovercard-prefer-more-content-show=\"1\">Colt Rally Team<\/a><\/p>\n<\/div>\n<p><\/p>","protected":false},"excerpt":{"rendered":"<p>Sorry, this entry is only available in Polish. For the sake of viewer convenience, the content is shown below in the alternative language. You may click the link to switch the active language.I runda Rajdowych Samochodowych Mistrzostw Torunia MINI MAX za nami. Tradycyjnie Automobilklub Toru\u0144ski przygotowa\u0142 wymagaj\u0105c\u0105 tras\u0119 prowadz\u0105c\u0105 po betonowych uliczkach s\u0142ynnego Poligonu przy&#8230;<\/p>\n","protected":false},"author":4,"featured_media":2023,"comment_status":"closed","ping_status":"open","sticky":false,"template":"","format":"gallery","meta":[],"categories":[1],"tags":[],"yoast_head":"<!-- This site is optimized with the Yoast SEO plugin v15.2.1 - https:\/\/yoast.com\/wordpress\/plugins\/seo\/ -->\n<title>Mini Max wystartowa\u0142 - LKT Wycz\u00f3\u0142 Go\u015bcieradz Polska<\/title>\n<meta name=\"robots\" content=\"index, follow, max-snippet:-1, max-image-preview:large, max-video-preview:-1\" \/>\n<link rel=\"canonical\" href=\"https:\/\/www.lktwg.com\/en\/mini-max-wystartowal\/\" \/>\n<meta property=\"og:locale\" content=\"en_US\" \/>\n<meta property=\"og:type\" content=\"article\" \/>\n<meta property=\"og:title\" content=\"Mini Max wystartowa\u0142 - LKT Wycz\u00f3\u0142 Go\u015bcieradz Polska\" \/>\n<meta property=\"og:description\" content=\"Sorry, this entry is only available in Polish. For the sake of viewer convenience, the content is shown below in the alternative language. You may click the link to switch the active language.I runda Rajdowych Samochodowych Mistrzostw Torunia MINI MAX za nami. Tradycyjnie Automobilklub Toru\u0144ski przygotowa\u0142 wymagaj\u0105c\u0105 tras\u0119 prowadz\u0105c\u0105 po betonowych uliczkach s\u0142ynnego Poligonu przy...\" \/>\n<meta property=\"og:url\" content=\"https:\/\/www.lktwg.com\/en\/mini-max-wystartowal\/\" \/>\n<meta property=\"og:site_name\" content=\"LKT Wycz\u00f3\u0142 Go\u015bcieradz Polska\" \/>\n<meta property=\"article:publisher\" content=\"https:\/\/www.facebook.com\/lktwyczol\/\" \/>\n<meta property=\"article:published_time\" content=\"2018-03-28T19:48:14+00:00\" \/>\n<meta property=\"article:modified_time\" content=\"2018-04-14T20:12:34+00:00\" \/>\n<meta property=\"og:image\" content=\"https:\/\/www.lktwg.com\/wp-content\/uploads\/2018\/04\/DSC08489.jpg\" \/>\n\t<meta property=\"og:image:width\" content=\"5456\" \/>\n\t<meta property=\"og:image:height\" content=\"3064\" \/>\n<meta name=\"twitter:card\" content=\"summary\" \/>\n<meta name=\"twitter:label1\" content=\"Written by\">\n\t<meta name=\"twitter:data1\" content=\"Szymon Krupa\">\n\t<meta name=\"twitter:label2\" content=\"Est. reading time\">\n\t<meta name=\"twitter:data2\" content=\"1 minute\">\n<script type=\"application\/ld+json\" class=\"yoast-schema-graph\">{\"@context\":\"https:\/\/schema.org\",\"@graph\":[{\"@type\":\"WebSite\",\"@id\":\"https:\/\/www.lktwg.com\/en\/#website\",\"url\":\"https:\/\/www.lktwg.com\/en\/\",\"name\":\"LKT Wycz\\u00f3\\u0142 Go\\u015bcieradz Polska\",\"description\":\"Ludowy Klub Turystyczny\",\"potentialAction\":[{\"@type\":\"SearchAction\",\"target\":\"https:\/\/www.lktwg.com\/en\/?s={search_term_string}\",\"query-input\":\"required name=search_term_string\"}],\"inLanguage\":\"en-US\"},{\"@type\":\"ImageObject\",\"@id\":\"https:\/\/www.lktwg.com\/en\/mini-max-wystartowal\/#primaryimage\",\"inLanguage\":\"en-US\",\"url\":\"https:\/\/www.lktwg.com\/wp-content\/uploads\/2018\/04\/DSC08489.jpg\",\"width\":5456,\"height\":3064},{\"@type\":\"WebPage\",\"@id\":\"https:\/\/www.lktwg.com\/en\/mini-max-wystartowal\/#webpage\",\"url\":\"https:\/\/www.lktwg.com\/en\/mini-max-wystartowal\/\",\"name\":\"Mini Max wystartowa\\u0142 - LKT Wycz\\u00f3\\u0142 Go\\u015bcieradz Polska\",\"isPartOf\":{\"@id\":\"https:\/\/www.lktwg.com\/en\/#website\"},\"primaryImageOfPage\":{\"@id\":\"https:\/\/www.lktwg.com\/en\/mini-max-wystartowal\/#primaryimage\"},\"datePublished\":\"2018-03-28T19:48:14+00:00\",\"dateModified\":\"2018-04-14T20:12:34+00:00\",\"author\":{\"@id\":\"https:\/\/www.lktwg.com\/en\/#\/schema\/person\/6bdf16306d63f6890497ce5c248c00ab\"},\"inLanguage\":\"en-US\",\"potentialAction\":[{\"@type\":\"ReadAction\",\"target\":[\"https:\/\/www.lktwg.com\/en\/mini-max-wystartowal\/\"]}]},{\"@type\":\"Person\",\"@id\":\"https:\/\/www.lktwg.com\/en\/#\/schema\/person\/6bdf16306d63f6890497ce5c248c00ab\",\"name\":\"Szymon Krupa\",\"image\":{\"@type\":\"ImageObject\",\"@id\":\"https:\/\/www.lktwg.com\/en\/#personlogo\",\"inLanguage\":\"en-US\",\"url\":\"https:\/\/secure.gravatar.com\/avatar\/c0e2b7c0f015fe0d6c14ac0951d89111?s=96&d=mm&r=g\",\"caption\":\"Szymon Krupa\"}}]}<\/script>\n<!-- \/ Yoast SEO plugin. -->","_links":{"self":[{"href":"https:\/\/www.lktwg.com\/en\/wp-json\/wp\/v2\/posts\/2019"}],"collection":[{"href":"https:\/\/www.lktwg.com\/en\/wp-json\/wp\/v2\/posts"}],"about":[{"href":"https:\/\/www.lktwg.com\/en\/wp-json\/wp\/v2\/types\/post"}],"author":[{"embeddable":true,"href":"https:\/\/www.lktwg.com\/en\/wp-json\/wp\/v2\/users\/4"}],"replies":[{"embeddable":true,"href":"https:\/\/www.lktwg.com\/en\/wp-json\/wp\/v2\/comments?post=2019"}],"version-history":[{"count":1,"href":"https:\/\/www.lktwg.com\/en\/wp-json\/wp\/v2\/posts\/2019\/revisions"}],"predecessor-version":[{"id":2058,"href":"https:\/\/www.lktwg.com\/en\/wp-json\/wp\/v2\/posts\/2019\/revisions\/2058"}],"wp:featuredmedia":[{"embeddable":true,"href":"https:\/\/www.lktwg.com\/en\/wp-json\/wp\/v2\/media\/2023"}],"wp:attachment":[{"href":"https:\/\/www.lktwg.com\/en\/wp-json\/wp\/v2\/media?parent=2019"}],"wp:term":[{"taxonomy":"category","embeddable":true,"href":"https:\/\/www.lktwg.com\/en\/wp-json\/wp\/v2\/categories?post=2019"},{"taxonomy":"post_tag","embeddable":true,"href":"https:\/\/www.lktwg.com\/en\/wp-json\/wp\/v2\/tags?post=2019"}],"curies":[{"name":"wp","href":"https:\/\/api.w.org\/{rel}","templated":true}]}}