{"id":2017,"date":"2018-04-14T01:36:12","date_gmt":"2018-04-13T23:36:12","guid":{"rendered":"http:\/\/www.lktwg.com\/?p=2017"},"modified":"2018-04-14T01:36:12","modified_gmt":"2018-04-13T23:36:12","slug":"i-runda-mistrzostw-i-pucharu-polski-cross-country","status":"publish","type":"post","link":"https:\/\/www.lktwg.com\/en\/i-runda-mistrzostw-i-pucharu-polski-cross-country\/","title":{"rendered":"I runda Mistrzostw i Pucharu Polski Cross Country"},"content":{"rendered":"<p class=\"qtranxs-available-languages-message qtranxs-available-languages-message-en\">Sorry, this entry is only available in <a href=\"https:\/\/www.lktwg.com\/pl\/wp-json\/wp\/v2\/posts\/2017\" class=\"qtranxs-available-language-link qtranxs-available-language-link-pl\" title=\"Polski\">Polish<\/a>. For the sake of viewer convenience, the content is shown below in the alternative language. You may click the link to switch the active language.<\/p><style type=\"text\/css\"><\/style><p><\/p>\n<div id=\"js_a\" class=\"_5pbx userContent _3576\" data-ft=\"{&quot;tn&quot;:&quot;K&quot;}\">\n<p>W miniony weekend Klub Motorowy Wis\u0142a <a class=\"profileLink\" href=\"https:\/\/www.facebook.com\/pages\/Che%C5%82mno\/112515158761276?fref=mentions\" data-hovercard=\"\/ajax\/hovercard\/page.php?id=112515158761276&amp;extragetparams=%7B%22fref%22%3A%22mentions%22%7D\" data-hovercard-prefer-more-content-show=\"1\">Che\u0142mno<\/a> zainaugurowa\u0142 sezon Mistrzostw i Pucharu Polski Cross Country. Na zawodnik\u00f3w czeka\u0142a \u015bwietnie przygotowana i wymagaj\u0105ca trasa o d\u0142ugo\u015bci 8 kilometr\u00f3w z licznymi podjazdami, w\u0105wozami, \u015bcie\u017ckami w lesie a tak\u017ce hopkami toru motocrossowego. Na starcie zameldowa\u0142o si\u0119 184 zawodnik\u00f3w g\u0142odnych \u015bcigania po d\u0142ugiej zimie. W\u015br\u00f3d motocyklist\u00f3w i quadowc\u00f3w nasz klub reprezentowa\u0142o 6 uczestnik\u00f3w, kt\u00f3rych zapytali\u015bmy o wra\u017cenia z minionych zawod\u00f3w.<\/p>\n<p>Rafa\u0142 Buza\u0142a 12 miejsce w klasie Senior 2 PP<\/p>\n<p>-Ostatnie zawody dla mnie to super zabawa, wysoka frekwencja, tor dobrze przygotowany i \u015bwietna pogoda. Pozosta\u0142o tylko odkr\u0119ca\u0107 manetk\u0119 gazu. Miejsce w \u015brodku stawki jak na pocz\u0105tek sezonu i moje mo\u017cliwo\u015bci ca\u0142kiem przyzwoicie ale przede wszystkim chodzi o zabaw\u0119 i troch\u0119 adrenaliny po zimie. Troch\u0119 przeszkadza\u0142 kurz, ale taki jest urok cross country. Brawa dla KM Wis\u0142a, bo tor przygotowany bardzo \u015bwietnie, wszystko wyr\u00f3wnane i d\u0142uga p\u0119tla. Szkoda ze by\u0142y wy\u0142\u0105czone najwi\u0119ksze podjazdy, poniewa\u017c pokonywanie ich zawsze dawa\u0142o mi spor\u0105 frajd\u0119.<\/p>\n<p>Pawe\u0142 Budziak 23 miejsce w klasie Senior 2 PP<\/p>\n<p>-Miniony weekend b\u0119dzie mi si\u0119 zawsze kojarzy\u0142 ze \u015bwietn\u0105 tras\u0105, kt\u00f3ra przypad\u0142a mi do gustu. Jednie mog\u0119 narzeka\u0107 to fakt, \u017ce dopiero pod koniec wy\u015bcigu z\u0142apa\u0142em swoje tempo i rytm jazdy, co prze\u0142o\u017cy\u0142o si\u0119 na uzyskanie najszybszego ostatniego okr\u0105\u017cenia. Zadowolony jestem z kondycji, bo my\u015bla\u0142em, \u017ce b\u0119dzie gorzej, ale treningi na si\u0142owni w zimie wysz\u0142y mi na dobre. Niestety m\u00f3j udzia\u0142 w zawodach ograniczy\u0142 si\u0119 do sobotniego wy\u015bcigu ze wzgl\u0119d\u00f3w zawodowych. Do zobaczenia na kolejnych zawodach.<\/p>\n<p>Janusz Micha\u0142ek 9 miejsce w klasie Senior 2 PP<\/p>\n<p>-Super zawody, \u015bwietna trasa. W Che\u0142mnie zawsze lubi\u0142em rywalizowa\u0107 i tym razem si\u0119 nie zawiod\u0142em trzeba. Z zawod\u00f3w jestem bardzo zadowolony. Pozostaje mi tylko troch\u0119 poprawi\u0107 form\u0119 przed kolejnymi rundami.<\/p>\n<p>Piotr Santus 12 miejsce w klasie Master PP<\/p>\n<p>-Start w Che\u0142mnie potraktowa\u0142em treningowo i z braku czasu jedynie wystartowa\u0142em tylko w niedziel\u0119. Trasa przypad\u0142a mi do gustu, bo by\u0142a w du\u017cym stopniu powt\u00f3rzeniem p\u0119tli z zawod\u00f3w CC z pa\u017adziernika 2017r. Kondycja dopisa\u0142a i z przyjemno\u015bci\u0105 jeszcze wystartuj\u0119 w kolejnych zawodach cross country.<\/p>\n<p>Mariusz Trojanowski 10 miejsce w klasie Quad Open PP<\/p>\n<p>-Uwa\u017cam, \u017ce zawody by\u0142y bardzo udane dla mnie pomimo, \u017ce ju\u017c na pierwszych kilku kilometrach zbetonowa\u0142o mi r\u0119ce. P\u00f3\u017aniej by\u0142o ju\u017c zdecydowanie lepiej. Solidna praca w zimie i treningi kilka razy w tygodniu na si\u0142owni wysz\u0142y mi na plus. Pozostaje tylko si\u0119 bardziej ,,wje\u017adzi\u0107\u201d, bo w tym roku by\u0142 to dopiero m\u00f3j drugi start. Niestety ze wzgl\u0119d\u00f3w zawodowych mog\u0142em startowa\u0107 drugiego dnia i st\u0105d tak odleg\u0142a lokata.<\/p>\n<p>Maksym Szulc 9 miejsce w klasie Quad Open Mistrzostw Polski<\/p>\n<p>-Dla mnie nie by\u0142 to udany weekend. 9 miejsce w klasyfikacji zawod\u00f3w w Che\u0142mnie nale\u017cy upatrywa\u0107 po mojej stronie, bo by\u0142em niew\u0142a\u015bciwie przygotowany fizyczne na tak wymagaj\u0105cy tor. W niedziel\u0119 przez moment pod\u0105\u017ca\u0142em na pierwszej pozycji, ale wiedzia\u0142em \u017ce nie wytrzymam fizycznie. Wszystkie inne aspekty by\u0142y przygotowane w 100%, wi\u0119c mog\u0119 obieca\u0107 \u017ce na kolejnej rundzie w \u017baganiu ju\u017c b\u0119d\u0119 lepiej przygotowany. Mam nadzieje ze b\u0119d\u0119 ju\u017c wstanie walczy\u0107 o pierwsze miejsce na dystansie ca\u0142ego wy\u015bcigu.<\/p>\n<p>fot.Jacek D\u0119bi\u0144ski, Daniel Ostrowski<\/p>\n<p><a class=\"profileLink\" href=\"https:\/\/www.facebook.com\/profile.php?id=100009970691773&amp;fref=mentions\" data-hovercard=\"\/ajax\/hovercard\/user.php?id=100009970691773&amp;extragetparams=%7B%22fref%22%3A%22mentions%22%7D\" data-hovercard-prefer-more-content-show=\"1\">Wulf Enduro<\/a> <a class=\"profileLink\" href=\"https:\/\/www.facebook.com\/profile.php?id=100000970662882&amp;fref=mentions\" data-hovercard=\"\/ajax\/hovercard\/user.php?id=100000970662882&amp;extragetparams=%7B%22fref%22%3A%22mentions%22%7D\" data-hovercard-prefer-more-content-show=\"1\">Rafa\u0142 Bvzala<\/a> <a class=\"profileLink\" href=\"https:\/\/www.facebook.com\/MaxQuadTeam-865116066863770\/?fref=mentions\" data-hovercard=\"\/ajax\/hovercard\/page.php?id=865116066863770&amp;extragetparams=%7B%22fref%22%3A%22mentions%22%7D\" data-hovercard-prefer-more-content-show=\"1\">MaxQuadTeam<\/a> <a class=\"profileLink\" href=\"https:\/\/www.facebook.com\/Delikatesy-Troja\u0144skie-1625949177425418\/?fref=mentions\" data-hovercard=\"\/ajax\/hovercard\/page.php?id=1625949177425418&amp;extragetparams=%7B%22fref%22%3A%22mentions%22%7D\" data-hovercard-prefer-more-content-show=\"1\">Delikatesy Troja\u0144skie<\/a> <a class=\"profileLink\" href=\"https:\/\/www.facebook.com\/events\/148966432452114\/?acontext=%7B%22source%22%3A108%2C%22action_history%22%3A%22%5B%7B%5C%22surface%5C%22%3A%5C%22post_page%5C%22%2C%5C%22mechanism%5C%22%3A%5C%22surface%5C%22%2C%5C%22extra_data%5C%22%3A%5B%5D%7D%5D%22%2C%22has_source%22%3Atrue%7D&amp;source=108&amp;action_history=%5B%7B%22surface%22%3A%22post_page%22%2C%22mechanism%22%3A%22surface%22%2C%22extra_data%22%3A%5B%5D%7D%5D&amp;has_source=1&amp;fref=mentions\" data-hovercard=\"\/ajax\/hovercard\/event.php?id=148966432452114&amp;extragetparams=%7B%22source%22%3A108%2C%22action_history%22%3A%22%5B%7B%5C%22surface%5C%22%3A%5C%22post_page%5C%22%2C%5C%22mechanism%5C%22%3A%5C%22surface%5C%22%2C%5C%22extra_data%5C%22%3A%5B%5D%7D%5D%22%2C%22has_source%22%3Atrue%2C%22fref%22%3A%22mentions%22%7D\" data-hovercard-prefer-more-content-show=\"1\">I, II Runda MP i PP Cross Country 7-8.04.2018 Che\u0142mno<\/a><\/p>\n<\/div>\n<p><\/p>","protected":false},"excerpt":{"rendered":"<p>Sorry, this entry is only available in Polish. For the sake of viewer convenience, the content is shown below in the alternative language. You may click the link to switch the active language. W miniony weekend Klub Motorowy Wis\u0142a Che\u0142mno zainaugurowa\u0142 sezon Mistrzostw i Pucharu Polski Cross Country. Na zawodnik\u00f3w czeka\u0142a \u015bwietnie przygotowana i wymagaj\u0105ca&#8230;<\/p>\n","protected":false},"author":4,"featured_media":2015,"comment_status":"closed","ping_status":"open","sticky":false,"template":"","format":"gallery","meta":[],"categories":[1],"tags":[],"yoast_head":"<!-- This site is optimized with the Yoast SEO plugin v15.2.1 - https:\/\/yoast.com\/wordpress\/plugins\/seo\/ -->\n<title>I runda Mistrzostw i Pucharu Polski Cross Country - LKT Wycz\u00f3\u0142 Go\u015bcieradz Polska<\/title>\n<meta name=\"robots\" content=\"index, follow, max-snippet:-1, max-image-preview:large, max-video-preview:-1\" \/>\n<link rel=\"canonical\" href=\"https:\/\/www.lktwg.com\/en\/i-runda-mistrzostw-i-pucharu-polski-cross-country\/\" \/>\n<meta property=\"og:locale\" content=\"en_US\" \/>\n<meta property=\"og:type\" content=\"article\" \/>\n<meta property=\"og:title\" content=\"I runda Mistrzostw i Pucharu Polski Cross Country - LKT Wycz\u00f3\u0142 Go\u015bcieradz Polska\" \/>\n<meta property=\"og:description\" content=\"Sorry, this entry is only available in Polish. For the sake of viewer convenience, the content is shown below in the alternative language. You may click the link to switch the active language. W miniony weekend Klub Motorowy Wis\u0142a Che\u0142mno zainaugurowa\u0142 sezon Mistrzostw i Pucharu Polski Cross Country. Na zawodnik\u00f3w czeka\u0142a \u015bwietnie przygotowana i wymagaj\u0105ca...\" \/>\n<meta property=\"og:url\" content=\"https:\/\/www.lktwg.com\/en\/i-runda-mistrzostw-i-pucharu-polski-cross-country\/\" \/>\n<meta property=\"og:site_name\" content=\"LKT Wycz\u00f3\u0142 Go\u015bcieradz Polska\" \/>\n<meta property=\"article:publisher\" content=\"https:\/\/www.facebook.com\/lktwyczol\/\" \/>\n<meta property=\"article:published_time\" content=\"2018-04-13T23:36:12+00:00\" \/>\n<meta property=\"og:image\" content=\"https:\/\/www.lktwg.com\/wp-content\/uploads\/2018\/04\/30571665_1989469564428713_5005987591275675648_n.jpg\" \/>\n\t<meta property=\"og:image:width\" content=\"4096\" \/>\n\t<meta property=\"og:image:height\" content=\"2730\" \/>\n<meta name=\"twitter:card\" content=\"summary\" \/>\n<meta name=\"twitter:label1\" content=\"Written by\">\n\t<meta name=\"twitter:data1\" content=\"Szymon Krupa\">\n\t<meta name=\"twitter:label2\" content=\"Est. reading time\">\n\t<meta name=\"twitter:data2\" content=\"2 minutes\">\n<script type=\"application\/ld+json\" class=\"yoast-schema-graph\">{\"@context\":\"https:\/\/schema.org\",\"@graph\":[{\"@type\":\"WebSite\",\"@id\":\"https:\/\/www.lktwg.com\/en\/#website\",\"url\":\"https:\/\/www.lktwg.com\/en\/\",\"name\":\"LKT Wycz\\u00f3\\u0142 Go\\u015bcieradz Polska\",\"description\":\"Ludowy Klub Turystyczny\",\"potentialAction\":[{\"@type\":\"SearchAction\",\"target\":\"https:\/\/www.lktwg.com\/en\/?s={search_term_string}\",\"query-input\":\"required name=search_term_string\"}],\"inLanguage\":\"en-US\"},{\"@type\":\"ImageObject\",\"@id\":\"https:\/\/www.lktwg.com\/en\/i-runda-mistrzostw-i-pucharu-polski-cross-country\/#primaryimage\",\"inLanguage\":\"en-US\",\"url\":\"https:\/\/www.lktwg.com\/wp-content\/uploads\/2018\/04\/30571665_1989469564428713_5005987591275675648_n.jpg\",\"width\":4096,\"height\":2730},{\"@type\":\"WebPage\",\"@id\":\"https:\/\/www.lktwg.com\/en\/i-runda-mistrzostw-i-pucharu-polski-cross-country\/#webpage\",\"url\":\"https:\/\/www.lktwg.com\/en\/i-runda-mistrzostw-i-pucharu-polski-cross-country\/\",\"name\":\"I runda Mistrzostw i Pucharu Polski Cross Country - LKT Wycz\\u00f3\\u0142 Go\\u015bcieradz Polska\",\"isPartOf\":{\"@id\":\"https:\/\/www.lktwg.com\/en\/#website\"},\"primaryImageOfPage\":{\"@id\":\"https:\/\/www.lktwg.com\/en\/i-runda-mistrzostw-i-pucharu-polski-cross-country\/#primaryimage\"},\"datePublished\":\"2018-04-13T23:36:12+00:00\",\"dateModified\":\"2018-04-13T23:36:12+00:00\",\"author\":{\"@id\":\"https:\/\/www.lktwg.com\/en\/#\/schema\/person\/6bdf16306d63f6890497ce5c248c00ab\"},\"inLanguage\":\"en-US\",\"potentialAction\":[{\"@type\":\"ReadAction\",\"target\":[\"https:\/\/www.lktwg.com\/en\/i-runda-mistrzostw-i-pucharu-polski-cross-country\/\"]}]},{\"@type\":\"Person\",\"@id\":\"https:\/\/www.lktwg.com\/en\/#\/schema\/person\/6bdf16306d63f6890497ce5c248c00ab\",\"name\":\"Szymon Krupa\",\"image\":{\"@type\":\"ImageObject\",\"@id\":\"https:\/\/www.lktwg.com\/en\/#personlogo\",\"inLanguage\":\"en-US\",\"url\":\"https:\/\/secure.gravatar.com\/avatar\/c0e2b7c0f015fe0d6c14ac0951d89111?s=96&d=mm&r=g\",\"caption\":\"Szymon Krupa\"}}]}<\/script>\n<!-- \/ Yoast SEO plugin. -->","_links":{"self":[{"href":"https:\/\/www.lktwg.com\/en\/wp-json\/wp\/v2\/posts\/2017"}],"collection":[{"href":"https:\/\/www.lktwg.com\/en\/wp-json\/wp\/v2\/posts"}],"about":[{"href":"https:\/\/www.lktwg.com\/en\/wp-json\/wp\/v2\/types\/post"}],"author":[{"embeddable":true,"href":"https:\/\/www.lktwg.com\/en\/wp-json\/wp\/v2\/users\/4"}],"replies":[{"embeddable":true,"href":"https:\/\/www.lktwg.com\/en\/wp-json\/wp\/v2\/comments?post=2017"}],"version-history":[{"count":1,"href":"https:\/\/www.lktwg.com\/en\/wp-json\/wp\/v2\/posts\/2017\/revisions"}],"predecessor-version":[{"id":2018,"href":"https:\/\/www.lktwg.com\/en\/wp-json\/wp\/v2\/posts\/2017\/revisions\/2018"}],"wp:featuredmedia":[{"embeddable":true,"href":"https:\/\/www.lktwg.com\/en\/wp-json\/wp\/v2\/media\/2015"}],"wp:attachment":[{"href":"https:\/\/www.lktwg.com\/en\/wp-json\/wp\/v2\/media?parent=2017"}],"wp:term":[{"taxonomy":"category","embeddable":true,"href":"https:\/\/www.lktwg.com\/en\/wp-json\/wp\/v2\/categories?post=2017"},{"taxonomy":"post_tag","embeddable":true,"href":"https:\/\/www.lktwg.com\/en\/wp-json\/wp\/v2\/tags?post=2017"}],"curies":[{"name":"wp","href":"https:\/\/api.w.org\/{rel}","templated":true}]}}