{"id":2005,"date":"2018-03-30T18:13:49","date_gmt":"2018-03-30T16:13:49","guid":{"rendered":"http:\/\/www.lktwg.com\/?p=2005"},"modified":"2018-03-30T18:14:15","modified_gmt":"2018-03-30T16:14:15","slug":"wyczolowcy-na-44-rajdzie-monte-karlino","status":"publish","type":"post","link":"https:\/\/www.lktwg.com\/en\/wyczolowcy-na-44-rajdzie-monte-karlino\/","title":{"rendered":"Wycz\u00f3\u0142owcy na 44 Rajdzie Monte Karlino"},"content":{"rendered":"<p class=\"qtranxs-available-languages-message qtranxs-available-languages-message-en\">Sorry, this entry is only available in <a href=\"https:\/\/www.lktwg.com\/pl\/wp-json\/wp\/v2\/posts\/2005\" class=\"qtranxs-available-language-link qtranxs-available-language-link-pl\" title=\"Polski\">Polish<\/a>. For the sake of viewer convenience, the content is shown below in the alternative language. You may click the link to switch the active language.<\/p><style type=\"text\/css\"><\/style><p>Emocje opad\u0142y, wi\u0119c czas na podsumowanie. W dniach 17-18 marca <a class=\"profileLink\" href=\"https:\/\/www.facebook.com\/AutomobilklubKoszalinski\/?fref=mentions\" data-hovercard=\"\/ajax\/hovercard\/page.php?id=1479941728894260&amp;extragetparams=%7B%22fref%22%3A%22mentions%22%7D\" data-hovercard-prefer-more-content-show=\"1\">Automobilklub Koszali\u0144ski<\/a> zorganizowa\u0142 w Karlinie 44 edycj\u0119 rajdu Monte Karlino, kt\u00f3ry by\u0142 jednocze\u015bnie 1 rund\u0105 Rajdowych Mistrzostw Polski Zachodniej. Ponad 40km trasy, superoes w centrum Koszalina i nocny odcinek rozegrany na ulicach Bia\u0142ogardu, do tego rywalizacja na terenie lotniska w Zegrzu Pomorskim. Takie atrakcje spowodowa\u0142y, \u017ce na starcie zameldowa\u0142y si\u0119 92 za\u0142ogi g\u0142<span class=\"text_exposed_show\">odne rywalizacji i adrenaliny po zimowej przerwie w \u015bciganiu. Na li\u015bcie startowej nie zabrak\u0142o reprezentant\u00f3w LKT Wycz\u00f3\u0142 Go\u015bcieradz. W klasie 4 wystartowa\u0142 duet <a class=\"profileLink\" href=\"https:\/\/www.facebook.com\/patryk.scieszynski?fref=mentions\" data-hovercard=\"\/ajax\/hovercard\/user.php?id=100001736733101&amp;extragetparams=%7B%22fref%22%3A%22mentions%22%7D\" data-hovercard-prefer-more-content-show=\"1\">Patryk Scieszynski<\/a> wraz z pilotem Adamem Dornowski w Oplu Astra GSI oraz team <a class=\"profileLink\" href=\"https:\/\/www.facebook.com\/profile.php?id=100000889943369&amp;fref=mentions\" data-hovercard=\"\/ajax\/hovercard\/user.php?id=100000889943369&amp;extragetparams=%7B%22fref%22%3A%22mentions%22%7D\" data-hovercard-prefer-more-content-show=\"1\">Micha\u0142 G\u0142ogowski<\/a> i <a class=\"profileLink\" href=\"https:\/\/www.facebook.com\/adam.zgorski?fref=mentions\" data-hovercard=\"\/ajax\/hovercard\/user.php?id=100001247299116&amp;extragetparams=%7B%22fref%22%3A%22mentions%22%7D\" data-hovercard-prefer-more-content-show=\"1\">Adam Zg\u00f3rski<\/a> w pieczo\u0142owicie przygotowanej Hondzie Civic. Z numerem startowym 56 w klasie 3 w srebrnym Mistubishi Colt w szranki stan\u0119li <a class=\"profileLink\" href=\"https:\/\/www.facebook.com\/profile.php?id=100004238646320&amp;fref=mentions\" data-hovercard=\"\/ajax\/hovercard\/user.php?id=100004238646320&amp;extragetparams=%7B%22fref%22%3A%22mentions%22%7D\" data-hovercard-prefer-more-content-show=\"1\">Kamil Zaroda<\/a> z pilotem Marcinem Chromi\u0144skim. W tej samej klasie zobaczyli\u015bmy \u0141ukasza Kasprzyka wraz z \u0141ukaszem Nowickim w Proton Satria. W najsilniejszej klasie Go\u015b\u0107 walczyli <a class=\"profileLink\" href=\"https:\/\/www.facebook.com\/wojciech.gotowski?fref=mentions\" data-hovercard=\"\/ajax\/hovercard\/user.php?id=100001045789033&amp;extragetparams=%7B%22fref%22%3A%22mentions%22%7D\" data-hovercard-prefer-more-content-show=\"1\">Wojciech Gotowski<\/a> i Radu\u015b Ogonowski w czerwonym i szybkim MITSUBISHI EVO 8.<br \/>\n-Sobotnie prologi przejechali\u015bmy spokojnie, bo najwa\u017cniejsze mia\u0142o zacz\u0105\u0107 si\u0119 w niedziel\u0119 na lotnisku w Zegrzu Pomorskim- relacjonuje Patryk \u015acieszy\u0144ski. Jednak ju\u017c w Sobot\u0119 wieczorem okaza\u0142o si\u0119, \u017ce Asterix nadal ma jak\u0105\u015b czkawk\u0119 i nie chce jecha\u0107 na 100% <span class=\"_47e3 _5mfr\" title=\"Emotikon frown\"><img loading=\"lazy\" class=\"img\" role=\"presentation\" src=\"https:\/\/static.xx.fbcdn.net\/images\/emoji.php\/v9\/fcb\/1\/16\/1f641.png\" alt=\"\" width=\"16\" height=\"16\" \/><span class=\"_7oe\" aria-hidden=\"true\">\ud83d\ude41<\/span><\/span> Niedzielne 2 p\u0119tle przejechali\u015bmy autem, kt\u00f3re mia\u0142o jak\u0105\u015b dziwn\u0105 awari\u0119. Jednak na serwisie uda\u0142o si\u0119 zdiagnozowa\u0107 winnego. Instalacja od przep\u0142ywomierza powiedzia\u0142a, \u017ce ma dosy\u0107 i kabelki nie styka\u0142y. Jako\u015b uda\u0142o si\u0119 ogarn\u0105\u0107 i reszt\u0119 dnia dojecha\u0107 spokojnie do ko\u0144ca. Jednak straty by\u0142y na tyle du\u017ce, \u017ce nie by\u0142o ju\u017c szans na ich odrobienie. Wi\u0119c wynik nie powala. Ale uda\u0142o si\u0119 dojecha\u0107 do ko\u0144ca.<br \/>\nFinalnie ekipa \u015acieszy\u0144ski &amp; Dornowski zameldowa\u0142a si\u0119 na 9 pozycji w klasie 4. Taki sam wynik w klasie Go\u015b\u0107 odnotowa\u0142a za\u0142oga Wojtek Gotowski wraz Radu\u015b Ogonowski. Kamil Zaroda i Marcin Chromi\u0144ski wywalczyli 5 miejsce w klasie 3 oraz 31 lokat\u0119 w generalce. 7 miejsce w tej samej klasie oraz 37 w klasyfikacji generalnej- z takim rezultatem do domu wr\u00f3ci\u0142 team \u0141ukasz Kasprzyk i \u0141ukasz Nowicki. Dwie czw\u00f3rki, czyli 4 miejsce w klasie 4 zdoby\u0142a za\u0142oga Micha\u0142 G\u0142ogowski i Zg\u00f3rski Adam.<\/span><\/p>\n<p><span class=\"text_exposed_show\"><br \/>\nO tym co dzia\u0142o si\u0119 w centrum Koszalina podczas 44 Monte Karolino mo\u017cecie obejrze\u0107 tutaj: <a href=\"https:\/\/l.facebook.com\/l.php?u=https%3A%2F%2Fwww.youtube.com%2Fwatch%3Fv%3DXrWmq5a2yYM&amp;h=ATPaGacS1bVJ48HT5LLMkUCzzaZGKHwpxHDQvkNuiIqZPL7U3O4aTLib4K3mX6FGhOiE8zgrsNm2rW0AC5n2ZJ05sXzatnwVMfLeYtGpzR5OR7gfPuEsoT_9NoAVn0osdEbRoNjt\" target=\"_blank\" rel=\"nofollow noopener\" data-ft=\"{&quot;tn&quot;:&quot;-U&quot;}\" data-lynx-mode=\"asynclazy\">https:\/\/www.youtube.com\/watch?v=XrWmq5a2yYM<\/a> . Zmagania z tras\u0105 rajdu w wykonaniu za\u0142ogi Zaroda\/Chromi\u0144ski: <a href=\"https:\/\/l.facebook.com\/l.php?u=https%3A%2F%2Fwww.youtube.com%2Fwatch%3Fv%3DtO2mvytHcME&amp;h=ATM4A4XzQ1h_I4LZvk7_vAgLKrTvbYO6jQsRxZmpbXCsdDutumGLyHUOrIfRmLkeDthjBezNq_x0YPhAW5hdYcyy-q7Ysi517KcierB-5KkZpqsRn2SIUpvkoDrTCRjWFqP9Bciq\" target=\"_blank\" rel=\"nofollow noopener\" data-ft=\"{&quot;tn&quot;:&quot;-U&quot;}\" data-lynx-mode=\"asynclazy\">https:\/\/www.youtube.com\/watch?v=tO2mvytHcME<\/a> <\/span><\/p>","protected":false},"excerpt":{"rendered":"<p>Sorry, this entry is only available in Polish. For the sake of viewer convenience, the content is shown below in the alternative language. You may click the link to switch the active language.Emocje opad\u0142y, wi\u0119c czas na podsumowanie. W dniach 17-18 marca Automobilklub Koszali\u0144ski zorganizowa\u0142 w Karlinie 44 edycj\u0119 rajdu Monte Karlino, kt\u00f3ry by\u0142 jednocze\u015bnie&#8230;<\/p>\n","protected":false},"author":4,"featured_media":2006,"comment_status":"closed","ping_status":"open","sticky":false,"template":"","format":"image","meta":[],"categories":[1],"tags":[],"yoast_head":"<!-- This site is optimized with the Yoast SEO plugin v15.2.1 - https:\/\/yoast.com\/wordpress\/plugins\/seo\/ -->\n<title>Wycz\u00f3\u0142owcy na 44 Rajdzie Monte Karlino - LKT Wycz\u00f3\u0142 Go\u015bcieradz Polska<\/title>\n<meta name=\"robots\" content=\"index, follow, max-snippet:-1, max-image-preview:large, max-video-preview:-1\" \/>\n<link rel=\"canonical\" href=\"https:\/\/www.lktwg.com\/wyczolowcy-na-44-rajdzie-monte-karlino\/\" \/>\n<meta property=\"og:locale\" content=\"en_US\" \/>\n<meta property=\"og:type\" content=\"article\" \/>\n<meta property=\"og:title\" content=\"Wycz\u00f3\u0142owcy na 44 Rajdzie Monte Karlino - LKT Wycz\u00f3\u0142 Go\u015bcieradz Polska\" \/>\n<meta property=\"og:description\" content=\"Sorry, this entry is only available in Polish. For the sake of viewer convenience, the content is shown below in the alternative language. You may click the link to switch the active language.Emocje opad\u0142y, wi\u0119c czas na podsumowanie. W dniach 17-18 marca Automobilklub Koszali\u0144ski zorganizowa\u0142 w Karlinie 44 edycj\u0119 rajdu Monte Karlino, kt\u00f3ry by\u0142 jednocze\u015bnie...\" \/>\n<meta property=\"og:url\" content=\"https:\/\/www.lktwg.com\/wyczolowcy-na-44-rajdzie-monte-karlino\/\" \/>\n<meta property=\"og:site_name\" content=\"LKT Wycz\u00f3\u0142 Go\u015bcieradz Polska\" \/>\n<meta property=\"article:publisher\" content=\"https:\/\/www.facebook.com\/lktwyczol\/\" \/>\n<meta property=\"article:published_time\" content=\"2018-03-30T16:13:49+00:00\" \/>\n<meta property=\"article:modified_time\" content=\"2018-03-30T16:14:15+00:00\" \/>\n<meta property=\"og:image\" content=\"https:\/\/www.lktwg.com\/wp-content\/uploads\/2018\/03\/25498357_1702008019850708_2189826882311010321_n.jpg\" \/>\n\t<meta property=\"og:image:width\" content=\"929\" \/>\n\t<meta property=\"og:image:height\" content=\"352\" \/>\n<meta name=\"twitter:card\" content=\"summary\" \/>\n<meta name=\"twitter:label1\" content=\"Written by\">\n\t<meta name=\"twitter:data1\" content=\"Szymon Krupa\">\n\t<meta name=\"twitter:label2\" content=\"Est. reading time\">\n\t<meta name=\"twitter:data2\" content=\"2 minutes\">\n<script type=\"application\/ld+json\" class=\"yoast-schema-graph\">{\"@context\":\"https:\/\/schema.org\",\"@graph\":[{\"@type\":\"WebSite\",\"@id\":\"https:\/\/www.lktwg.com\/en\/#website\",\"url\":\"https:\/\/www.lktwg.com\/en\/\",\"name\":\"LKT Wycz\\u00f3\\u0142 Go\\u015bcieradz Polska\",\"description\":\"Ludowy Klub Turystyczny\",\"potentialAction\":[{\"@type\":\"SearchAction\",\"target\":\"https:\/\/www.lktwg.com\/en\/?s={search_term_string}\",\"query-input\":\"required name=search_term_string\"}],\"inLanguage\":\"en-US\"},{\"@type\":\"ImageObject\",\"@id\":\"https:\/\/www.lktwg.com\/wyczolowcy-na-44-rajdzie-monte-karlino\/#primaryimage\",\"inLanguage\":\"en-US\",\"url\":\"https:\/\/www.lktwg.com\/wp-content\/uploads\/2018\/03\/25498357_1702008019850708_2189826882311010321_n.jpg\",\"width\":929,\"height\":352},{\"@type\":\"WebPage\",\"@id\":\"https:\/\/www.lktwg.com\/wyczolowcy-na-44-rajdzie-monte-karlino\/#webpage\",\"url\":\"https:\/\/www.lktwg.com\/wyczolowcy-na-44-rajdzie-monte-karlino\/\",\"name\":\"Wycz\\u00f3\\u0142owcy na 44 Rajdzie Monte Karlino - LKT Wycz\\u00f3\\u0142 Go\\u015bcieradz Polska\",\"isPartOf\":{\"@id\":\"https:\/\/www.lktwg.com\/en\/#website\"},\"primaryImageOfPage\":{\"@id\":\"https:\/\/www.lktwg.com\/wyczolowcy-na-44-rajdzie-monte-karlino\/#primaryimage\"},\"datePublished\":\"2018-03-30T16:13:49+00:00\",\"dateModified\":\"2018-03-30T16:14:15+00:00\",\"author\":{\"@id\":\"https:\/\/www.lktwg.com\/en\/#\/schema\/person\/6bdf16306d63f6890497ce5c248c00ab\"},\"inLanguage\":\"en-US\",\"potentialAction\":[{\"@type\":\"ReadAction\",\"target\":[\"https:\/\/www.lktwg.com\/wyczolowcy-na-44-rajdzie-monte-karlino\/\"]}]},{\"@type\":\"Person\",\"@id\":\"https:\/\/www.lktwg.com\/en\/#\/schema\/person\/6bdf16306d63f6890497ce5c248c00ab\",\"name\":\"Szymon Krupa\",\"image\":{\"@type\":\"ImageObject\",\"@id\":\"https:\/\/www.lktwg.com\/en\/#personlogo\",\"inLanguage\":\"en-US\",\"url\":\"https:\/\/secure.gravatar.com\/avatar\/c0e2b7c0f015fe0d6c14ac0951d89111?s=96&d=mm&r=g\",\"caption\":\"Szymon Krupa\"}}]}<\/script>\n<!-- \/ Yoast SEO plugin. -->","_links":{"self":[{"href":"https:\/\/www.lktwg.com\/en\/wp-json\/wp\/v2\/posts\/2005"}],"collection":[{"href":"https:\/\/www.lktwg.com\/en\/wp-json\/wp\/v2\/posts"}],"about":[{"href":"https:\/\/www.lktwg.com\/en\/wp-json\/wp\/v2\/types\/post"}],"author":[{"embeddable":true,"href":"https:\/\/www.lktwg.com\/en\/wp-json\/wp\/v2\/users\/4"}],"replies":[{"embeddable":true,"href":"https:\/\/www.lktwg.com\/en\/wp-json\/wp\/v2\/comments?post=2005"}],"version-history":[{"count":1,"href":"https:\/\/www.lktwg.com\/en\/wp-json\/wp\/v2\/posts\/2005\/revisions"}],"predecessor-version":[{"id":2007,"href":"https:\/\/www.lktwg.com\/en\/wp-json\/wp\/v2\/posts\/2005\/revisions\/2007"}],"wp:featuredmedia":[{"embeddable":true,"href":"https:\/\/www.lktwg.com\/en\/wp-json\/wp\/v2\/media\/2006"}],"wp:attachment":[{"href":"https:\/\/www.lktwg.com\/en\/wp-json\/wp\/v2\/media?parent=2005"}],"wp:term":[{"taxonomy":"category","embeddable":true,"href":"https:\/\/www.lktwg.com\/en\/wp-json\/wp\/v2\/categories?post=2005"},{"taxonomy":"post_tag","embeddable":true,"href":"https:\/\/www.lktwg.com\/en\/wp-json\/wp\/v2\/tags?post=2005"}],"curies":[{"name":"wp","href":"https:\/\/api.w.org\/{rel}","templated":true}]}}