{"id":1997,"date":"2018-03-21T17:23:14","date_gmt":"2018-03-21T16:23:14","guid":{"rendered":"http:\/\/www.lktwg.com\/?p=1997"},"modified":"2018-03-21T17:23:14","modified_gmt":"2018-03-21T16:23:14","slug":"rajd-z-ekologia-na-ty-2018","status":"publish","type":"post","link":"https:\/\/www.lktwg.com\/en\/rajd-z-ekologia-na-ty-2018\/","title":{"rendered":"Rajd z Ekologi\u0105 na Ty 2018"},"content":{"rendered":"<p class=\"qtranxs-available-languages-message qtranxs-available-languages-message-en\">Sorry, this entry is only available in <a href=\"https:\/\/www.lktwg.com\/pl\/wp-json\/wp\/v2\/posts\/1997\" class=\"qtranxs-available-language-link qtranxs-available-language-link-pl\" title=\"Polski\">Polish<\/a>. For the sake of viewer convenience, the content is shown below in the alternative language. You may click the link to switch the active language.<\/p><style type=\"text\/css\"><\/style><p>LKT WYCZ\u00d3\u0141 Go\u015bcieradz oraz IPA Sekcja Polska Kujawsko-Pomorska Grupa Wojew\u00f3dzka Bydgoszcz serdecznie zapraszaj\u0105 na ,,Rajd z Ekologi\u0105 na Ty 2018&#8243;. Trasa imprezy: Tryszczyn \u2013 Koronowo \u2013 Tuszyny k\/Koronowa. Na uczestnik\u00f3w czekaj\u0105 pr\u00f3by sprawno\u015bciowe, konkursy z wiedzy o BRD, turystyce oraz zwiedzanie ,,Muzeum \u015aci\u015ble Tajne&#8221; w Tryszczynie. Rajd stanowi I rund\u0119 Turystycznych Samochodowych Mistrzostw Okr\u0119gu Bydgoskiego PZM. Oczywi\u015bcie na najlepszych czekaj\u0105 nagrody i puchary. Startujemy w sobotni poranek 08.3o-09.oo 21 kwietnia 2018r. Zapraszamy.<\/p>\n<p>Szczeg\u00f3\u0142y:<a href=\"https:\/\/drive.google.com\/open?id=1k4O5E-11W8m93az4ayPeqvNnPpeqtbMv\" target=\"_blank\" rel=\"nofollow noopener\" data-ft=\"{&quot;tn&quot;:&quot;-U&quot;}\" data-lynx-mode=\"asynclazy\" data-lynx-uri=\"https:\/\/l.facebook.com\/l.php?u=https%3A%2F%2Fdrive.google.com%2Fopen%3Fid%3D1k4O5E-11W8m93az4ayPeqvNnPpeqtbMv&amp;h=ATOWo-d_Pzj9aotKDAzbxpImfRj14ES6jwiibPdP9fPPbeWFRaMHgOkiUH7icJf-kxdhLpm6yeZItE5GdLvPA2hy5z8vGT-Tv4tOb08O98Wj8cJxRhv8PG8YQ092LeIY2tBhpn4\">https:\/\/drive.google.com\/open\u2026<\/a><\/p>","protected":false},"excerpt":{"rendered":"<p>Sorry, this entry is only available in Polish. For the sake of viewer convenience, the content is shown below in the alternative language. You may click the link to switch the active language.LKT WYCZ\u00d3\u0141 Go\u015bcieradz oraz IPA Sekcja Polska Kujawsko-Pomorska Grupa Wojew\u00f3dzka Bydgoszcz serdecznie zapraszaj\u0105 na ,,Rajd z Ekologi\u0105 na Ty 2018&#8243;. Trasa imprezy: Tryszczyn&#8230;<\/p>\n","protected":false},"author":4,"featured_media":1996,"comment_status":"closed","ping_status":"open","sticky":false,"template":"","format":"image","meta":[],"categories":[1],"tags":[],"yoast_head":"<!-- This site is optimized with the Yoast SEO plugin v15.2.1 - https:\/\/yoast.com\/wordpress\/plugins\/seo\/ -->\n<title>Rajd z Ekologi\u0105 na Ty 2018 - LKT Wycz\u00f3\u0142 Go\u015bcieradz Polska<\/title>\n<meta name=\"robots\" content=\"index, follow, max-snippet:-1, max-image-preview:large, max-video-preview:-1\" \/>\n<link rel=\"canonical\" href=\"https:\/\/www.lktwg.com\/rajd-z-ekologia-na-ty-2018\/\" \/>\n<meta property=\"og:locale\" content=\"en_US\" \/>\n<meta property=\"og:type\" content=\"article\" \/>\n<meta property=\"og:title\" content=\"Rajd z Ekologi\u0105 na Ty 2018 - LKT Wycz\u00f3\u0142 Go\u015bcieradz Polska\" \/>\n<meta property=\"og:description\" content=\"Sorry, this entry is only available in Polish. For the sake of viewer convenience, the content is shown below in the alternative language. You may click the link to switch the active language.LKT WYCZ\u00d3\u0141 Go\u015bcieradz oraz IPA Sekcja Polska Kujawsko-Pomorska Grupa Wojew\u00f3dzka Bydgoszcz serdecznie zapraszaj\u0105 na ,,Rajd z Ekologi\u0105 na Ty 2018&#8243;. Trasa imprezy: Tryszczyn...\" \/>\n<meta property=\"og:url\" content=\"https:\/\/www.lktwg.com\/rajd-z-ekologia-na-ty-2018\/\" \/>\n<meta property=\"og:site_name\" content=\"LKT Wycz\u00f3\u0142 Go\u015bcieradz Polska\" \/>\n<meta property=\"article:publisher\" content=\"https:\/\/www.facebook.com\/lktwyczol\/\" \/>\n<meta property=\"article:published_time\" content=\"2018-03-21T16:23:14+00:00\" \/>\n<meta property=\"og:image\" content=\"https:\/\/www.lktwg.com\/wp-content\/uploads\/2018\/03\/zalew3-1024x683.jpg\" \/>\n\t<meta property=\"og:image:width\" content=\"1024\" \/>\n\t<meta property=\"og:image:height\" content=\"683\" \/>\n<meta name=\"twitter:card\" content=\"summary\" \/>\n<meta name=\"twitter:label1\" content=\"Written by\">\n\t<meta name=\"twitter:data1\" content=\"Szymon Krupa\">\n\t<meta name=\"twitter:label2\" content=\"Est. reading time\">\n\t<meta name=\"twitter:data2\" content=\"0 minutes\">\n<script type=\"application\/ld+json\" class=\"yoast-schema-graph\">{\"@context\":\"https:\/\/schema.org\",\"@graph\":[{\"@type\":\"WebSite\",\"@id\":\"https:\/\/www.lktwg.com\/en\/#website\",\"url\":\"https:\/\/www.lktwg.com\/en\/\",\"name\":\"LKT Wycz\\u00f3\\u0142 Go\\u015bcieradz Polska\",\"description\":\"Ludowy Klub Turystyczny\",\"potentialAction\":[{\"@type\":\"SearchAction\",\"target\":\"https:\/\/www.lktwg.com\/en\/?s={search_term_string}\",\"query-input\":\"required name=search_term_string\"}],\"inLanguage\":\"en-US\"},{\"@type\":\"ImageObject\",\"@id\":\"https:\/\/www.lktwg.com\/rajd-z-ekologia-na-ty-2018\/#primaryimage\",\"inLanguage\":\"en-US\",\"url\":\"https:\/\/www.lktwg.com\/wp-content\/uploads\/2018\/03\/zalew3.jpg\",\"width\":4500,\"height\":3000},{\"@type\":\"WebPage\",\"@id\":\"https:\/\/www.lktwg.com\/rajd-z-ekologia-na-ty-2018\/#webpage\",\"url\":\"https:\/\/www.lktwg.com\/rajd-z-ekologia-na-ty-2018\/\",\"name\":\"Rajd z Ekologi\\u0105 na Ty 2018 - LKT Wycz\\u00f3\\u0142 Go\\u015bcieradz Polska\",\"isPartOf\":{\"@id\":\"https:\/\/www.lktwg.com\/en\/#website\"},\"primaryImageOfPage\":{\"@id\":\"https:\/\/www.lktwg.com\/rajd-z-ekologia-na-ty-2018\/#primaryimage\"},\"datePublished\":\"2018-03-21T16:23:14+00:00\",\"dateModified\":\"2018-03-21T16:23:14+00:00\",\"author\":{\"@id\":\"https:\/\/www.lktwg.com\/en\/#\/schema\/person\/6bdf16306d63f6890497ce5c248c00ab\"},\"inLanguage\":\"en-US\",\"potentialAction\":[{\"@type\":\"ReadAction\",\"target\":[\"https:\/\/www.lktwg.com\/rajd-z-ekologia-na-ty-2018\/\"]}]},{\"@type\":\"Person\",\"@id\":\"https:\/\/www.lktwg.com\/en\/#\/schema\/person\/6bdf16306d63f6890497ce5c248c00ab\",\"name\":\"Szymon Krupa\",\"image\":{\"@type\":\"ImageObject\",\"@id\":\"https:\/\/www.lktwg.com\/en\/#personlogo\",\"inLanguage\":\"en-US\",\"url\":\"https:\/\/secure.gravatar.com\/avatar\/c0e2b7c0f015fe0d6c14ac0951d89111?s=96&d=mm&r=g\",\"caption\":\"Szymon Krupa\"}}]}<\/script>\n<!-- \/ Yoast SEO plugin. -->","_links":{"self":[{"href":"https:\/\/www.lktwg.com\/en\/wp-json\/wp\/v2\/posts\/1997"}],"collection":[{"href":"https:\/\/www.lktwg.com\/en\/wp-json\/wp\/v2\/posts"}],"about":[{"href":"https:\/\/www.lktwg.com\/en\/wp-json\/wp\/v2\/types\/post"}],"author":[{"embeddable":true,"href":"https:\/\/www.lktwg.com\/en\/wp-json\/wp\/v2\/users\/4"}],"replies":[{"embeddable":true,"href":"https:\/\/www.lktwg.com\/en\/wp-json\/wp\/v2\/comments?post=1997"}],"version-history":[{"count":1,"href":"https:\/\/www.lktwg.com\/en\/wp-json\/wp\/v2\/posts\/1997\/revisions"}],"predecessor-version":[{"id":1998,"href":"https:\/\/www.lktwg.com\/en\/wp-json\/wp\/v2\/posts\/1997\/revisions\/1998"}],"wp:featuredmedia":[{"embeddable":true,"href":"https:\/\/www.lktwg.com\/en\/wp-json\/wp\/v2\/media\/1996"}],"wp:attachment":[{"href":"https:\/\/www.lktwg.com\/en\/wp-json\/wp\/v2\/media?parent=1997"}],"wp:term":[{"taxonomy":"category","embeddable":true,"href":"https:\/\/www.lktwg.com\/en\/wp-json\/wp\/v2\/categories?post=1997"},{"taxonomy":"post_tag","embeddable":true,"href":"https:\/\/www.lktwg.com\/en\/wp-json\/wp\/v2\/tags?post=1997"}],"curies":[{"name":"wp","href":"https:\/\/api.w.org\/{rel}","templated":true}]}}