{"id":1843,"date":"2018-02-14T17:52:54","date_gmt":"2018-02-14T16:52:54","guid":{"rendered":"http:\/\/www.lktwg.com\/?p=1843"},"modified":"2018-02-14T17:52:54","modified_gmt":"2018-02-14T16:52:54","slug":"przemek-rossa-wraca-tor","status":"publish","type":"post","link":"https:\/\/www.lktwg.com\/en\/przemek-rossa-wraca-tor\/","title":{"rendered":"Przemek Rossa wraca na tor"},"content":{"rendered":"<p class=\"qtranxs-available-languages-message qtranxs-available-languages-message-en\">Sorry, this entry is only available in <a href=\"https:\/\/www.lktwg.com\/pl\/wp-json\/wp\/v2\/posts\/1843\" class=\"qtranxs-available-language-link qtranxs-available-language-link-pl\" title=\"Polski\">Polish<\/a>. For the sake of viewer convenience, the content is shown below in the alternative language. You may click the link to switch the active language.<\/p><style type=\"text\/css\"><\/style><p>Po przerwie spowodowanej kontuzj\u0105 nasz zawodnik ponownie wraca do motocrossu. Zapytali\u015bmy Przemka o to co si\u0119 dzia\u0142o w minionym sezonie i o plany w 2018r.<\/p>\n<p>-Miniony sezon zako\u0144czy\u0142 si\u0119 dla mnie ju\u017c w kwietniu-relacjonuje Przemek. Podczas zawod\u00f3w w Che\u0142mnie z\u0142ama\u0142em obojczyk, kt\u00f3ry wymaga\u0142 interwencji w postaci operacji. Kika miesi\u0119cy p\u00f3\u017aniej wr\u00f3ci\u0142em do jazdy i rodzi\u0142o si\u0119 to na pocz\u0105tku w b\u00f3lach obojczyka, szczeg\u00f3lnie przy l\u0105dowaniach po skoku . Dlat<span class=\"text_exposed_show\">ego postanowi\u0142em zadba\u0107 o zdrowie oraz bezpieczny powr\u00f3t do jazdy i zrezygnowa\u0142em ze start\u00f3w w kolejnych zawodach w sezonie 2017. Jak m\u00f3wi przys\u0142owie ,,nie ma tego z\u0142ego, co by na dobre nie wysz\u0142o\u201d. Po p\u00f3\u0142rocznej przerwie rozpocz\u0105\u0142em przygotowania kondycyjne, kt\u00f3re kontynuuj\u0119 po dzie\u0144 dzisiejszy. Aktualnie chodz\u0119 na treningi crossfitu ,biegam i p\u0142ywam w basenie stopniowo zwi\u0119kszaj\u0105c intensywno\u015b\u0107 wysi\u0142ku i zachowuj\u0105c przy tym odpowiedni\u0105 r\u00f3wnowag\u0119 w ilo\u015bci \u0107wicze\u0144. Obecnie zako\u0144czy\u0142em przygotowania sprz\u0119towe do nowego sezonu. Ponownie wsiad\u0142em na dwusuwow\u0105 setk\u0119 Yamaha YZ125, kt\u00f3ra lepiej mi pasuje. Wyremontowa\u0142em silnik, zawieszenie i w pe\u0142ni przygotowa\u0142em motocykl do sezonu, a we wszystkich pracach pomaga\u0142 mi tata, za co serdecznie jemu dzi\u0119kuj\u0119. G\u0142\u00f3wnym punktem mojego planu na sezon 2018 jest wzi\u0119cie udzia\u0142u we wszystkich rundach Mistrzostw Strefy P\u00f3\u0142nocnej w motocrossie, gdzie wystartuj\u0119 w klasie Open B. Dodatkowo celami na ten rok jest powr\u00f3t do formy, nabieranie nowych do\u015bwiadcze\u0144, ale przede wszystkim bezpieczne dotrwanie ko\u0144ca sezonu. Trzymajcie kciuki!<\/span><\/p>","protected":false},"excerpt":{"rendered":"<p>Sorry, this entry is only available in Polish. For the sake of viewer convenience, the content is shown below in the alternative language. You may click the link to switch the active language.Po przerwie spowodowanej kontuzj\u0105 nasz zawodnik ponownie wraca do motocrossu. Zapytali\u015bmy Przemka o to co si\u0119 dzia\u0142o w minionym sezonie i o plany&#8230;<\/p>\n","protected":false},"author":4,"featured_media":1840,"comment_status":"closed","ping_status":"open","sticky":false,"template":"","format":"gallery","meta":[],"categories":[1],"tags":[],"yoast_head":"<!-- This site is optimized with the Yoast SEO plugin v15.2.1 - https:\/\/yoast.com\/wordpress\/plugins\/seo\/ -->\n<title>Przemek Rossa wraca na tor - LKT Wycz\u00f3\u0142 Go\u015bcieradz Polska<\/title>\n<meta name=\"robots\" content=\"index, follow, max-snippet:-1, max-image-preview:large, max-video-preview:-1\" \/>\n<link rel=\"canonical\" href=\"https:\/\/www.lktwg.com\/en\/przemek-rossa-wraca-tor\/\" \/>\n<meta property=\"og:locale\" content=\"en_US\" \/>\n<meta property=\"og:type\" content=\"article\" \/>\n<meta property=\"og:title\" content=\"Przemek Rossa wraca na tor - LKT Wycz\u00f3\u0142 Go\u015bcieradz Polska\" \/>\n<meta property=\"og:description\" content=\"Sorry, this entry is only available in Polish. For the sake of viewer convenience, the content is shown below in the alternative language. You may click the link to switch the active language.Po przerwie spowodowanej kontuzj\u0105 nasz zawodnik ponownie wraca do motocrossu. Zapytali\u015bmy Przemka o to co si\u0119 dzia\u0142o w minionym sezonie i o plany...\" \/>\n<meta property=\"og:url\" content=\"https:\/\/www.lktwg.com\/en\/przemek-rossa-wraca-tor\/\" \/>\n<meta property=\"og:site_name\" content=\"LKT Wycz\u00f3\u0142 Go\u015bcieradz Polska\" \/>\n<meta property=\"article:publisher\" content=\"https:\/\/www.facebook.com\/lktwyczol\/\" \/>\n<meta property=\"article:published_time\" content=\"2018-02-14T16:52:54+00:00\" \/>\n<meta property=\"og:image\" content=\"https:\/\/www.lktwg.com\/wp-content\/uploads\/2018\/02\/26850308_564810133852403_6487090560337336517_o.jpg\" \/>\n\t<meta property=\"og:image:width\" content=\"1440\" \/>\n\t<meta property=\"og:image:height\" content=\"1080\" \/>\n<meta name=\"twitter:card\" content=\"summary\" \/>\n<meta name=\"twitter:label1\" content=\"Written by\">\n\t<meta name=\"twitter:data1\" content=\"Szymon Krupa\">\n\t<meta name=\"twitter:label2\" content=\"Est. reading time\">\n\t<meta name=\"twitter:data2\" content=\"1 minute\">\n<script type=\"application\/ld+json\" class=\"yoast-schema-graph\">{\"@context\":\"https:\/\/schema.org\",\"@graph\":[{\"@type\":\"WebSite\",\"@id\":\"https:\/\/www.lktwg.com\/en\/#website\",\"url\":\"https:\/\/www.lktwg.com\/en\/\",\"name\":\"LKT Wycz\\u00f3\\u0142 Go\\u015bcieradz Polska\",\"description\":\"Ludowy Klub Turystyczny\",\"potentialAction\":[{\"@type\":\"SearchAction\",\"target\":\"https:\/\/www.lktwg.com\/en\/?s={search_term_string}\",\"query-input\":\"required name=search_term_string\"}],\"inLanguage\":\"en-US\"},{\"@type\":\"ImageObject\",\"@id\":\"https:\/\/www.lktwg.com\/en\/przemek-rossa-wraca-tor\/#primaryimage\",\"inLanguage\":\"en-US\",\"url\":\"https:\/\/www.lktwg.com\/wp-content\/uploads\/2018\/02\/26850308_564810133852403_6487090560337336517_o.jpg\",\"width\":1440,\"height\":1080},{\"@type\":\"WebPage\",\"@id\":\"https:\/\/www.lktwg.com\/en\/przemek-rossa-wraca-tor\/#webpage\",\"url\":\"https:\/\/www.lktwg.com\/en\/przemek-rossa-wraca-tor\/\",\"name\":\"Przemek Rossa wraca na tor - LKT Wycz\\u00f3\\u0142 Go\\u015bcieradz Polska\",\"isPartOf\":{\"@id\":\"https:\/\/www.lktwg.com\/en\/#website\"},\"primaryImageOfPage\":{\"@id\":\"https:\/\/www.lktwg.com\/en\/przemek-rossa-wraca-tor\/#primaryimage\"},\"datePublished\":\"2018-02-14T16:52:54+00:00\",\"dateModified\":\"2018-02-14T16:52:54+00:00\",\"author\":{\"@id\":\"https:\/\/www.lktwg.com\/en\/#\/schema\/person\/6bdf16306d63f6890497ce5c248c00ab\"},\"inLanguage\":\"en-US\",\"potentialAction\":[{\"@type\":\"ReadAction\",\"target\":[\"https:\/\/www.lktwg.com\/en\/przemek-rossa-wraca-tor\/\"]}]},{\"@type\":\"Person\",\"@id\":\"https:\/\/www.lktwg.com\/en\/#\/schema\/person\/6bdf16306d63f6890497ce5c248c00ab\",\"name\":\"Szymon Krupa\",\"image\":{\"@type\":\"ImageObject\",\"@id\":\"https:\/\/www.lktwg.com\/en\/#personlogo\",\"inLanguage\":\"en-US\",\"url\":\"https:\/\/secure.gravatar.com\/avatar\/c0e2b7c0f015fe0d6c14ac0951d89111?s=96&d=mm&r=g\",\"caption\":\"Szymon Krupa\"}}]}<\/script>\n<!-- \/ Yoast SEO plugin. -->","_links":{"self":[{"href":"https:\/\/www.lktwg.com\/en\/wp-json\/wp\/v2\/posts\/1843"}],"collection":[{"href":"https:\/\/www.lktwg.com\/en\/wp-json\/wp\/v2\/posts"}],"about":[{"href":"https:\/\/www.lktwg.com\/en\/wp-json\/wp\/v2\/types\/post"}],"author":[{"embeddable":true,"href":"https:\/\/www.lktwg.com\/en\/wp-json\/wp\/v2\/users\/4"}],"replies":[{"embeddable":true,"href":"https:\/\/www.lktwg.com\/en\/wp-json\/wp\/v2\/comments?post=1843"}],"version-history":[{"count":1,"href":"https:\/\/www.lktwg.com\/en\/wp-json\/wp\/v2\/posts\/1843\/revisions"}],"predecessor-version":[{"id":1844,"href":"https:\/\/www.lktwg.com\/en\/wp-json\/wp\/v2\/posts\/1843\/revisions\/1844"}],"wp:featuredmedia":[{"embeddable":true,"href":"https:\/\/www.lktwg.com\/en\/wp-json\/wp\/v2\/media\/1840"}],"wp:attachment":[{"href":"https:\/\/www.lktwg.com\/en\/wp-json\/wp\/v2\/media?parent=1843"}],"wp:term":[{"taxonomy":"category","embeddable":true,"href":"https:\/\/www.lktwg.com\/en\/wp-json\/wp\/v2\/categories?post=1843"},{"taxonomy":"post_tag","embeddable":true,"href":"https:\/\/www.lktwg.com\/en\/wp-json\/wp\/v2\/tags?post=1843"}],"curies":[{"name":"wp","href":"https:\/\/api.w.org\/{rel}","templated":true}]}}