{"id":1827,"date":"2018-02-12T17:40:38","date_gmt":"2018-02-12T16:40:38","guid":{"rendered":"http:\/\/www.lktwg.com\/?p=1827"},"modified":"2018-02-12T17:40:38","modified_gmt":"2018-02-12T16:40:38","slug":"podsumowania-plany-kierowcow-wyczola","status":"publish","type":"post","link":"https:\/\/www.lktwg.com\/en\/podsumowania-plany-kierowcow-wyczola\/","title":{"rendered":"Podsumowania i plany kierowc\u00f3w Wycz\u00f3\u0142a"},"content":{"rendered":"<p class=\"qtranxs-available-languages-message qtranxs-available-languages-message-en\">Sorry, this entry is only available in <a href=\"https:\/\/www.lktwg.com\/pl\/wp-json\/wp\/v2\/posts\/1827\" class=\"qtranxs-available-language-link qtranxs-available-language-link-pl\" title=\"Polski\">Polish<\/a>. For the sake of viewer convenience, the content is shown below in the alternative language. You may click the link to switch the active language.<\/p><style type=\"text\/css\"><\/style><p><\/p>\n<div id=\"js_x\" class=\"_5pbx userContent _3576\" data-ft=\"{&quot;tn&quot;:&quot;K&quot;}\">\n<p>Rok 2017 powoli odchodzi w zapomnienie, w kalendarzu luty, wi\u0119c ju\u017c wkr\u00f3tce wystartuj\u0105 kolejne imprezy samochodowe. Zapytali\u015bmy naszych kierowc\u00f3w o kr\u00f3tkie podsumowanie minionego roku oraz o ich cele nadchodz\u0105cy sezon.<\/p>\n<p>Krzysztof Wizner:<br \/>\nRok 2017 by\u0142 moim pierwszym sezonem w wy\u015bcigach i ca\u0142kiem nie\u017ale si\u0119 potoczy\u0142, bo w domu na p\u00f3\u0142ce dumnie prezentuje si\u0119 a\u017c 10 puchar\u00f3w. Dodatkowo zdoby\u0142em Mistrzostwo Okr\u0119gu w Autoslalomie w swojej klasie. Plany na ten rok..? Hmm&#8230; uko\u0144czy\u0107 sezon 2018 bez wi\u0119kszych strat! Chcia\u0142bym te\u017c wzi\u0105\u0107 udzia\u0142 w Rajdzie Brodnickim i spr\u00f3bowa\u0107 swoich si\u0142 w szutrowej imprezie. W tym miejscu chc\u0119 podzi\u0119kowa\u0107 \u017conie za wsparcie duchowe, oraz w\u0142a\u015bcicielom i pracownikom PHU SUROWIEC za wsparcie, pomoc przy realizacji wielu projekt\u00f3w, wsp\u00f3\u0142uczestnictwo w imprezach, pe\u0142ne wiadra dobrego s\u0142owa, wyrozumia\u0142o\u015b\u0107 oraz wiar\u0119 w wyniki.<\/p>\n<p><a class=\"profileLink\" href=\"https:\/\/www.facebook.com\/profile.php?id=100000889943369&amp;fref=mentions\" data-hovercard=\"\/ajax\/hovercard\/user.php?id=100000889943369&amp;extragetparams=%7B%22fref%22%3A%22mentions%22%7D\" data-hovercard-prefer-more-content-show=\"1\">Micha\u0142 G\u0142ogowski<\/a>:<br \/>\nW minionym roku start\u00f3w by\u0142o niewiele ze wzgl\u0119du na zmian\u0119 auta. Zakup i budowa Hondy Type R nawet do amatorskich imprez to tak ogromne koszty , i\u017c niestety start\u00f3w nie mog\u0142o by\u0107 za wiele. Co do wynik\u00f3w to szybko okaza\u0142o si\u0119, \u017ce samo auto nie wystarczy. Trzeba pokonywa\u0107 wiele km oesowych aby wje\u017adzi\u0107 si\u0119 w auto i pozna\u0107 jego i swoje granice. Tak wi\u0119c jeszcze troszk\u0119 czasu up\u0142ynie zanim zaczniemy je\u017adzi\u0107 na takim poziomie jak star\u0105 poczciw\u0105 Astra GSI.<br \/>\nW 2018 roku planujemy poje\u017adzi\u0107 w Bednarach oraz w kilku wi\u0119kszych KJS-ach rozgrywanych w regionie. Trzeba tak\u017ce jeszcze dozbroi\u0107 Hond\u0119 w kilka rajdowych element\u00f3w wi\u0119c tych start\u00f3w jeszcze nie b\u0119dzie tyle co bym chcia\u0142.<br \/>\nW poprzednim sezonie wydatk\u00f3w by\u0142o bardzo wiele, ale uda\u0142o znale\u017a\u0107 si\u0119 kilka przychylnych os\u00f3b kt\u00f3re mocno pomog\u0142y w budowie auta i w startach. Tak wi\u0119c chcia\u0142em serdecznie podzi\u0119kowa\u0107 firmie <a class=\"profileLink\" href=\"https:\/\/www.facebook.com\/RafanOgrody\/?fref=mentions\" data-hovercard=\"\/ajax\/hovercard\/page.php?id=325557024492472&amp;extragetparams=%7B%22fref%22%3A%22mentions%22%7D\" data-hovercard-prefer-more-content-show=\"1\">Rafan Ogrody<\/a> oraz p.Tomaszowi D. z firmy <a class=\"profileLink\" href=\"https:\/\/www.facebook.com\/drecottonpl\/?fref=mentions\" data-hovercard=\"\/ajax\/hovercard\/page.php?id=497358280338038&amp;extragetparams=%7B%22fref%22%3A%22mentions%22%7D\" data-hovercard-prefer-more-content-show=\"1\">Drecotton.pl &#8211; Tkaniny i pasmanteria<\/a>, kt\u00f3rzy wspierali moje dotychczasowe starty oraz mam nadziej\u0119 , \u017ce wyniki ich nie zawiod\u0142y. Najwi\u0119ksze podzi\u0119kowania nale\u017c\u0105 si\u0119 jednak p. Rafa\u0142owi \u017b. z <a class=\"profileLink\" href=\"https:\/\/www.facebook.com\/camel.pizza\/?fref=mentions\" data-hovercard=\"\/ajax\/hovercard\/page.php?id=180722888616756&amp;extragetparams=%7B%22fref%22%3A%22mentions%22%7D\" data-hovercard-prefer-more-content-show=\"1\">Camel Pizza &#8211; Pizzerie i Restauracje<\/a> , bez pomocy kt\u00f3rego ca\u0142y projekt Type R nie by\u0142by w og\u00f3le mo\u017cliwy. Mam nadziej\u0119, \u017ce nikogo nie rozczarowa\u0142em i obiecuj\u0119 godnie reprezentowa\u0107 LKT Wycz\u00f3\u0142 Go\u015bcieradz na tegorocznych imprezach. Jeszcze raz wielkie DZI\u0118KI<\/p>\n<p><a class=\"profileLink\" href=\"https:\/\/www.facebook.com\/adrian.rac.7?fref=mentions\" data-hovercard=\"\/ajax\/hovercard\/user.php?id=100001912027649&amp;extragetparams=%7B%22fref%22%3A%22mentions%22%7D\" data-hovercard-prefer-more-content-show=\"1\">Adrian Rac<\/a>:<br \/>\nW sezonie 2017 startowa\u0142em w klasie 3 Seatem Ibiza i otar\u0142em si\u0119 o podium w Mistrzostwach Okr\u0119gu w Autoslalomie, ale zapad\u0142a decyzja o sprzeda\u017cy auta i powrotu do klasy 1. W 2018r zamierzam Fiatem Seicento zawalczy\u0107 o wszystko, co b\u0119dzie mo\u017cliwe. W tym aucie jest potencja\u0142, poniewa\u017c Seicento jest nap\u0119dzane silnikiem o pojemo\u015bci 1.4 z Fiata Stilo. Chc\u0119 szczeg\u00f3lnie podzi\u0119kowa\u0107 dla firm wspieraj\u0105cych moj\u0105 pasj\u0119, czyli Wulkanizacji <a class=\"profileLink\" href=\"https:\/\/www.facebook.com\/OponyLeon-450684881799256\/?fref=mentions\" data-hovercard=\"\/ajax\/hovercard\/page.php?id=450684881799256&amp;extragetparams=%7B%22fref%22%3A%22mentions%22%7D\" data-hovercard-prefer-more-content-show=\"1\">OponyLeon<\/a>, <a class=\"profileLink\" href=\"https:\/\/www.facebook.com\/StudioFryzurEdytaRac\/?fref=mentions\" data-hovercard=\"\/ajax\/hovercard\/page.php?id=1395129184087194&amp;extragetparams=%7B%22fref%22%3A%22mentions%22%7D\" data-hovercard-prefer-more-content-show=\"1\">Studio Fryzur Edyta Rac<\/a> oraz dla LKT Wycz\u00f3\u0142 Go\u015bcieradz, kt\u00f3ry jako chyba jako jedyny wspiera amatorskich zawodnik\u00f3w.<\/p>\n<p><a class=\"profileLink\" href=\"https:\/\/www.facebook.com\/profile.php?id=100004238646320&amp;fref=mentions\" data-hovercard=\"\/ajax\/hovercard\/user.php?id=100004238646320&amp;extragetparams=%7B%22fref%22%3A%22mentions%22%7D\" data-hovercard-prefer-more-content-show=\"1\">Kamil Zaroda<\/a>:<br \/>\nStarty w zesz\u0142ym roku by\u0142y raczej pr\u00f3b\u0105 nauczenia si\u0119 oraz wyczucia auta, poniewa\u017c kupione by\u0142o w grudniu 2016. Przez ca\u0142y rok 2017 by\u0142y wprowadzane zmiany: od zawieszenia, modyfikacjach w silniku, hamulcach, ko\u0144cz\u0105c na skrzyni i fotelach. Og\u00f3lnie miniony rok zaliczam do udanych, bo uzyska\u0142em satysfakcjonuj\u0105ce wyniki i zdoby\u0142em kilka par\u0119 puchar\u00f3w. Najbardziej cieszy mnie fakt, \u017ce zosta\u0142em mistrzem klasy 2 w Autoslalomie.<br \/>\nRok 2108 zacz\u0105\u0142em w Grudzi\u0105dzu na moto orkiestrze gdzie wozi\u0142em dzieci i doros\u0142ych w zamian za darowizn\u0119 do puszki dla chorych dzieci. Mega zabawa i wra\u017cenia dla dzieciak\u00f3w Najbli\u017csze plany to BMK, GMK, TMK, AUTOSLALOM. Chcia\u0142bym te\u017c pojecha\u0107 kilka rund <a class=\"profileLink\" href=\"https:\/\/www.facebook.com\/rallyland\/?fref=mentions\" data-hovercard=\"\/ajax\/hovercard\/page.php?id=1551199978460031&amp;extragetparams=%7B%22fref%22%3A%22mentions%22%7D\" data-hovercard-prefer-more-content-show=\"1\">Rallyland RL<\/a>oraz <a class=\"profileLink\" href=\"https:\/\/www.facebook.com\/rajdmontekarlino\/?fref=mentions\" data-hovercard=\"\/ajax\/hovercard\/page.php?id=153369081381284&amp;extragetparams=%7B%22fref%22%3A%22mentions%22%7D\" data-hovercard-prefer-more-content-show=\"1\">Rajd Monte Karlino<\/a>. Je\u015bli \u015brodki finansowe pozwol\u0105 to wybior\u0119 si\u0119 na imprezy do Pi\u0142y, na tory Pszcz\u00f3\u0142ki, \u0141\u00f3d\u017a oraz Bednary.<br \/>\nW planach jest zrobienie klatki, ale do tego potrzebna jest pomoc sponsor\u00f3w kt\u00f3rych intensywnie szukamy.<\/p>\n<p><a class=\"profileLink\" href=\"https:\/\/www.facebook.com\/patryk.scieszynski?fref=mentions\" data-hovercard=\"\/ajax\/hovercard\/user.php?id=100001736733101&amp;extragetparams=%7B%22fref%22%3A%22mentions%22%7D\" data-hovercard-prefer-more-content-show=\"1\">Patryk Scieszynski<\/a>:<br \/>\nRok 2017 za Nami, wi\u0119c trzeba by go jako\u015b podsumowa\u0107. Plany na 2017 by\u0142y od pocz\u0105tku uk\u0142adane jedynie na pierwsz\u0105 po\u0142ow\u0119 sezonu z wiadomych wzgl\u0119d\u00f3w. Starty w drugiej po\u0142owie roku sta\u0142y pod wielkim znakiem zapytania ze wzgl\u0119du na mo\u017cliwe braki z wolnym czasem. Jak co roku za\u0142o\u017cyli\u015bmy z pilotem Bartek Michalskim, \u017ce jedziemy Rallyland CUP oraz RMPZ, a przy okazji mo\u017ce jakie\u015b zawody go\u015bcinnie w ramach treningu. W pierwszej po\u0142owie sezonu uda\u0142o Nam si\u0119 objecha\u0107 wszystkie rundy Rallyland CUP oraz wybrane rundy RMPZ. Drug\u0105 cz\u0119\u015b\u0107 sezonu otrzymali\u015bmy zielone \u015bwiat\u0142o na kontynuowanie walki w tych 2 cyklach. Podzi\u0119kowania nale\u017c\u0105 si\u0119 oczywi\u015bcie dla mojej drugiej po\u0142\u00f3wki, kt\u00f3ra ogarnia\u0142a wszystko, a ja mog\u0142em skupi\u0107 si\u0119 na zawodach i znikn\u0105\u0107 z domu na chwil\u0119. Tym sposobem uda\u0142o si\u0119 z <a class=\"profileLink\" href=\"https:\/\/www.facebook.com\/bartoszmichalski1984?fref=mentions\" data-hovercard=\"\/ajax\/hovercard\/user.php?id=100000178221251&amp;extragetparams=%7B%22fref%22%3A%22mentions%22%7D\" data-hovercard-prefer-more-content-show=\"1\">Bartek Michalski<\/a> &#8211; Rally Co-Driver dojecha\u0107 wszystkie rundy Rallyland CUP 2017 do ko\u0144ca, a przy okazji wywalczy\u0107 tytu\u0142 Mistrz\u00f3w w klasie 4 Automobilklub Rallyland. W sezonie 2017 w RMPZ wzi\u0119li\u015bmy udzia\u0142 w 4 z 7 rund i uda\u0142o si\u0119 zdoby\u0107 tytu\u0142 II Wicemistrz\u00f3w Polski Zachodniej 2017. Oczywi\u015bcie nie by\u0142oby to wszystko mo\u017cliwe gdyby nie pomoc sponsor\u00f3w, pilota, znajomych, kibic\u00f3w i wsparcie os\u00f3b najbli\u017cszych. W tym miejscu chcia\u0142bym podzi\u0119kowa\u0107 naszym sponsorom: <a class=\"profileLink\" href=\"https:\/\/www.facebook.com\/mobideko\/?fref=mentions\" data-hovercard=\"\/ajax\/hovercard\/page.php?id=128532970563021&amp;extragetparams=%7B%22fref%22%3A%22mentions%22%7D\" data-hovercard-prefer-more-content-show=\"1\">Mobideko<\/a> Katarzyna Karbowniczek, Us\u0142ugi w zakresie BHP Scieszynski Marek, <a class=\"profileLink\" href=\"https:\/\/www.facebook.com\/Rubikonn-Gotowski-1501503526758229\/?fref=mentions\" data-hovercard=\"\/ajax\/hovercard\/page.php?id=1501503526758229&amp;extragetparams=%7B%22fref%22%3A%22mentions%22%7D\" data-hovercard-prefer-more-content-show=\"1\">Rubikonn Gotowski<\/a>Wojciech Gotowski, P.P.H.U. <a class=\"profileLink\" href=\"https:\/\/www.facebook.com\/wulkanizacja24.bydgoszcz\/?fref=mentions\" data-hovercard=\"\/ajax\/hovercard\/page.php?id=1452048658254711&amp;extragetparams=%7B%22fref%22%3A%22mentions%22%7D\" data-hovercard-prefer-more-content-show=\"1\">Wulkanizacja Dabor<\/a> Piotr Pyrek \u0141aniewski, <a class=\"profileLink\" href=\"https:\/\/www.facebook.com\/autohandelmariuszkoscielniak\/?fref=mentions\" data-hovercard=\"\/ajax\/hovercard\/page.php?id=466126570163714&amp;extragetparams=%7B%22fref%22%3A%22mentions%22%7D\" data-hovercard-prefer-more-content-show=\"1\">AUTO Handel Mariusz Ko\u015bcielniak Skup aut za got\u00f3wk\u0119 Bydgoszcz<\/a>, LKT &#8220;Wycz\u00f3\u0142&#8221; Go\u015bcieradz, erajdy, <a class=\"profileLink\" href=\"https:\/\/www.facebook.com\/adamzyskophotography\/?fref=mentions\" data-hovercard=\"\/ajax\/hovercard\/page.php?id=831048860258121&amp;extragetparams=%7B%22fref%22%3A%22mentions%22%7D\" data-hovercard-prefer-more-content-show=\"1\">Adam \u017by\u015bko Photography<\/a>, <a class=\"profileLink\" href=\"https:\/\/www.facebook.com\/profile.php?id=100001466547906&amp;fref=mentions\" data-hovercard=\"\/ajax\/hovercard\/user.php?id=100001466547906&amp;extragetparams=%7B%22fref%22%3A%22mentions%22%7D\" data-hovercard-prefer-more-content-show=\"1\">Leh Gomotorsport<\/a> za wspania\u0142e pami\u0105tki w postaci film\u00f3w i zdj\u0119\u0107, Bartek Michalski &#8211; Rally Co-Driver za pilotowanie oraz ekipie dbaj\u0105cej o Asterixa Pawe\u0142 Zygan, Damian Kaleta, Rados\u0142aw Ogonowski, Wojciech Gotowski, Piotr Gurski, Dawid Struensee, Marcin Gagacki. Nie mo\u017cna oczywi\u015bcie zapomnie\u0107 o naszych wiernych kibicach Dzi\u0119kujemy bez Was nie by\u0142o by Nas tu gdzie jeste\u015bmy!!!<\/p>\n<p><a class=\"profileLink\" href=\"https:\/\/www.facebook.com\/maciej.zet.35?fref=mentions\" data-hovercard=\"\/ajax\/hovercard\/user.php?id=100001755833010&amp;extragetparams=%7B%22fref%22%3A%22mentions%22%7D\" data-hovercard-prefer-more-content-show=\"1\">Maciej \u017bwirko<\/a>:<br \/>\nStarty w sezonie 2017 uwa\u017cam za udane, poniewa\u017c bra\u0142em udzia\u0142 w 4 seriach zawod\u00f3w, w kt\u00f3rych zaj\u0105\u0142em miejsca na podium poza GMK. Gdyby nie wypadek, kt\u00f3ry wykluczy\u0142 mnie z paru spotka\u0144 wyniki by\u0142yby na pewno lepsze. W 2018 chce powiela\u0107 starty z roku poprzedniego. Szczeg\u00f3lnie chcia\u0142bym podzi\u0119kowa\u0107 \u017conie Agnieszce za zrozumienie i wsparcie w mojej pasji.<\/p>\n<p><a class=\"profileLink\" href=\"https:\/\/www.facebook.com\/kasprzyk.lukasz?fref=mentions\" data-hovercard=\"\/ajax\/hovercard\/user.php?id=100001018360021&amp;extragetparams=%7B%22fref%22%3A%22mentions%22%7D\" data-hovercard-prefer-more-content-show=\"1\">\u0141ukasz Kasprzyk<\/a>:<br \/>\nRok 2017 by\u0142 dla Nas przede wszystkim rokiem zmagania si\u0119 z materi\u0105. Nowe auta, wiele godzin sp\u0119dzonych w gara\u017cu, szukanie &#8220;swoich&#8221; ustawie\u0144 . Wszystko to poch\u0142on\u0119\u0142o mn\u00f3stwo czasu i pieni\u0119dzy co prze\u0142o\u017cy\u0142o si\u0119 na niezbyt du\u017c\u0105 ilo\u015b\u0107 start\u00f3w (cho\u0107 by\u0142y i Rajdowe Mistrzostwa Polski Zachodniej). Uda\u0142o si\u0119 zdoby\u0107 tytu\u0142 Mistrza i II Wicemistrza Mistrzostw Okr\u0119gu Bydgoskiego w Autoslalomie &#8211; pomimo startu w ledwie kilku imprezach!<br \/>\nNa t\u0119 chwil\u0119 jeste\u015bmy zmotywowani przed kolejnym rokiem. Wiemy, \u017ce czeka Nas jeszcze du\u017co pracy, mamy w g\u0142owie pewien plan start\u00f3w, kt\u00f3rego na t\u0119 chwil\u0119 nie chcemy zdradza\u0107. Nie trudno si\u0119 domy\u015bli\u0107, \u017ce wszystko zale\u017cy od finans\u00f3w. W ka\u017cdym przypadku b\u0119dziemy walczy\u0107 i dumnie reprezentowa\u0107 barwy LKT Wycz\u00f3\u0142&#8230;i nieskromnie my\u015bl\u0119, \u017ce poka\u017cemy pazura.<\/p>\n<p><a class=\"profileLink\" href=\"https:\/\/www.facebook.com\/wojciech.gotowski?fref=mentions\" data-hovercard=\"\/ajax\/hovercard\/user.php?id=100001045789033&amp;extragetparams=%7B%22fref%22%3A%22mentions%22%7D\" data-hovercard-prefer-more-content-show=\"1\">Wojciech Gotowski<\/a>:<br \/>\nRok 2017 zaliczy\u0142em starty w Rallyland i w rundzie RMPZ w Wa\u0142czu, gdzie walczy\u0142em w klasie go\u015b\u0107. Zawody mog\u0119 uzna\u0107 za udane, bo zdoby\u0142em 1miejsce. Plan na 2018r to podbicie RO i potem RSMP. Podzi\u0119kowa\u0107 kolegom startuj\u0105cym z Bydgoszczy i organizatorom.<\/p>\n<p>Aleksander Rzepecki:<br \/>\nRok 2017 zdecydowanie nale\u017ca\u0142 do udanych. Zdoby\u0142em tytu\u0142 Mistrza Okr\u0119gu w Autoslalomie i zaliczy\u0142em kilka udanych start\u00f3w w Grudzi\u0105dzkim Mistrzu Kierownicy i oraz w Toruniu. Nie zawiod\u0142o mnie moje auto- Golf III 1,9TD spisa\u0142 si\u0119 na medal i r\u00f3wnie\u017c w 2018r wystartuje ,,klekotem\u201d w kilku imprezach. Na tegorocznym celowniku znajduje si\u0119 Autoslalom, Bydgoski Mistrz Kierownicy, Toru\u0144ski Mistrz Kierownicy a tak\u017ce inne KJS. By\u0107 mo\u017ce pojawi\u0119 si\u0119 w Ornecie. Chc\u0119 podzi\u0119kowa\u0107 mojemu sponsorowi tj. Wulkanizacja Alex z Tryszczyna.<\/p>\n<p>Tomasz Rzepecki:<br \/>\nMiniony rok zaliczam do bardzo udanych. Na ten sezon nie robi\u0119 plan\u00f3w, bo wszystko jest jeszcze w przygotowaniu i starty b\u0119d\u0105 spontaniczn\u0105 decyzj\u0105. Je\u015bli jednak wystartuj\u0119, to zobaczymy si\u0119 na rundach Mini-Max w Toruniu, BMK, Autoslalomie, Toru\u0144skim Mistrzu Kierownicy. Oczywi\u015bcie je\u015bli czas pozwoli to rozwa\u017c\u0119 udzia\u0142 w imprezach w Nowym Mie\u015bcie Lubawskim i Ornecie. Serdeczne podzi\u0119kowania dla mojej \u017cony Lucyny za wyrozumia\u0142o\u015b\u0107 i cierpliwo\u015b\u0107:).<\/p>\n<p>Kamil Wysoki\u0144ski:<br \/>\nRok 2017 by\u0142 dla mnie s\u0142abszy pod wzgl\u0119dem wynik\u00f3w ni\u017c 2016r, ale og\u00f3lnie jestem i tak zadowolony. W obecnym sezonie planuje starty w GMK, Autosoalomie, imprezie Wolna Liga Wy\u015bcigowa na Torze Pszcz\u00f3\u0142ki oraz w Mini-Max. Chc\u0119 serdecznie podzi\u0119kowa\u0107 dla mojej rodziny za cierpliwo\u015b\u0107 i wyrozumia\u0142o\u015b\u0107.<\/p>\n<\/div>\n<p><\/p>","protected":false},"excerpt":{"rendered":"<p>Sorry, this entry is only available in Polish. For the sake of viewer convenience, the content is shown below in the alternative language. You may click the link to switch the active language. Rok 2017 powoli odchodzi w zapomnienie, w kalendarzu luty, wi\u0119c ju\u017c wkr\u00f3tce wystartuj\u0105 kolejne imprezy samochodowe. Zapytali\u015bmy naszych kierowc\u00f3w o kr\u00f3tkie podsumowanie&#8230;<\/p>\n","protected":false},"author":4,"featured_media":0,"comment_status":"closed","ping_status":"open","sticky":false,"template":"","format":"gallery","meta":[],"categories":[9,8,163,10],"tags":[],"yoast_head":"<!-- This site is optimized with the Yoast SEO plugin v15.2.1 - https:\/\/yoast.com\/wordpress\/plugins\/seo\/ -->\n<title>Podsumowania i plany kierowc\u00f3w Wycz\u00f3\u0142a - LKT Wycz\u00f3\u0142 Go\u015bcieradz Polska<\/title>\n<meta name=\"robots\" content=\"index, follow, max-snippet:-1, max-image-preview:large, max-video-preview:-1\" \/>\n<link rel=\"canonical\" href=\"https:\/\/www.lktwg.com\/en\/podsumowania-plany-kierowcow-wyczola\/\" \/>\n<meta property=\"og:locale\" content=\"en_US\" \/>\n<meta property=\"og:type\" content=\"article\" \/>\n<meta property=\"og:title\" content=\"Podsumowania i plany kierowc\u00f3w Wycz\u00f3\u0142a - LKT Wycz\u00f3\u0142 Go\u015bcieradz Polska\" \/>\n<meta property=\"og:description\" content=\"Sorry, this entry is only available in Polish. For the sake of viewer convenience, the content is shown below in the alternative language. You may click the link to switch the active language. Rok 2017 powoli odchodzi w zapomnienie, w kalendarzu luty, wi\u0119c ju\u017c wkr\u00f3tce wystartuj\u0105 kolejne imprezy samochodowe. Zapytali\u015bmy naszych kierowc\u00f3w o kr\u00f3tkie podsumowanie...\" \/>\n<meta property=\"og:url\" content=\"https:\/\/www.lktwg.com\/en\/podsumowania-plany-kierowcow-wyczola\/\" \/>\n<meta property=\"og:site_name\" content=\"LKT Wycz\u00f3\u0142 Go\u015bcieradz Polska\" \/>\n<meta property=\"article:publisher\" content=\"https:\/\/www.facebook.com\/lktwyczol\/\" \/>\n<meta property=\"article:published_time\" content=\"2018-02-12T16:40:38+00:00\" \/>\n<meta name=\"twitter:card\" content=\"summary\" \/>\n<meta name=\"twitter:label1\" content=\"Written by\">\n\t<meta name=\"twitter:data1\" content=\"Szymon Krupa\">\n\t<meta name=\"twitter:label2\" content=\"Est. reading time\">\n\t<meta name=\"twitter:data2\" content=\"6 minutes\">\n<script type=\"application\/ld+json\" class=\"yoast-schema-graph\">{\"@context\":\"https:\/\/schema.org\",\"@graph\":[{\"@type\":\"WebSite\",\"@id\":\"https:\/\/www.lktwg.com\/en\/#website\",\"url\":\"https:\/\/www.lktwg.com\/en\/\",\"name\":\"LKT Wycz\\u00f3\\u0142 Go\\u015bcieradz Polska\",\"description\":\"Ludowy Klub Turystyczny\",\"potentialAction\":[{\"@type\":\"SearchAction\",\"target\":\"https:\/\/www.lktwg.com\/en\/?s={search_term_string}\",\"query-input\":\"required name=search_term_string\"}],\"inLanguage\":\"en-US\"},{\"@type\":\"WebPage\",\"@id\":\"https:\/\/www.lktwg.com\/en\/podsumowania-plany-kierowcow-wyczola\/#webpage\",\"url\":\"https:\/\/www.lktwg.com\/en\/podsumowania-plany-kierowcow-wyczola\/\",\"name\":\"Podsumowania i plany kierowc\\u00f3w Wycz\\u00f3\\u0142a - LKT Wycz\\u00f3\\u0142 Go\\u015bcieradz Polska\",\"isPartOf\":{\"@id\":\"https:\/\/www.lktwg.com\/en\/#website\"},\"datePublished\":\"2018-02-12T16:40:38+00:00\",\"dateModified\":\"2018-02-12T16:40:38+00:00\",\"author\":{\"@id\":\"https:\/\/www.lktwg.com\/en\/#\/schema\/person\/6bdf16306d63f6890497ce5c248c00ab\"},\"inLanguage\":\"en-US\",\"potentialAction\":[{\"@type\":\"ReadAction\",\"target\":[\"https:\/\/www.lktwg.com\/en\/podsumowania-plany-kierowcow-wyczola\/\"]}]},{\"@type\":\"Person\",\"@id\":\"https:\/\/www.lktwg.com\/en\/#\/schema\/person\/6bdf16306d63f6890497ce5c248c00ab\",\"name\":\"Szymon Krupa\",\"image\":{\"@type\":\"ImageObject\",\"@id\":\"https:\/\/www.lktwg.com\/en\/#personlogo\",\"inLanguage\":\"en-US\",\"url\":\"https:\/\/secure.gravatar.com\/avatar\/c0e2b7c0f015fe0d6c14ac0951d89111?s=96&d=mm&r=g\",\"caption\":\"Szymon Krupa\"}}]}<\/script>\n<!-- \/ Yoast SEO plugin. -->","_links":{"self":[{"href":"https:\/\/www.lktwg.com\/en\/wp-json\/wp\/v2\/posts\/1827"}],"collection":[{"href":"https:\/\/www.lktwg.com\/en\/wp-json\/wp\/v2\/posts"}],"about":[{"href":"https:\/\/www.lktwg.com\/en\/wp-json\/wp\/v2\/types\/post"}],"author":[{"embeddable":true,"href":"https:\/\/www.lktwg.com\/en\/wp-json\/wp\/v2\/users\/4"}],"replies":[{"embeddable":true,"href":"https:\/\/www.lktwg.com\/en\/wp-json\/wp\/v2\/comments?post=1827"}],"version-history":[{"count":1,"href":"https:\/\/www.lktwg.com\/en\/wp-json\/wp\/v2\/posts\/1827\/revisions"}],"predecessor-version":[{"id":1839,"href":"https:\/\/www.lktwg.com\/en\/wp-json\/wp\/v2\/posts\/1827\/revisions\/1839"}],"wp:attachment":[{"href":"https:\/\/www.lktwg.com\/en\/wp-json\/wp\/v2\/media?parent=1827"}],"wp:term":[{"taxonomy":"category","embeddable":true,"href":"https:\/\/www.lktwg.com\/en\/wp-json\/wp\/v2\/categories?post=1827"},{"taxonomy":"post_tag","embeddable":true,"href":"https:\/\/www.lktwg.com\/en\/wp-json\/wp\/v2\/tags?post=1827"}],"curies":[{"name":"wp","href":"https:\/\/api.w.org\/{rel}","templated":true}]}}