{"id":1787,"date":"2018-01-21T07:27:59","date_gmt":"2018-01-21T06:27:59","guid":{"rendered":"http:\/\/www.lktwg.com\/?p=1787"},"modified":"2018-01-24T16:48:23","modified_gmt":"2018-01-24T15:48:23","slug":"podsumowania-plany-ekipy-cc-enduro","status":"publish","type":"post","link":"https:\/\/www.lktwg.com\/en\/podsumowania-plany-ekipy-cc-enduro\/","title":{"rendered":"Podsumowania i plany ekipy CC i Enduro"},"content":{"rendered":"<p class=\"qtranxs-available-languages-message qtranxs-available-languages-message-en\">Sorry, this entry is only available in <a href=\"https:\/\/www.lktwg.com\/pl\/wp-json\/wp\/v2\/posts\/1787\" class=\"qtranxs-available-language-link qtranxs-available-language-link-pl\" title=\"Polski\">Polish<\/a>. For the sake of viewer convenience, the content is shown below in the alternative language. You may click the link to switch the active language.<\/p><style type=\"text\/css\"><\/style><p>Pocz\u0105tek roku to czas podsumowa\u0144 i plan\u00f3w na kolejny sezon rywalizacji w Cross Country i rajdach Enduro. Obie dyscypliny wymagaj\u0105 \u017celaznej kondycji, umiej\u0119tno\u015bci jazdy motocyklem w zmiennym terenie bez wzgl\u0119du na warunki pogodowe. Dodatkowo liczy si\u0119 r\u00f3wnomierne roz\u0142o\u017cenie si\u0142 na ca\u0142y wy\u015bcig oraz utrzymywanie jednakowego, szybkiego tempa. Zapytali\u015bmy naszych zawodnik\u00f3w jak oceniaj\u0105 rok 2017 i o to, jakie maj\u0105 plany startowe na kolejny rok.<\/p>\n<p><strong>Rafa\u0142 Buza\u0142a &#8211; motocykle, klasa klasa Masters\/Licencja<br \/>\n<\/strong><\/p>\n<p>Miniony rok mog\u0119 uzna\u0107 do udanych, bo\u2026przejechany bez kontuzji! \u00a0W sezonie 2018 chc\u0119 wystartowa\u0107 w serii Pucharu Polski oraz Mistrzostwach Pomorza Zachodniego Cross Country. Planuje udzia\u0142 w takich du\u017cych imprezach jak Megawatt czy te\u017c lokalnych wydarzeniach takich jak Kociewski Rajd Enduro. Wsp\u00f3lnym mianownikiem moich start\u00f3w b\u0119dzie czerpanie przyjemno\u015bci z jazdy i zabawa. Trzymajcie kciuki!<\/p>\n<p><strong>Pawe\u0142 Budziak-motocykle, klasa Masters\/Licencja<\/strong><\/p>\n<p>Niestety ilo\u015b\u0107 obowi\u0105zk\u00f3w zawodowych uniemo\u017cliwi\u0142a mi wi\u0119ksz\u0105 aktywno\u015b\u0107 w mijaj\u0105cym roku. W\u0142a\u015bciwie przygotowania do sezonu 2018r ju\u017c rozpocz\u0105\u0142em, bo g\u0142\u00f3wnym punktem najbli\u017cszego roku jest zbudowanie i utrzymanie dobrej kondycji. Planuje starty podobnie jak Rafa\u0142 w Pucharze Polski CC oraz Mistrzostwa Pomorza Zachodniego, gdzie w 2017r uplasowa\u0142em si\u0119 na 3 pozycji w klasie Open w klasyfikacji sezonu.<\/p>\n<p><strong>Janusz Micha\u0142ek-motocykle, klasa Senior 2<\/strong><\/p>\n<p>Nie mam jeszcze konkretnych plan\u00f3w na 2018. Na pewno wystartuje w Che\u0142mnie w\u00a0 Cross Country. Obecnie czekam jeszcze na kalendarz CC w Niemczech. Do zobaczenia na trasach<\/p>\n<p><strong>Tomasz Rybczy\u0144ski-motocykle, klasa Senior 2<\/strong><\/p>\n<p>W minionym roku ze wzgl\u0119du na obowi\u0105zki zawodowe i rodzinne musia\u0142em ograniczy\u0107 starty i zaliczy\u0142em jedynie udzia\u0142 w kilku imprezach. Jednak w 2018r moja uwag\u0119 skupi\u0119 przede wszystkim na cross country. Motocykl bez zmian:KTM SXF350.<\/p>\n<p><strong>Aleksander Borkowski&#8211; motocykle, klasa Senior 2\/Amator<\/strong><\/p>\n<p>Rok 2017 by\u0142 dla mnie debiutem w profesjonalnych imprezach Cross Country, ale te\u017c prze\u015bladowa\u0142 mnie pech &#8211; auto odmawia\u0142o pos\u0142usze\u0144stwa i nie zawsze mog\u0142em dojecha\u0107 na zawody. Wystartowa\u0142em we wrze\u015bniu w Megawatt, co by\u0142o ciekawym i wymagaj\u0105cym do\u015bwiadczeniem oraz lekcj\u0105 na przysz\u0142o\u015b\u0107. Z pewno\u015bci\u0105 w najbli\u017cszym roku planuj\u0119 starty w ca\u0142ym Pucharze Polski CC oraz ponownie w Megawatt. Oczywi\u015bcie motocykl ten sam czyli Suzuki RMZ 450. Do tego mocno b\u0119d\u0119 pracowa\u0142 nad kondycj\u0105, co jest moim zdaniem kluczowym elementem ka\u017cdego zawodnika Cross Country.<\/p>\n<p><strong>Maksym Szulc-quad, klasa Open Pucharu Polski<\/strong><\/p>\n<p>Starty w sezonie 2017 od pocz\u0105tku by\u0142y nastawione na nauk\u0119 i zdobywanie nowych do\u015bwiadcze\u0144. Zamieni\u0142em quada 4&#215;4 i zacz\u0105\u0142em swoj\u0105 przygod\u0119 z \u201eo\u015bkami\u201d. Startowa\u0142em w weekendy we wszystkich zawodach jakie mia\u0142em pod r\u0119k\u0105: od polskich przez niemieckie i francuskie, od CC godzinne, p\u00f3\u0142torej godzinne, dwu i p\u00f3\u0142 godzinne oraz trzy godzinne po r\u00f3\u017cnego rodzaju rajdy enduro. W po\u0142owie sezonu okaza\u0142o si\u0119, \u017ce ca\u0142kiem dobrze mi idzie i zauwa\u017cy\u0142em mo\u017cliwo\u015b\u0107 walczenia o wygranie we wszystkich cyklach, w kt\u00f3rych startowa\u0142em. Niestety zawody zacz\u0119\u0142y si\u0119 krzy\u017cowa\u0107, quady zacz\u0119\u0142y si\u0119 psu\u0107, a ja zacz\u0105\u0142em pope\u0142nia\u0107 b\u0142\u0119dy, kt\u00f3re uniemo\u017cliwi\u0142y mi zdobycia miejsca na pudle. Czuje pewien niedosyt, \u017ce nie dowioz\u0142em jedynek do ko\u0144ca sezonu i to jest niesatysfakcjonuj\u0105ce dla mnie, ale nauk\u0119 i zdobyte do\u015bwiadczenia oceniam pozytywnie. Plany na sezon 2018 jeszcze nie s\u0105 do ko\u0144ca sprecyzowane, poniewa\u017c czekam na terminarze wszystkich imprez. Wiem, \u017ce sezon 2018 zaczynam szybko. Ju\u017c 27 stycznia wystartuj\u0119 w najs\u0142ynniejszej imprezie w Europie jak\u0105 jest La Touquet we Francji, w kt\u00f3rej bierze udzia\u0142 oko\u0142o p\u00f3\u0142 tysi\u0105ca quadowc\u00f3w. Kolejnymi imprezami b\u0119d\u0105 pierwsze rundy Enduromasters w Niemczech, kt\u00f3re odb\u0119d\u0105 si\u0119 ju\u017c 3 marca w Boxbergu i miesi\u0105c p\u00f3\u017aniej w Janswalde. Tam pojad\u0119 w trzy godzinnym cross country. Na pewno w tym sezonie wystartuje w dw\u00f3ch pe\u0142nych cyklach mistrzostw Polski. B\u0119dzie to CC i co\u015b z dw\u00f3jki MX lub ENDURO. Planuje jak najwi\u0119cej \u015bciga\u0107 si\u0119 w Europie. Moim g\u0142\u00f3wnym celem na rok 2018 jest start w parze z moim przyjacielem Marcinem Wo\u017aniakiem w quadowych mistrzostwach \u015bwiata jakimi s\u0105 PDV rozgrywane pod koniec wakacji. Szczeg\u00f3lnie chcia\u0142bym podzi\u0119kowa\u0107 ca\u0142ej mojej rodzinie za wsparcie i pomoc, dziewczynie, \u017ce jeszcze ze mn\u0105 wytrzymuje pomimo nieobecno\u015bci we wszystkie letnie weekendy oraz znajomym za wyrozumia\u0142o\u015b\u0107 z powodu braku czasu.<\/p>\n<p><strong>Mariusz Trojanowski-quad, klasa Open Pucharu Polski<\/strong><\/p>\n<p>W 2017 roku startowa\u0142em tylko 3 razy z braku czasu. W 2018 planuje starty w cross country na terenie Niemcy i cyklu Pucharu Polski w klasie Open. Obecnie skupiam si\u0119 na szlifowaniu formy. Sk\u0142adam podzi\u0119kowania dla mojego sponsora Delikatesy Troja\u0144skie. Do zobaczenia na zawodach.<\/p>\n<p>Za wszystkich naszych motocyklist\u00f3w i quadowc\u00f3w trzymamy kciuki i \u017cyczymy samych udanych zawod\u00f3w!<\/p>\n<p>&nbsp;<\/p>\n<p>&nbsp;<\/p>\n<p>&nbsp;<\/p>\n<p>&nbsp;<\/p>\n<p>&nbsp;<\/p>\n<p>&nbsp;<\/p>\n<p>&nbsp;<\/p>\n<p>&nbsp;<\/p>\n<p>&nbsp;<\/p>","protected":false},"excerpt":{"rendered":"<p>Sorry, this entry is only available in Polish. For the sake of viewer convenience, the content is shown below in the alternative language. You may click the link to switch the active language.Pocz\u0105tek roku to czas podsumowa\u0144 i plan\u00f3w na kolejny sezon rywalizacji w Cross Country i rajdach Enduro. Obie dyscypliny wymagaj\u0105 \u017celaznej kondycji, umiej\u0119tno\u015bci&#8230;<\/p>\n","protected":false},"author":4,"featured_media":1780,"comment_status":"closed","ping_status":"open","sticky":false,"template":"","format":"gallery","meta":[],"categories":[1],"tags":[],"yoast_head":"<!-- This site is optimized with the Yoast SEO plugin v15.2.1 - https:\/\/yoast.com\/wordpress\/plugins\/seo\/ -->\n<title>Podsumowania i plany ekipy CC i Enduro - LKT Wycz\u00f3\u0142 Go\u015bcieradz Polska<\/title>\n<meta name=\"robots\" content=\"index, follow, max-snippet:-1, max-image-preview:large, max-video-preview:-1\" \/>\n<link rel=\"canonical\" href=\"https:\/\/www.lktwg.com\/en\/podsumowania-plany-ekipy-cc-enduro\/\" \/>\n<meta property=\"og:locale\" content=\"en_US\" \/>\n<meta property=\"og:type\" content=\"article\" \/>\n<meta property=\"og:title\" content=\"Podsumowania i plany ekipy CC i Enduro - LKT Wycz\u00f3\u0142 Go\u015bcieradz Polska\" \/>\n<meta property=\"og:description\" content=\"Sorry, this entry is only available in Polish. For the sake of viewer convenience, the content is shown below in the alternative language. You may click the link to switch the active language.Pocz\u0105tek roku to czas podsumowa\u0144 i plan\u00f3w na kolejny sezon rywalizacji w Cross Country i rajdach Enduro. Obie dyscypliny wymagaj\u0105 \u017celaznej kondycji, umiej\u0119tno\u015bci...\" \/>\n<meta property=\"og:url\" content=\"https:\/\/www.lktwg.com\/en\/podsumowania-plany-ekipy-cc-enduro\/\" \/>\n<meta property=\"og:site_name\" content=\"LKT Wycz\u00f3\u0142 Go\u015bcieradz Polska\" \/>\n<meta property=\"article:publisher\" content=\"https:\/\/www.facebook.com\/lktwyczol\/\" \/>\n<meta property=\"article:published_time\" content=\"2018-01-21T06:27:59+00:00\" \/>\n<meta property=\"article:modified_time\" content=\"2018-01-24T15:48:23+00:00\" \/>\n<meta property=\"og:image\" content=\"https:\/\/www.lktwg.com\/wp-content\/uploads\/2018\/01\/18451762_125548608008025_7909481068294239114_o.jpg\" \/>\n\t<meta property=\"og:image:width\" content=\"1600\" \/>\n\t<meta property=\"og:image:height\" content=\"1068\" \/>\n<meta name=\"twitter:card\" content=\"summary\" \/>\n<meta name=\"twitter:label1\" content=\"Written by\">\n\t<meta name=\"twitter:data1\" content=\"Szymon Krupa\">\n\t<meta name=\"twitter:label2\" content=\"Est. reading time\">\n\t<meta name=\"twitter:data2\" content=\"3 minutes\">\n<script type=\"application\/ld+json\" class=\"yoast-schema-graph\">{\"@context\":\"https:\/\/schema.org\",\"@graph\":[{\"@type\":\"WebSite\",\"@id\":\"https:\/\/www.lktwg.com\/en\/#website\",\"url\":\"https:\/\/www.lktwg.com\/en\/\",\"name\":\"LKT Wycz\\u00f3\\u0142 Go\\u015bcieradz Polska\",\"description\":\"Ludowy Klub Turystyczny\",\"potentialAction\":[{\"@type\":\"SearchAction\",\"target\":\"https:\/\/www.lktwg.com\/en\/?s={search_term_string}\",\"query-input\":\"required name=search_term_string\"}],\"inLanguage\":\"en-US\"},{\"@type\":\"ImageObject\",\"@id\":\"https:\/\/www.lktwg.com\/en\/podsumowania-plany-ekipy-cc-enduro\/#primaryimage\",\"inLanguage\":\"en-US\",\"url\":\"https:\/\/www.lktwg.com\/wp-content\/uploads\/2018\/01\/18451762_125548608008025_7909481068294239114_o.jpg\",\"width\":1600,\"height\":1068},{\"@type\":\"WebPage\",\"@id\":\"https:\/\/www.lktwg.com\/en\/podsumowania-plany-ekipy-cc-enduro\/#webpage\",\"url\":\"https:\/\/www.lktwg.com\/en\/podsumowania-plany-ekipy-cc-enduro\/\",\"name\":\"Podsumowania i plany ekipy CC i Enduro - LKT Wycz\\u00f3\\u0142 Go\\u015bcieradz Polska\",\"isPartOf\":{\"@id\":\"https:\/\/www.lktwg.com\/en\/#website\"},\"primaryImageOfPage\":{\"@id\":\"https:\/\/www.lktwg.com\/en\/podsumowania-plany-ekipy-cc-enduro\/#primaryimage\"},\"datePublished\":\"2018-01-21T06:27:59+00:00\",\"dateModified\":\"2018-01-24T15:48:23+00:00\",\"author\":{\"@id\":\"https:\/\/www.lktwg.com\/en\/#\/schema\/person\/6bdf16306d63f6890497ce5c248c00ab\"},\"inLanguage\":\"en-US\",\"potentialAction\":[{\"@type\":\"ReadAction\",\"target\":[\"https:\/\/www.lktwg.com\/en\/podsumowania-plany-ekipy-cc-enduro\/\"]}]},{\"@type\":\"Person\",\"@id\":\"https:\/\/www.lktwg.com\/en\/#\/schema\/person\/6bdf16306d63f6890497ce5c248c00ab\",\"name\":\"Szymon Krupa\",\"image\":{\"@type\":\"ImageObject\",\"@id\":\"https:\/\/www.lktwg.com\/en\/#personlogo\",\"inLanguage\":\"en-US\",\"url\":\"https:\/\/secure.gravatar.com\/avatar\/c0e2b7c0f015fe0d6c14ac0951d89111?s=96&d=mm&r=g\",\"caption\":\"Szymon Krupa\"}}]}<\/script>\n<!-- \/ Yoast SEO plugin. -->","_links":{"self":[{"href":"https:\/\/www.lktwg.com\/en\/wp-json\/wp\/v2\/posts\/1787"}],"collection":[{"href":"https:\/\/www.lktwg.com\/en\/wp-json\/wp\/v2\/posts"}],"about":[{"href":"https:\/\/www.lktwg.com\/en\/wp-json\/wp\/v2\/types\/post"}],"author":[{"embeddable":true,"href":"https:\/\/www.lktwg.com\/en\/wp-json\/wp\/v2\/users\/4"}],"replies":[{"embeddable":true,"href":"https:\/\/www.lktwg.com\/en\/wp-json\/wp\/v2\/comments?post=1787"}],"version-history":[{"count":3,"href":"https:\/\/www.lktwg.com\/en\/wp-json\/wp\/v2\/posts\/1787\/revisions"}],"predecessor-version":[{"id":1792,"href":"https:\/\/www.lktwg.com\/en\/wp-json\/wp\/v2\/posts\/1787\/revisions\/1792"}],"wp:featuredmedia":[{"embeddable":true,"href":"https:\/\/www.lktwg.com\/en\/wp-json\/wp\/v2\/media\/1780"}],"wp:attachment":[{"href":"https:\/\/www.lktwg.com\/en\/wp-json\/wp\/v2\/media?parent=1787"}],"wp:term":[{"taxonomy":"category","embeddable":true,"href":"https:\/\/www.lktwg.com\/en\/wp-json\/wp\/v2\/categories?post=1787"},{"taxonomy":"post_tag","embeddable":true,"href":"https:\/\/www.lktwg.com\/en\/wp-json\/wp\/v2\/tags?post=1787"}],"curies":[{"name":"wp","href":"https:\/\/api.w.org\/{rel}","templated":true}]}}