{"id":1710,"date":"2017-12-08T19:15:09","date_gmt":"2017-12-08T18:15:09","guid":{"rendered":"http:\/\/www.lktwg.com\/?p=1710"},"modified":"2017-12-08T22:42:54","modified_gmt":"2017-12-08T21:42:54","slug":"lkt-wyczol-klubowym-wicemistrzem-polski-supermoto","status":"publish","type":"post","link":"https:\/\/www.lktwg.com\/en\/lkt-wyczol-klubowym-wicemistrzem-polski-supermoto\/","title":{"rendered":"LKT Wycz\u00f3\u0142 klubowym Wicemistrzem Polski Supermoto"},"content":{"rendered":"<p class=\"qtranxs-available-languages-message qtranxs-available-languages-message-en\">Sorry, this entry is only available in <a href=\"https:\/\/www.lktwg.com\/pl\/wp-json\/wp\/v2\/posts\/1710\" class=\"qtranxs-available-language-link qtranxs-available-language-link-pl\" title=\"Polski\">Polish<\/a>. For the sake of viewer convenience, the content is shown below in the alternative language. You may click the link to switch the active language.<\/p><style type=\"text\/css\"><\/style><p>W minion\u0105 sobot\u0119 w Warszawie odby\u0142o si\u0119 uroczyste zako\u0144czenie sezonu motocyklowego PZM. Tradycyjnie impreza zosta\u0142a zorganizowana w siedzibie Polskiego Komitetu Olimpijskiego, gdzie wr\u0119czono nagrody najlepszym i najszybszym kierowcom motocykli i quad\u00f3w. Jest nam niezmiernie mi\u0142o poinformowa\u0107, \u017ce w klasyfikacji klubowej zostali\u015bmy ll Wicemistrzem Polski w Wy\u015bcigach Motocyklowych, i Wicemistrzem Polski w Supermoto. Statuetki w imieniu klubu odebra\u0142 Prezes Bartosz Zwolanowski. Zas\u0142u\u017cony tytu\u0142 i szarf\u0119 Mistrza Polski odebra\u0142 Bartek Wiczy\u0144ski, kt\u00f3ry triumfowa\u0142 w klasie Superstock 1000 WMMP oraz zaj\u0105\u0142 2 miejsce w europejskim cyklu Alpe Adria r\u00f3wnie\u017c w klasie Superstock 1000. Na podium sezonu Pucharu Polski Cross Country stan\u0105\u0142 r\u00f3wnie\u017c Maksym Szulc. Nasz klubowicz zaj\u0105\u0142 bardzo dobre 2 miejsce w klasie Quad Open.<\/p>\n<p>Pe\u0142n\u0105 relacja z gali mo\u017cna obejrze\u0107 na stronie http:\/\/livemotorsport.tv\/<\/p>\n<p>Wr\u0119czenie dla klubu w Supermoto mo\u017cecie zobaczy\u0107 w relacji od 3:05:00 oraz 3:16:58, dla Maksyma Szulca 09:38 oraz wywiad z Barkiem Wiczy\u0144skim 3:13:30.<\/p>\n<p>Gratulujemy i dzi\u0119kujemy wszystkim motocyklistom\u00a0 za reprezentowanie barw LKT Wycz\u00f3\u0142 Go\u015bcieradz w sezonie 2017r<\/p>","protected":false},"excerpt":{"rendered":"<p>Sorry, this entry is only available in Polish. For the sake of viewer convenience, the content is shown below in the alternative language. You may click the link to switch the active language.W minion\u0105 sobot\u0119 w Warszawie odby\u0142o si\u0119 uroczyste zako\u0144czenie sezonu motocyklowego PZM. Tradycyjnie impreza zosta\u0142a zorganizowana w siedzibie Polskiego Komitetu Olimpijskiego, gdzie wr\u0119czono&#8230;<\/p>\n","protected":false},"author":4,"featured_media":1713,"comment_status":"closed","ping_status":"open","sticky":false,"template":"","format":"gallery","meta":[],"categories":[6,58,57],"tags":[107,158,159],"yoast_head":"<!-- This site is optimized with the Yoast SEO plugin v15.2.1 - https:\/\/yoast.com\/wordpress\/plugins\/seo\/ -->\n<title>LKT Wycz\u00f3\u0142 klubowym Wicemistrzem Polski Supermoto - LKT Wycz\u00f3\u0142 Go\u015bcieradz Polska<\/title>\n<meta name=\"robots\" content=\"index, follow, max-snippet:-1, max-image-preview:large, max-video-preview:-1\" \/>\n<link rel=\"canonical\" href=\"https:\/\/www.lktwg.com\/en\/lkt-wyczol-klubowym-wicemistrzem-polski-supermoto\/\" \/>\n<meta property=\"og:locale\" content=\"en_US\" \/>\n<meta property=\"og:type\" content=\"article\" \/>\n<meta property=\"og:title\" content=\"LKT Wycz\u00f3\u0142 klubowym Wicemistrzem Polski Supermoto - LKT Wycz\u00f3\u0142 Go\u015bcieradz Polska\" \/>\n<meta property=\"og:description\" content=\"Sorry, this entry is only available in Polish. For the sake of viewer convenience, the content is shown below in the alternative language. You may click the link to switch the active language.W minion\u0105 sobot\u0119 w Warszawie odby\u0142o si\u0119 uroczyste zako\u0144czenie sezonu motocyklowego PZM. Tradycyjnie impreza zosta\u0142a zorganizowana w siedzibie Polskiego Komitetu Olimpijskiego, gdzie wr\u0119czono...\" \/>\n<meta property=\"og:url\" content=\"https:\/\/www.lktwg.com\/en\/lkt-wyczol-klubowym-wicemistrzem-polski-supermoto\/\" \/>\n<meta property=\"og:site_name\" content=\"LKT Wycz\u00f3\u0142 Go\u015bcieradz Polska\" \/>\n<meta property=\"article:publisher\" content=\"https:\/\/www.facebook.com\/lktwyczol\/\" \/>\n<meta property=\"article:published_time\" content=\"2017-12-08T18:15:09+00:00\" \/>\n<meta property=\"article:modified_time\" content=\"2017-12-08T21:42:54+00:00\" \/>\n<meta property=\"og:image\" content=\"https:\/\/www.lktwg.com\/wp-content\/uploads\/2017\/12\/maksym-szulc.jpg\" \/>\n\t<meta property=\"og:image:width\" content=\"1536\" \/>\n\t<meta property=\"og:image:height\" content=\"2048\" \/>\n<meta name=\"twitter:card\" content=\"summary\" \/>\n<meta name=\"twitter:label1\" content=\"Written by\">\n\t<meta name=\"twitter:data1\" content=\"Szymon Krupa\">\n\t<meta name=\"twitter:label2\" content=\"Est. reading time\">\n\t<meta name=\"twitter:data2\" content=\"1 minute\">\n<script type=\"application\/ld+json\" class=\"yoast-schema-graph\">{\"@context\":\"https:\/\/schema.org\",\"@graph\":[{\"@type\":\"WebSite\",\"@id\":\"https:\/\/www.lktwg.com\/en\/#website\",\"url\":\"https:\/\/www.lktwg.com\/en\/\",\"name\":\"LKT Wycz\\u00f3\\u0142 Go\\u015bcieradz Polska\",\"description\":\"Ludowy Klub Turystyczny\",\"potentialAction\":[{\"@type\":\"SearchAction\",\"target\":\"https:\/\/www.lktwg.com\/en\/?s={search_term_string}\",\"query-input\":\"required name=search_term_string\"}],\"inLanguage\":\"en-US\"},{\"@type\":\"ImageObject\",\"@id\":\"https:\/\/www.lktwg.com\/en\/lkt-wyczol-klubowym-wicemistrzem-polski-supermoto\/#primaryimage\",\"inLanguage\":\"en-US\",\"url\":\"https:\/\/www.lktwg.com\/wp-content\/uploads\/2017\/12\/maksym-szulc.jpg\",\"width\":1536,\"height\":2048},{\"@type\":\"WebPage\",\"@id\":\"https:\/\/www.lktwg.com\/en\/lkt-wyczol-klubowym-wicemistrzem-polski-supermoto\/#webpage\",\"url\":\"https:\/\/www.lktwg.com\/en\/lkt-wyczol-klubowym-wicemistrzem-polski-supermoto\/\",\"name\":\"LKT Wycz\\u00f3\\u0142 klubowym Wicemistrzem Polski Supermoto - LKT Wycz\\u00f3\\u0142 Go\\u015bcieradz Polska\",\"isPartOf\":{\"@id\":\"https:\/\/www.lktwg.com\/en\/#website\"},\"primaryImageOfPage\":{\"@id\":\"https:\/\/www.lktwg.com\/en\/lkt-wyczol-klubowym-wicemistrzem-polski-supermoto\/#primaryimage\"},\"datePublished\":\"2017-12-08T18:15:09+00:00\",\"dateModified\":\"2017-12-08T21:42:54+00:00\",\"author\":{\"@id\":\"https:\/\/www.lktwg.com\/en\/#\/schema\/person\/6bdf16306d63f6890497ce5c248c00ab\"},\"inLanguage\":\"en-US\",\"potentialAction\":[{\"@type\":\"ReadAction\",\"target\":[\"https:\/\/www.lktwg.com\/en\/lkt-wyczol-klubowym-wicemistrzem-polski-supermoto\/\"]}]},{\"@type\":\"Person\",\"@id\":\"https:\/\/www.lktwg.com\/en\/#\/schema\/person\/6bdf16306d63f6890497ce5c248c00ab\",\"name\":\"Szymon Krupa\",\"image\":{\"@type\":\"ImageObject\",\"@id\":\"https:\/\/www.lktwg.com\/en\/#personlogo\",\"inLanguage\":\"en-US\",\"url\":\"https:\/\/secure.gravatar.com\/avatar\/c0e2b7c0f015fe0d6c14ac0951d89111?s=96&d=mm&r=g\",\"caption\":\"Szymon Krupa\"}}]}<\/script>\n<!-- \/ Yoast SEO plugin. -->","_links":{"self":[{"href":"https:\/\/www.lktwg.com\/en\/wp-json\/wp\/v2\/posts\/1710"}],"collection":[{"href":"https:\/\/www.lktwg.com\/en\/wp-json\/wp\/v2\/posts"}],"about":[{"href":"https:\/\/www.lktwg.com\/en\/wp-json\/wp\/v2\/types\/post"}],"author":[{"embeddable":true,"href":"https:\/\/www.lktwg.com\/en\/wp-json\/wp\/v2\/users\/4"}],"replies":[{"embeddable":true,"href":"https:\/\/www.lktwg.com\/en\/wp-json\/wp\/v2\/comments?post=1710"}],"version-history":[{"count":1,"href":"https:\/\/www.lktwg.com\/en\/wp-json\/wp\/v2\/posts\/1710\/revisions"}],"predecessor-version":[{"id":1712,"href":"https:\/\/www.lktwg.com\/en\/wp-json\/wp\/v2\/posts\/1710\/revisions\/1712"}],"wp:featuredmedia":[{"embeddable":true,"href":"https:\/\/www.lktwg.com\/en\/wp-json\/wp\/v2\/media\/1713"}],"wp:attachment":[{"href":"https:\/\/www.lktwg.com\/en\/wp-json\/wp\/v2\/media?parent=1710"}],"wp:term":[{"taxonomy":"category","embeddable":true,"href":"https:\/\/www.lktwg.com\/en\/wp-json\/wp\/v2\/categories?post=1710"},{"taxonomy":"post_tag","embeddable":true,"href":"https:\/\/www.lktwg.com\/en\/wp-json\/wp\/v2\/tags?post=1710"}],"curies":[{"name":"wp","href":"https:\/\/api.w.org\/{rel}","templated":true}]}}