{"id":1701,"date":"2017-11-15T17:31:39","date_gmt":"2017-11-15T16:31:39","guid":{"rendered":"http:\/\/www.lktwg.com\/?p=1701"},"modified":"2017-11-15T22:36:58","modified_gmt":"2017-11-15T21:36:58","slug":"mistrzostwa-strefy-polnocnej-motocrossie-2017r-podsumowanie","status":"publish","type":"post","link":"https:\/\/www.lktwg.com\/en\/mistrzostwa-strefy-polnocnej-motocrossie-2017r-podsumowanie\/","title":{"rendered":"Mistrzostwa Strefy P\u00f3\u0142nocnej w Motocrossie 2017r- podsumowanie."},"content":{"rendered":"<p class=\"qtranxs-available-languages-message qtranxs-available-languages-message-en\">Sorry, this entry is only available in <a href=\"https:\/\/www.lktwg.com\/pl\/wp-json\/wp\/v2\/posts\/1701\" class=\"qtranxs-available-language-link qtranxs-available-language-link-pl\" title=\"Polski\">Polish<\/a>. For the sake of viewer convenience, the content is shown below in the alternative language. You may click the link to switch the active language.<\/p><style type=\"text\/css\"><\/style><p><\/p>\n<div id=\"js_f\" class=\"_5pbx userContent _3576\" data-ft=\"{&quot;tn&quot;:&quot;K&quot;}\">\n<p>Rywalizacja w Mistrzostwach Strefy P\u00f3\u0142nocnej 2017 w Motocrossie dobieg\u0142a ko\u0144ca. Ostatnie zawody w tegorocznej serii zosta\u0142y zorganizowane na pocz\u0105tku pa\u017adziernika w Gi\u017cycku, gdzie podczas 10 rundy ostatecznie zosta\u0142y rozdane tytu\u0142y mistrzowskie. Barwy naszego klubu reprezentowa\u0142o 4 zawodnik\u00f3w- r\u00f3wnie\u017c w 4 klasach.<br \/>\nW klasyfikacji generalnej klasy MX1C \u015bwietne 10 miejsce wywalczy\u0142 <a class=\"profileLink\" href=\"https:\/\/www.facebook.com\/profile.php?id=100007948097718&amp;fref=mentions\" data-hovercard=\"\/ajax\/hovercard\/user.php?id=100007948097718&amp;extragetparams=%7B%22fref%22%3A%22mentions%22%7D\" data-hovercard-prefer-more-content-show=\"1\">Miron Ma\u0144kowski<\/a>, kt\u00f3ry zgromadzi\u0142 474 punkty. Zapytali\u015bmy Mirona o to, jak ocenia swoje starty w MSP oraz plany na 2018r:<br \/>\n-Ka\u017cde zawody zaliczam do udanych, kiedy ko\u0144cz\u0119 je bez kontuzji, a ten sezon taki by\u0142-stwierdzi\u0142 Miron. Cz\u0119sto po zawodach pozostaje niedosyt. Gdy przeanalizuj\u0119 wy\u015bcig na spokojnie, prawie zawsze jestem przekonany, \u017ce mog\u0142em pojecha\u0107 lepiej, ale wi\u0105za\u0142oby si\u0119 to z du\u017co wi\u0119kszym ryzykiem. Por\u00f3wnuj\u0105c czasy z ubieg\u0142ego roku jest ma\u0142y progres. Niestety na wielu torach, z okr\u0105\u017cenia na okr\u0105\u017cenie daje si\u0119 odczu\u0107 brak si\u0142. Takimi przyk\u0142adami rund, kt\u00f3re utkwi\u0142y w mojej pami\u0119ci zaliczam tory w Ornecie oraz w Lidzbarku Warmi\u0144skim. S\u0105 to trasy o specyficznej nawierzchni, gdzie po kilku przejazdach powstaj\u0105 ogromne dziury, utrudniaj\u0105ce mi jazd\u0119. Najlepiej si\u0119 czuj\u0119 na twardych torach. Takimi s\u0105 tory m.in. w Che\u0142mnie i Kwidzynie. Najmilej jednak wspominam wy\u015bcig w Wi\u0119cborku ze wzgl\u0119du na panuj\u0105c\u0105 atmosfer\u0119 oraz du\u017c\u0105 ilo\u015b\u0107 bliskich kibic\u00f3w, kt\u00f3rzy mocno mnie dopingowali. Za wsparcie w tym sezonie szczeg\u00f3lne podzi\u0119kowania chcia\u0142bym skierowa\u0107 do mojego taty, kt\u00f3ry wielokrotnie mi towarzyszy i na kt\u00f3rego pomoc zawsze mog\u0119 liczy\u0107 podczas zawod\u00f3w i trening\u00f3w. Ponadto za wsparcie dzi\u0119kuj\u0119 firmom <a class=\"profileLink\" href=\"https:\/\/www.facebook.com\/maxmediacompl-oklejanie-pojazd\u00f3w-1175880305769889\/?fref=mentions\" data-hovercard=\"\/ajax\/hovercard\/page.php?id=1175880305769889&amp;extragetparams=%7B%22fref%22%3A%22mentions%22%7D\" data-hovercard-prefer-more-content-show=\"1\">maxmedia.com.pl &#8211; oklejanie pojazd\u00f3w<\/a>, <a class=\"profileLink\" href=\"https:\/\/www.facebook.com\/netkompbydgoszcz\/?fref=mentions\" data-hovercard=\"\/ajax\/hovercard\/page.php?id=154484437899415&amp;extragetparams=%7B%22fref%22%3A%22mentions%22%7D\" data-hovercard-prefer-more-content-show=\"1\">NetkompBydgoszcz<\/a>, <a class=\"profileLink\" href=\"https:\/\/www.facebook.com\/BydDrew\/?fref=mentions\" data-hovercard=\"\/ajax\/hovercard\/page.php?id=458072354403049&amp;extragetparams=%7B%22fref%22%3A%22mentions%22%7D\" data-hovercard-prefer-more-content-show=\"1\">BydDrew<\/a>. Co do plan\u00f3w na 2018 chc\u0119 poprawi\u0107 swoje wyniki z roku obecnego oraz zako\u0144czy\u0107 sezon bez kontuzji. My\u015bl\u0119, \u017ce b\u0119d\u0119 kontynuowa\u0142 jazd\u0119 w serii Mistrzostw Strefy P\u00f3\u0142nocnej.<\/p>\n<p>W klasie MX85 bardzo dobrze zaprezentowa\u0142 si\u0119 <a class=\"profileLink\" href=\"https:\/\/www.facebook.com\/Jan-Santus-1682612771993532\/?fref=mentions\" data-hovercard=\"\/ajax\/hovercard\/page.php?id=1682612771993532&amp;extragetparams=%7B%22fref%22%3A%22mentions%22%7D\" data-hovercard-prefer-more-content-show=\"1\">Jan Santus<\/a>, kt\u00f3ry sezon MSP ko\u0144czy na 5 miejscu. To kolejny rok w klasie motocykli o pojemno\u015bci 85ccm.<br \/>\n-Sezon oceniam do\u015b\u0107 dobrze ale zawsze mog\u0142o by\u0107 lepiej ,mimo nowego motocykla mia\u0142em awarie sprz\u0119tu i nie mog\u0142em wystartowa\u0107 w Sobie\u0144czycach i nie uko\u0144czy\u0142em zawod\u00f3w w Kwidzynie-wspomina Jan. W Gi\u017cycku te\u017c zatar\u0142 mi si\u0119 silnik. Mia\u0142o to wp\u0142yw na ko\u0144cowy wynik. Og\u00f3lnie ten sezon by\u0142 zaskakuj\u0105cy, bo np. podczas zawod\u00f3w w Che\u0142mnie pada\u0142 grad i jazda w takich warunkach by\u0142a do\u015b\u0107 ci\u0119\u017cka. Najlepiej wspominam Wi\u0119cbork bo mi si\u0119 tam najlepiej jecha\u0142o. Oczywi\u015bcie ciekawym do\u015bwiadczeniem by\u0142 start w rundzie Mistrzostw Europy w Cieszynie. Je\u015bli chodzi o moje plany, to w 2018r wystartuje na motocyklu Yamaha YZ 125, kt\u00f3ry jest du\u017co bardziej wymagaj\u0105cy.<\/p>\n<p>W klasie MX65 barwy Wycz\u00f3\u0142a reprezentowa\u0142 <a class=\"profileLink\" href=\"https:\/\/www.facebook.com\/Adam-Santus-944641178923080\/?fref=mentions\" data-hovercard=\"\/ajax\/hovercard\/page.php?id=944641178923080&amp;extragetparams=%7B%22fref%22%3A%22mentions%22%7D\" data-hovercard-prefer-more-content-show=\"1\">Adam Santus<\/a>, brat Jasia. Zdecydowanie jest to najlepszy sezon naszego najm\u0142odszego zawodnika. Tegoroczne \u015bciganie w Strefie P\u00f3\u0142nocnej zako\u0144czy\u0142 na 7 pozycji, co w por\u00f3wnaniu z 14 lokat\u0105 w 2016r oznacza znaczny progres.<br \/>\n-By\u0142o do\u015b\u0107 dobrze, zacz\u0105\u0142em je\u017adzi\u0107 szybciej, ale motocykl te\u017c mi kilka razy odm\u00f3wi\u0142 pos\u0142usze\u0144stwa- wspomina Ada\u015b. Najgorzej wspominam Gi\u017cycko bo by\u0142o straszne b\u0142oto i dodatkowo mia\u0142em awari\u0119 sprz\u0119tu. Najfajniejszy tor i ciekawe do\u015bwiadczenie to Cieszyn i start w finale rundy Mistrzostw Europy. W nowym sezonie 2018 przesiadam si\u0119 na mocniejszy motocykl o pojemno\u015bci 85ccm i chc\u0119 z bratem skupi\u0107 si\u0119 na startach w Mistrzostwach Polski.<\/p>\n<p>W klasie Master rywalizowa\u0142 <a class=\"profileLink\" href=\"https:\/\/www.facebook.com\/piotr.santus?fref=mentions\" data-hovercard=\"\/ajax\/hovercard\/user.php?id=100000105177341&amp;extragetparams=%7B%22fref%22%3A%22mentions%22%7D\" data-hovercard-prefer-more-content-show=\"1\">Piotr Santus<\/a>, kt\u00f3ry w klasyfikacji generalnej sezonu zaj\u0105\u0142 11 miejsce. Piotrek jako tata Jana i Adama \u0142\u0105czy funkcj\u0119 mechanika, trenera i szefa rodzinnego teamu:<br \/>\n-Je\u017cd\u017c\u0119 dla rozrywki, nie ryzykuj\u0119 nadmiernie bo mam \u015bwiadomo\u015b\u0107 ,\u017ce jestem g\u0142\u00f3wnym sponsorem:). Synowie s\u0105 priorytetem , wi\u0119c gdy jest ma\u0142o czasu lub trzeba my\u0107 motocykle z powodu trudnych warunk\u00f3w pogodowych albo sprz\u0119t szwankuje wtedy rezygnuj\u0119 ze startu, \u017ceby im pom\u00f3c- m\u00f3wi\u0142 Piotr. Najlepiej wspominam <a class=\"profileLink\" href=\"https:\/\/www.facebook.com\/pages\/Wi%C4%99cbork\/110386598989883?fref=mentions\" data-hovercard=\"\/ajax\/hovercard\/page.php?id=110386598989883&amp;extragetparams=%7B%22fref%22%3A%22mentions%22%7D\" data-hovercard-prefer-more-content-show=\"1\">Wi\u0119cbork<\/a>-mi\u0119kki tor i dobra organizacja. Z\u0142e wspomnienia mam z Lipna, gdzie mia\u0142em pecha, poniewa\u017c kamie\u0144 skrzywi\u0142 mi prowadnic\u0119 i spad\u0142 mi \u0142a\u0144cuch wykluczaj\u0105c mnie z rywalizacji. Ze swojej strony chc\u0119 podzi\u0119kowa\u0107 za du\u017ce wsparcie, jakie otrzymali\u015bmy z naszego klubu LKT Wycz\u00f3\u0142 Go\u015bcieradz, ponadto sponsorowi Jana i Adama- firmie <a class=\"profileLink\" href=\"https:\/\/www.facebook.com\/OponeoPL\/?fref=mentions\" data-hovercard=\"\/ajax\/hovercard\/page.php?id=350355660536&amp;extragetparams=%7B%22fref%22%3A%22mentions%22%7D\" data-hovercard-prefer-more-content-show=\"1\">Oponeo<\/a>, firmie <a class=\"profileLink\" href=\"https:\/\/www.facebook.com\/Motodreampl\/?fref=mentions\" data-hovercard=\"\/ajax\/hovercard\/page.php?id=136788413127836&amp;extragetparams=%7B%22fref%22%3A%22mentions%22%7D\" data-hovercard-prefer-more-content-show=\"1\">motodream.pl<\/a> z Bydgoszczy jak r\u00f3wnie\u017c Urz\u0119dowi Gminy <a class=\"profileLink\" href=\"https:\/\/www.facebook.com\/pages\/Nowa-Wie%C5%9B-Wielka-gmina\/115267015157569?fref=mentions\" data-hovercard=\"\/ajax\/hovercard\/page.php?id=115267015157569&amp;extragetparams=%7B%22fref%22%3A%22mentions%22%7D\" data-hovercard-prefer-more-content-show=\"1\">Nowa Wie\u015b Wielka (gmina)<\/a> . Bez nich starty w Strefie P\u00f3\u0142nocnej, Mistrzostwach Polski, Pucharze Polski i rundzie Mistrzostw Europy w Cieszynie oraz nadchodz\u0105cy start Jana w ME w Supercrossie w <a class=\"profileLink\" href=\"https:\/\/www.facebook.com\/ergoarena\/?fref=mentions\" data-hovercard=\"\/ajax\/hovercard\/page.php?id=149690331717005&amp;extragetparams=%7B%22fref%22%3A%22mentions%22%7D\" data-hovercard-prefer-more-content-show=\"1\">ERGO ARENA<\/a> by\u0142yby niemo\u017cliwe. W nast\u0119pnym roku g\u0142\u00f3wny nacisk b\u0119dzie na Mistrzostwa Polski i wsp\u00f3lnie z synami chcemy wystartowa\u0107 we wszystkich rundach.<\/p>\n<\/div>\n<p>Fot. Bogi Mas\u0142owiecka<\/p>","protected":false},"excerpt":{"rendered":"<p>Sorry, this entry is only available in Polish. For the sake of viewer convenience, the content is shown below in the alternative language. You may click the link to switch the active language. Rywalizacja w Mistrzostwach Strefy P\u00f3\u0142nocnej 2017 w Motocrossie dobieg\u0142a ko\u0144ca. Ostatnie zawody w tegorocznej serii zosta\u0142y zorganizowane na pocz\u0105tku pa\u017adziernika w Gi\u017cycku,&#8230;<\/p>\n","protected":false},"author":4,"featured_media":1699,"comment_status":"closed","ping_status":"open","sticky":false,"template":"","format":"gallery","meta":[],"categories":[12,13,15],"tags":[79,82],"yoast_head":"<!-- This site is optimized with the Yoast SEO plugin v15.2.1 - https:\/\/yoast.com\/wordpress\/plugins\/seo\/ -->\n<title>Mistrzostwa Strefy P\u00f3\u0142nocnej w Motocrossie 2017r- podsumowanie. - LKT Wycz\u00f3\u0142 Go\u015bcieradz Polska<\/title>\n<meta name=\"robots\" content=\"index, follow, max-snippet:-1, max-image-preview:large, max-video-preview:-1\" \/>\n<link rel=\"canonical\" href=\"https:\/\/www.lktwg.com\/en\/mistrzostwa-strefy-polnocnej-motocrossie-2017r-podsumowanie\/\" \/>\n<meta property=\"og:locale\" content=\"en_US\" \/>\n<meta property=\"og:type\" content=\"article\" \/>\n<meta property=\"og:title\" content=\"Mistrzostwa Strefy P\u00f3\u0142nocnej w Motocrossie 2017r- podsumowanie. - LKT Wycz\u00f3\u0142 Go\u015bcieradz Polska\" \/>\n<meta property=\"og:description\" content=\"Sorry, this entry is only available in Polish. For the sake of viewer convenience, the content is shown below in the alternative language. You may click the link to switch the active language. Rywalizacja w Mistrzostwach Strefy P\u00f3\u0142nocnej 2017 w Motocrossie dobieg\u0142a ko\u0144ca. Ostatnie zawody w tegorocznej serii zosta\u0142y zorganizowane na pocz\u0105tku pa\u017adziernika w Gi\u017cycku,...\" \/>\n<meta property=\"og:url\" content=\"https:\/\/www.lktwg.com\/en\/mistrzostwa-strefy-polnocnej-motocrossie-2017r-podsumowanie\/\" \/>\n<meta property=\"og:site_name\" content=\"LKT Wycz\u00f3\u0142 Go\u015bcieradz Polska\" \/>\n<meta property=\"article:publisher\" content=\"https:\/\/www.facebook.com\/lktwyczol\/\" \/>\n<meta property=\"article:published_time\" content=\"2017-11-15T16:31:39+00:00\" \/>\n<meta property=\"article:modified_time\" content=\"2017-11-15T21:36:58+00:00\" \/>\n<meta property=\"og:image\" content=\"https:\/\/www.lktwg.com\/wp-content\/uploads\/2017\/11\/DSC_8595.jpg\" \/>\n\t<meta property=\"og:image:width\" content=\"5081\" \/>\n\t<meta property=\"og:image:height\" content=\"3475\" \/>\n<meta name=\"twitter:card\" content=\"summary\" \/>\n<meta name=\"twitter:label1\" content=\"Written by\">\n\t<meta name=\"twitter:data1\" content=\"Szymon Krupa\">\n\t<meta name=\"twitter:label2\" content=\"Est. reading time\">\n\t<meta name=\"twitter:data2\" content=\"3 minutes\">\n<script type=\"application\/ld+json\" class=\"yoast-schema-graph\">{\"@context\":\"https:\/\/schema.org\",\"@graph\":[{\"@type\":\"WebSite\",\"@id\":\"https:\/\/www.lktwg.com\/en\/#website\",\"url\":\"https:\/\/www.lktwg.com\/en\/\",\"name\":\"LKT Wycz\\u00f3\\u0142 Go\\u015bcieradz Polska\",\"description\":\"Ludowy Klub Turystyczny\",\"potentialAction\":[{\"@type\":\"SearchAction\",\"target\":\"https:\/\/www.lktwg.com\/en\/?s={search_term_string}\",\"query-input\":\"required name=search_term_string\"}],\"inLanguage\":\"en-US\"},{\"@type\":\"ImageObject\",\"@id\":\"https:\/\/www.lktwg.com\/en\/mistrzostwa-strefy-polnocnej-motocrossie-2017r-podsumowanie\/#primaryimage\",\"inLanguage\":\"en-US\",\"url\":\"https:\/\/www.lktwg.com\/wp-content\/uploads\/2017\/11\/DSC_8595.jpg\",\"width\":5081,\"height\":3475},{\"@type\":\"WebPage\",\"@id\":\"https:\/\/www.lktwg.com\/en\/mistrzostwa-strefy-polnocnej-motocrossie-2017r-podsumowanie\/#webpage\",\"url\":\"https:\/\/www.lktwg.com\/en\/mistrzostwa-strefy-polnocnej-motocrossie-2017r-podsumowanie\/\",\"name\":\"Mistrzostwa Strefy P\\u00f3\\u0142nocnej w Motocrossie 2017r- podsumowanie. - LKT Wycz\\u00f3\\u0142 Go\\u015bcieradz Polska\",\"isPartOf\":{\"@id\":\"https:\/\/www.lktwg.com\/en\/#website\"},\"primaryImageOfPage\":{\"@id\":\"https:\/\/www.lktwg.com\/en\/mistrzostwa-strefy-polnocnej-motocrossie-2017r-podsumowanie\/#primaryimage\"},\"datePublished\":\"2017-11-15T16:31:39+00:00\",\"dateModified\":\"2017-11-15T21:36:58+00:00\",\"author\":{\"@id\":\"https:\/\/www.lktwg.com\/en\/#\/schema\/person\/6bdf16306d63f6890497ce5c248c00ab\"},\"inLanguage\":\"en-US\",\"potentialAction\":[{\"@type\":\"ReadAction\",\"target\":[\"https:\/\/www.lktwg.com\/en\/mistrzostwa-strefy-polnocnej-motocrossie-2017r-podsumowanie\/\"]}]},{\"@type\":\"Person\",\"@id\":\"https:\/\/www.lktwg.com\/en\/#\/schema\/person\/6bdf16306d63f6890497ce5c248c00ab\",\"name\":\"Szymon Krupa\",\"image\":{\"@type\":\"ImageObject\",\"@id\":\"https:\/\/www.lktwg.com\/en\/#personlogo\",\"inLanguage\":\"en-US\",\"url\":\"https:\/\/secure.gravatar.com\/avatar\/c0e2b7c0f015fe0d6c14ac0951d89111?s=96&d=mm&r=g\",\"caption\":\"Szymon Krupa\"}}]}<\/script>\n<!-- \/ Yoast SEO plugin. -->","_links":{"self":[{"href":"https:\/\/www.lktwg.com\/en\/wp-json\/wp\/v2\/posts\/1701"}],"collection":[{"href":"https:\/\/www.lktwg.com\/en\/wp-json\/wp\/v2\/posts"}],"about":[{"href":"https:\/\/www.lktwg.com\/en\/wp-json\/wp\/v2\/types\/post"}],"author":[{"embeddable":true,"href":"https:\/\/www.lktwg.com\/en\/wp-json\/wp\/v2\/users\/4"}],"replies":[{"embeddable":true,"href":"https:\/\/www.lktwg.com\/en\/wp-json\/wp\/v2\/comments?post=1701"}],"version-history":[{"count":3,"href":"https:\/\/www.lktwg.com\/en\/wp-json\/wp\/v2\/posts\/1701\/revisions"}],"predecessor-version":[{"id":1704,"href":"https:\/\/www.lktwg.com\/en\/wp-json\/wp\/v2\/posts\/1701\/revisions\/1704"}],"wp:featuredmedia":[{"embeddable":true,"href":"https:\/\/www.lktwg.com\/en\/wp-json\/wp\/v2\/media\/1699"}],"wp:attachment":[{"href":"https:\/\/www.lktwg.com\/en\/wp-json\/wp\/v2\/media?parent=1701"}],"wp:term":[{"taxonomy":"category","embeddable":true,"href":"https:\/\/www.lktwg.com\/en\/wp-json\/wp\/v2\/categories?post=1701"},{"taxonomy":"post_tag","embeddable":true,"href":"https:\/\/www.lktwg.com\/en\/wp-json\/wp\/v2\/tags?post=1701"}],"curies":[{"name":"wp","href":"https:\/\/api.w.org\/{rel}","templated":true}]}}