{"id":1689,"date":"2017-11-14T18:55:41","date_gmt":"2017-11-14T17:55:41","guid":{"rendered":"http:\/\/www.lktwg.com\/?p=1689"},"modified":"2017-11-14T18:59:17","modified_gmt":"2017-11-14T17:59:17","slug":"jan-santus-wystapi-mistrzostwach-europy-supercrossie","status":"publish","type":"post","link":"https:\/\/www.lktwg.com\/en\/jan-santus-wystapi-mistrzostwach-europy-supercrossie\/","title":{"rendered":"Jan Santus wyst\u0105pi w Mistrzostwach Europy w Supercrossie"},"content":{"rendered":"<p class=\"qtranxs-available-languages-message qtranxs-available-languages-message-en\">Sorry, this entry is only available in <a href=\"https:\/\/www.lktwg.com\/pl\/wp-json\/wp\/v2\/posts\/1689\" class=\"qtranxs-available-language-link qtranxs-available-language-link-pl\" title=\"Polski\">Polish<\/a>. For the sake of viewer convenience, the content is shown below in the alternative language. You may click the link to switch the active language.<\/p><style type=\"text\/css\"><\/style><p>Panie i Panowie!<br \/>\nMocno trzymamy kciuki za naszego klubowicza, kt\u00f3ry ju\u017c 18.11.2017 zmierzy si\u0119 z najszybszymi zawodnikami starego kontynentu w klasie MX85 na specjalnie przygotowanym torze w <a class=\"profileLink\" href=\"https:\/\/www.facebook.com\/ergoarena\/?fref=mentions\" data-hovercard=\"\/ajax\/hovercard\/page.php?id=149690331717005&amp;extragetparams=%7B%22fref%22%3A%22mentions%22%7D\" data-hovercard-prefer-more-content-show=\"1\">ERGO ARENA<\/a> w Gda\u0144sku. B\u0119dzie to pierwsza impreza rangi Mistrzostw Europy w Polsce Supercrossie.<\/p>\n<div class=\"text_exposed_show\">\n<p><a class=\"profileLink\" href=\"https:\/\/www.facebook.com\/OponeoPL\/?fref=mentions\" data-hovercard=\"\/ajax\/hovercard\/page.php?id=350355660536&amp;extragetparams=%7B%22fref%22%3A%22mentions%22%7D\" data-hovercard-prefer-more-content-show=\"1\">Oponeo<\/a><br \/>\n<a class=\"profileLink\" href=\"https:\/\/www.facebook.com\/Motodreampl\/?fref=mentions\" data-hovercard=\"\/ajax\/hovercard\/page.php?id=136788413127836&amp;extragetparams=%7B%22fref%22%3A%22mentions%22%7D\" data-hovercard-prefer-more-content-show=\"1\">motodream.pl<\/a><br \/>\n<a class=\"profileLink\" href=\"https:\/\/www.facebook.com\/pages\/Nowa-Wie%C5%9B-Wielka-gmina\/115267015157569?fref=mentions\" data-hovercard=\"\/ajax\/hovercard\/page.php?id=115267015157569&amp;extragetparams=%7B%22fref%22%3A%22mentions%22%7D\" data-hovercard-prefer-more-content-show=\"1\">Nowa Wie\u015b Wielka (gmina)<\/a><br \/>\n<a class=\"_58cn\" href=\"https:\/\/www.facebook.com\/hashtag\/medycynaspecjalistyczna?source=feed_text&amp;story_id=752606564948953\" data-ft=\"{&quot;tn&quot;:&quot;*N&quot;,&quot;type&quot;:104}\"><span class=\"_5afx\"><span class=\"_58cl _5afz\" aria-label=\"znacznik #\">#<\/span><span class=\"_58cm\">MedycynaSpecjalistyczna<\/span><\/span><\/a> sp\u00f3\u0142ka z.o.o Bydgoszcz<br \/>\n<a class=\"profileLink\" href=\"https:\/\/www.facebook.com\/lktwyczol\/?fref=mentions\" data-hovercard=\"\/ajax\/hovercard\/page.php?id=186739218202360&amp;extragetparams=%7B%22fref%22%3A%22mentions%22%7D\" data-hovercard-prefer-more-content-show=\"1\">LKT &#8220;Wycz\u00f3\u0142&#8221; Go\u015bcieradz<\/a><\/p>\n<p>Fot. <a class=\"profileLink\" href=\"https:\/\/www.facebook.com\/events\/1587126321306516\/?acontext=%7B%22source%22%3A3%2C%22source_newsfeed_story_type%22%3A%22regular%22%2C%22action_history%22%3A%22%5B%7B%5C%22surface%5C%22%3A%5C%22newsfeed%5C%22%2C%5C%22mechanism%5C%22%3A%5C%22feed_story%5C%22%2C%5C%22extra_data%5C%22%3A%5B%5D%7D%5D%22%2C%22has_source%22%3Atrue%7D&amp;source=3&amp;source_newsfeed_story_type=regular&amp;action_history=%5B%7B%22surface%22%3A%22newsfeed%22%2C%22mechanism%22%3A%22feed_story%22%2C%22extra_data%22%3A%5B%5D%7D%5D&amp;has_source=1&amp;fref=mentions\" data-hovercard=\"\/ajax\/hovercard\/event.php?id=1587126321306516&amp;extragetparams=%7B%22source%22%3A3%2C%22source_newsfeed_story_type%22%3A%22regular%22%2C%22action_history%22%3A%22%5B%7B%5C%22surface%5C%22%3A%5C%22newsfeed%5C%22%2C%5C%22mechanism%5C%22%3A%5C%22feed_story%5C%22%2C%5C%22extra_data%5C%22%3A%5B%5D%7D%5D%22%2C%22has_source%22%3Atrue%2C%22fref%22%3A%22mentions%22%7D\" data-hovercard-prefer-more-content-show=\"1\">Supercross &#8211; King of Poland &#8211; Gda\u0144sk 2017<\/a><\/p>\n<\/div>\n<p><\/p>","protected":false},"excerpt":{"rendered":"<p>Sorry, this entry is only available in Polish. For the sake of viewer convenience, the content is shown below in the alternative language. You may click the link to switch the active language.Panie i Panowie! Mocno trzymamy kciuki za naszego klubowicza, kt\u00f3ry ju\u017c 18.11.2017 zmierzy si\u0119 z najszybszymi zawodnikami starego kontynentu w klasie MX85 na&#8230;<\/p>\n","protected":false},"author":4,"featured_media":0,"comment_status":"closed","ping_status":"open","sticky":false,"template":"","format":"image","meta":[],"categories":[13],"tags":[82,157],"yoast_head":"<!-- This site is optimized with the Yoast SEO plugin v15.2.1 - https:\/\/yoast.com\/wordpress\/plugins\/seo\/ -->\n<title>Jan Santus wyst\u0105pi w Mistrzostwach Europy w Supercrossie - LKT Wycz\u00f3\u0142 Go\u015bcieradz Polska<\/title>\n<meta name=\"robots\" content=\"index, follow, max-snippet:-1, max-image-preview:large, max-video-preview:-1\" \/>\n<link rel=\"canonical\" href=\"https:\/\/www.lktwg.com\/jan-santus-wystapi-mistrzostwach-europy-supercrossie\/\" \/>\n<meta property=\"og:locale\" content=\"en_US\" \/>\n<meta property=\"og:type\" content=\"article\" \/>\n<meta property=\"og:title\" content=\"Jan Santus wyst\u0105pi w Mistrzostwach Europy w Supercrossie - LKT Wycz\u00f3\u0142 Go\u015bcieradz Polska\" \/>\n<meta property=\"og:description\" content=\"Sorry, this entry is only available in Polish. For the sake of viewer convenience, the content is shown below in the alternative language. You may click the link to switch the active language.Panie i Panowie! Mocno trzymamy kciuki za naszego klubowicza, kt\u00f3ry ju\u017c 18.11.2017 zmierzy si\u0119 z najszybszymi zawodnikami starego kontynentu w klasie MX85 na...\" \/>\n<meta property=\"og:url\" content=\"https:\/\/www.lktwg.com\/jan-santus-wystapi-mistrzostwach-europy-supercrossie\/\" \/>\n<meta property=\"og:site_name\" content=\"LKT Wycz\u00f3\u0142 Go\u015bcieradz Polska\" \/>\n<meta property=\"article:publisher\" content=\"https:\/\/www.facebook.com\/lktwyczol\/\" \/>\n<meta property=\"article:published_time\" content=\"2017-11-14T17:55:41+00:00\" \/>\n<meta property=\"article:modified_time\" content=\"2017-11-14T17:59:17+00:00\" \/>\n<meta name=\"twitter:card\" content=\"summary\" \/>\n<meta name=\"twitter:label1\" content=\"Written by\">\n\t<meta name=\"twitter:data1\" content=\"Szymon Krupa\">\n\t<meta name=\"twitter:label2\" content=\"Est. reading time\">\n\t<meta name=\"twitter:data2\" content=\"0 minutes\">\n<script type=\"application\/ld+json\" class=\"yoast-schema-graph\">{\"@context\":\"https:\/\/schema.org\",\"@graph\":[{\"@type\":\"WebSite\",\"@id\":\"https:\/\/www.lktwg.com\/en\/#website\",\"url\":\"https:\/\/www.lktwg.com\/en\/\",\"name\":\"LKT Wycz\\u00f3\\u0142 Go\\u015bcieradz Polska\",\"description\":\"Ludowy Klub Turystyczny\",\"potentialAction\":[{\"@type\":\"SearchAction\",\"target\":\"https:\/\/www.lktwg.com\/en\/?s={search_term_string}\",\"query-input\":\"required name=search_term_string\"}],\"inLanguage\":\"en-US\"},{\"@type\":\"WebPage\",\"@id\":\"https:\/\/www.lktwg.com\/jan-santus-wystapi-mistrzostwach-europy-supercrossie\/#webpage\",\"url\":\"https:\/\/www.lktwg.com\/jan-santus-wystapi-mistrzostwach-europy-supercrossie\/\",\"name\":\"Jan Santus wyst\\u0105pi w Mistrzostwach Europy w Supercrossie - LKT Wycz\\u00f3\\u0142 Go\\u015bcieradz Polska\",\"isPartOf\":{\"@id\":\"https:\/\/www.lktwg.com\/en\/#website\"},\"datePublished\":\"2017-11-14T17:55:41+00:00\",\"dateModified\":\"2017-11-14T17:59:17+00:00\",\"author\":{\"@id\":\"https:\/\/www.lktwg.com\/en\/#\/schema\/person\/6bdf16306d63f6890497ce5c248c00ab\"},\"inLanguage\":\"en-US\",\"potentialAction\":[{\"@type\":\"ReadAction\",\"target\":[\"https:\/\/www.lktwg.com\/jan-santus-wystapi-mistrzostwach-europy-supercrossie\/\"]}]},{\"@type\":\"Person\",\"@id\":\"https:\/\/www.lktwg.com\/en\/#\/schema\/person\/6bdf16306d63f6890497ce5c248c00ab\",\"name\":\"Szymon Krupa\",\"image\":{\"@type\":\"ImageObject\",\"@id\":\"https:\/\/www.lktwg.com\/en\/#personlogo\",\"inLanguage\":\"en-US\",\"url\":\"https:\/\/secure.gravatar.com\/avatar\/c0e2b7c0f015fe0d6c14ac0951d89111?s=96&d=mm&r=g\",\"caption\":\"Szymon Krupa\"}}]}<\/script>\n<!-- \/ Yoast SEO plugin. -->","_links":{"self":[{"href":"https:\/\/www.lktwg.com\/en\/wp-json\/wp\/v2\/posts\/1689"}],"collection":[{"href":"https:\/\/www.lktwg.com\/en\/wp-json\/wp\/v2\/posts"}],"about":[{"href":"https:\/\/www.lktwg.com\/en\/wp-json\/wp\/v2\/types\/post"}],"author":[{"embeddable":true,"href":"https:\/\/www.lktwg.com\/en\/wp-json\/wp\/v2\/users\/4"}],"replies":[{"embeddable":true,"href":"https:\/\/www.lktwg.com\/en\/wp-json\/wp\/v2\/comments?post=1689"}],"version-history":[{"count":1,"href":"https:\/\/www.lktwg.com\/en\/wp-json\/wp\/v2\/posts\/1689\/revisions"}],"predecessor-version":[{"id":1691,"href":"https:\/\/www.lktwg.com\/en\/wp-json\/wp\/v2\/posts\/1689\/revisions\/1691"}],"wp:attachment":[{"href":"https:\/\/www.lktwg.com\/en\/wp-json\/wp\/v2\/media?parent=1689"}],"wp:term":[{"taxonomy":"category","embeddable":true,"href":"https:\/\/www.lktwg.com\/en\/wp-json\/wp\/v2\/categories?post=1689"},{"taxonomy":"post_tag","embeddable":true,"href":"https:\/\/www.lktwg.com\/en\/wp-json\/wp\/v2\/tags?post=1689"}],"curies":[{"name":"wp","href":"https:\/\/api.w.org\/{rel}","templated":true}]}}