{"id":1272,"date":"2017-09-07T18:03:16","date_gmt":"2017-09-07T16:03:16","guid":{"rendered":"http:\/\/www.lktwg.com\/?p=1272"},"modified":"2017-09-12T08:23:17","modified_gmt":"2017-09-12T06:23:17","slug":"zawodnicy-wyczola-podium-supermoto","status":"publish","type":"post","link":"https:\/\/www.lktwg.com\/en\/zawodnicy-wyczola-podium-supermoto\/","title":{"rendered":"Zawodnicy Wycz\u00f3\u0142a na podium Supermoto"},"content":{"rendered":"<p class=\"qtranxs-available-languages-message qtranxs-available-languages-message-en\">Sorry, this entry is only available in <a href=\"https:\/\/www.lktwg.com\/pl\/wp-json\/wp\/v2\/posts\/1272\" class=\"qtranxs-available-language-link qtranxs-available-language-link-pl\" title=\"Polski\">Polish<\/a>. For the sake of viewer convenience, the content is shown below in the alternative language. You may click the link to switch the active language.<\/p><style type=\"text\/css\"><\/style><p>W minion\u0105 sobot\u0119 na <a class=\"profileLink\" href=\"https:\/\/www.facebook.com\/kartodrombyd\/?fref=mentions\" data-hovercard=\"\/ajax\/hovercard\/page.php?id=336127443217802&amp;extragetparams=%7B%22fref%22%3A%22mentions%22%7D\" data-hovercard-prefer-more-content-show=\"1\">Kartodrom Bydgoszcz<\/a> zosta\u0142a rozegrana ostatnia runda Mistrzostw Polski i Pucharu Polski w Supermoto, kt\u00f3ra mia\u0142a wy\u0142oni\u0107 najlepszych kierowc\u00f3w tego sezonu. O ile sobotnia aura straszy\u0142a nas jedynie szarymi chmurami to pi\u0105tek obfitowa\u0142 w opady deszczu, kt\u00f3re skutecznie rozmy\u0142y przygotowany przez nas odcinek terenowy. W efekcie jako organizator zdecydowali\u015bmy si\u0119 na odwo\u0142anie sekcji off road, poniewa\u017c przejazd przez t\u0119 c<span class=\"text_exposed_show\">z\u0119\u015b\u0107 trasy nie gwarantowa\u0142 odpowiedniego poziomu bezpiecze\u0144stwa zawodnik\u00f3w.<br \/>\n\u0141\u0105cznie na stracie do VII rundy zg\u0142osi\u0142o si\u0119 70 motocyklist\u00f3w, co jak na ostatni\u0105 rund\u0119 jest dobr\u0105 frekwencj\u0105. W dw\u00f3ch wy\u015bcigach klasy Mistrzostw Polski wystartowa\u0142o 3 zawodnik\u00f3w LKT Wycz\u00f3\u0142 Go\u015bcieradz. Rewelacyjnie w obu biegach pojecha\u0142 wracaj\u0105cy po kontuzji <a class=\"profileLink\" href=\"https:\/\/www.facebook.com\/profile.php?id=100011581444073&amp;fref=mentions\" data-hovercard=\"\/ajax\/hovercard\/user.php?id=100011581444073&amp;extragetparams=%7B%22fref%22%3A%22mentions%22%7D\" data-hovercard-prefer-more-content-show=\"1\">Micha\u0142 Pawlik<\/a>, kt\u00f3ry zdoby\u0142 do klasyfikacji sezonu 50 punkt\u00f3w i stan\u0105\u0142 na najwy\u017cszym stopniu podium bydgoskiej rundy. S\u0142owa uznania nale\u017c\u0105 si\u0119 dla Marcina Rybskiego, kt\u00f3ry zaj\u0105\u0142 3 miejsce zdobywaj\u0105c 38 punkt\u00f3w zapewni\u0142 sobie r\u00f3wnie\u017c 4 miejsce w klasyfikacji generalnej! O pechu mo\u017ce m\u00f3wi\u0107 <a class=\"profileLink\" href=\"https:\/\/www.facebook.com\/maciej.wisniewski.731?fref=mentions\" data-hovercard=\"\/ajax\/hovercard\/user.php?id=100003843341679&amp;extragetparams=%7B%22fref%22%3A%22mentions%22%7D\" data-hovercard-prefer-more-content-show=\"1\">Maciej Wi\u015bniewski<\/a>, kt\u00f3ry w pierwszym biegu dojecha\u0142 na 4 pozycji, ale w drugim zaliczy\u0142 upadek, co w efekcie skutkowa\u0142o kontuzj\u0105 \u0142opatki i wykluczeniem z dalszego \u015bcigania. Trzymamy kciuki za szybki powr\u00f3t do zdrowia.<\/span><\/p>\n<p><span class=\"text_exposed_show\">W mocno obsadzonej klasie Pucharu Polski C2 wystartowa\u0142o naszych dw\u00f3ch reprezentant\u00f3w, dla kt\u00f3rych ten sezon by\u0142 debiutem. 21 punkt\u00f3w do klasyfikacji generalnej dorzuci\u0142 <a class=\"profileLink\" href=\"https:\/\/www.facebook.com\/dominik.dabrowski.79?fref=mentions\" data-hovercard=\"\/ajax\/hovercard\/user.php?id=1283793788&amp;extragetparams=%7B%22fref%22%3A%22mentions%22%7D\" data-hovercard-prefer-more-content-show=\"1\">Dominik Dabrowski<\/a>, kt\u00f3ry ostatecznie rok zmaga\u0144 zako\u0144czy\u0142 na 18 pozycji, a sobotnie zawody na 10 pozycji . Oczko wy\u017cej w tabeli sezonu uplasowa\u0142 si\u0119 nasz kolejny zawodnik Maciej Michalski, kt\u00f3ry na VII rundzie zaj\u0105\u0142 24 miejsce.<br \/>\nR\u00f3wnie\u017c dw\u00f3ch zawodnik\u00f3w LKT Wycz\u00f3\u0142 Go\u015bcieradz rywalizowa\u0142o w klasie <a class=\"profileLink\" href=\"https:\/\/www.facebook.com\/PITBIKEMRF\/?fref=mentions\" data-hovercard=\"\/ajax\/hovercard\/page.php?id=445142635538171&amp;extragetparams=%7B%22fref%22%3A%22mentions%22%7D\" data-hovercard-prefer-more-content-show=\"1\">PitBike MRF<\/a> Cup. Na 10 pozycji zawody uko\u0144czy\u0142 Kacper Prusak, a 14 lokat\u0119 wywalczy\u0142 Remigiusz Prus. Rywalizacja w tej klasie z roku na rok nabiera tempa, a frekwencja nie s\u0142abnie i wszystko wskazuje na to, \u017ce sezon 2018r Pit Bike b\u0119dzie najciekawszym z dotychczasowych.<\/span><\/p>\n<div class=\"text_exposed_show\">\n<p>Serdecznie dzi\u0119kujemy sponsorom za wsparcie w organizacji zawod\u00f3w: <a class=\"profileLink\" href=\"https:\/\/www.facebook.com\/Wilmat-352025114823344\/?fref=mentions\" data-hovercard=\"\/ajax\/hovercard\/page.php?id=352025114823344&amp;extragetparams=%7B%22fref%22%3A%22mentions%22%7D\" data-hovercard-prefer-more-content-show=\"1\">Wilmat<\/a>, <a class=\"profileLink\" href=\"https:\/\/www.facebook.com\/PITBIKEMRF\/?fref=mentions\" data-hovercard=\"\/ajax\/hovercard\/page.php?id=445142635538171&amp;extragetparams=%7B%22fref%22%3A%22mentions%22%7D\" data-hovercard-prefer-more-content-show=\"1\">PitBike MRF<\/a>, <a class=\"profileLink\" href=\"https:\/\/www.facebook.com\/novabikecb\/?fref=mentions\" data-hovercard=\"\/ajax\/hovercard\/page.php?id=641359435993808&amp;extragetparams=%7B%22fref%22%3A%22mentions%22%7D\" data-hovercard-prefer-more-content-show=\"1\">NOVA BIKE<\/a>, <a class=\"profileLink\" href=\"https:\/\/www.facebook.com\/SklepNa2Kolach\/?fref=mentions\" data-hovercard=\"\/ajax\/hovercard\/page.php?id=982564108495443&amp;extragetparams=%7B%22fref%22%3A%22mentions%22%7D\" data-hovercard-prefer-more-content-show=\"1\">Sklep na 2 ko\u0142ach<\/a>, <a class=\"profileLink\" href=\"https:\/\/www.facebook.com\/intermotorsbyd\/?fref=mentions\" data-hovercard=\"\/ajax\/hovercard\/page.php?id=757949354271898&amp;extragetparams=%7B%22fref%22%3A%22mentions%22%7D\" data-hovercard-prefer-more-content-show=\"1\">Inter Motors Bydgoszcz<\/a>, <a class=\"profileLink\" href=\"https:\/\/www.facebook.com\/Motodreampl\/?fref=mentions\" data-hovercard=\"\/ajax\/hovercard\/page.php?id=136788413127836&amp;extragetparams=%7B%22fref%22%3A%22mentions%22%7D\" data-hovercard-prefer-more-content-show=\"1\">motodream.pl<\/a>, Dealer <a class=\"profileLink\" href=\"https:\/\/www.facebook.com\/BmwDynamicMotors\/?fref=mentions\" data-hovercard=\"\/ajax\/hovercard\/page.php?id=420431537971389&amp;extragetparams=%7B%22fref%22%3A%22mentions%22%7D\" data-hovercard-prefer-more-content-show=\"1\">BMW Dynamic Motors<\/a>, AZIA Z.Stelmach, <a class=\"profileLink\" href=\"https:\/\/www.facebook.com\/Best-Motors-714960398559120\/?fref=mentions\" data-hovercard=\"\/ajax\/hovercard\/page.php?id=714960398559120&amp;extragetparams=%7B%22fref%22%3A%22mentions%22%7D\" data-hovercard-prefer-more-content-show=\"1\">Best-Motors<\/a><\/p>\n<p>Fot. <a class=\"profileLink\" href=\"https:\/\/www.facebook.com\/profile.php?id=100004351981947&amp;fref=mentions\" data-hovercard=\"\/ajax\/hovercard\/user.php?id=100004351981947&amp;extragetparams=%7B%22fref%22%3A%22mentions%22%7D\" data-hovercard-prefer-more-content-show=\"1\">Tomek Sza\u0142apski<\/a> \u2013 dzi\u0119kujemy za \u015bwietne uj\u0119cia.<\/p>\n<\/div>\n<p><\/p>","protected":false},"excerpt":{"rendered":"<p>Sorry, this entry is only available in Polish. For the sake of viewer convenience, the content is shown below in the alternative language. You may click the link to switch the active language.W minion\u0105 sobot\u0119 na Kartodrom Bydgoszcz zosta\u0142a rozegrana ostatnia runda Mistrzostw Polski i Pucharu Polski w Supermoto, kt\u00f3ra mia\u0142a wy\u0142oni\u0107 najlepszych kierowc\u00f3w tego&#8230;<\/p>\n","protected":false},"author":4,"featured_media":0,"comment_status":"closed","ping_status":"open","sticky":false,"template":"","format":"gallery","meta":[],"categories":[1],"tags":[136,142,93,60,143],"yoast_head":"<!-- This site is optimized with the Yoast SEO plugin v15.2.1 - https:\/\/yoast.com\/wordpress\/plugins\/seo\/ -->\n<title>Zawodnicy Wycz\u00f3\u0142a na podium Supermoto - LKT Wycz\u00f3\u0142 Go\u015bcieradz Polska<\/title>\n<meta name=\"robots\" content=\"index, follow, max-snippet:-1, max-image-preview:large, max-video-preview:-1\" \/>\n<link rel=\"canonical\" href=\"https:\/\/www.lktwg.com\/en\/zawodnicy-wyczola-podium-supermoto\/\" \/>\n<meta property=\"og:locale\" content=\"en_US\" \/>\n<meta property=\"og:type\" content=\"article\" \/>\n<meta property=\"og:title\" content=\"Zawodnicy Wycz\u00f3\u0142a na podium Supermoto - LKT Wycz\u00f3\u0142 Go\u015bcieradz Polska\" \/>\n<meta property=\"og:description\" content=\"Sorry, this entry is only available in Polish. For the sake of viewer convenience, the content is shown below in the alternative language. You may click the link to switch the active language.W minion\u0105 sobot\u0119 na Kartodrom Bydgoszcz zosta\u0142a rozegrana ostatnia runda Mistrzostw Polski i Pucharu Polski w Supermoto, kt\u00f3ra mia\u0142a wy\u0142oni\u0107 najlepszych kierowc\u00f3w tego...\" \/>\n<meta property=\"og:url\" content=\"https:\/\/www.lktwg.com\/en\/zawodnicy-wyczola-podium-supermoto\/\" \/>\n<meta property=\"og:site_name\" content=\"LKT Wycz\u00f3\u0142 Go\u015bcieradz Polska\" \/>\n<meta property=\"article:publisher\" content=\"https:\/\/www.facebook.com\/lktwyczol\/\" \/>\n<meta property=\"article:published_time\" content=\"2017-09-07T16:03:16+00:00\" \/>\n<meta property=\"article:modified_time\" content=\"2017-09-12T06:23:17+00:00\" \/>\n<meta name=\"twitter:card\" content=\"summary\" \/>\n<meta name=\"twitter:label1\" content=\"Written by\">\n\t<meta name=\"twitter:data1\" content=\"Szymon Krupa\">\n\t<meta name=\"twitter:label2\" content=\"Est. reading time\">\n\t<meta name=\"twitter:data2\" content=\"2 minutes\">\n<script type=\"application\/ld+json\" class=\"yoast-schema-graph\">{\"@context\":\"https:\/\/schema.org\",\"@graph\":[{\"@type\":\"WebSite\",\"@id\":\"https:\/\/www.lktwg.com\/en\/#website\",\"url\":\"https:\/\/www.lktwg.com\/en\/\",\"name\":\"LKT Wycz\\u00f3\\u0142 Go\\u015bcieradz Polska\",\"description\":\"Ludowy Klub Turystyczny\",\"potentialAction\":[{\"@type\":\"SearchAction\",\"target\":\"https:\/\/www.lktwg.com\/en\/?s={search_term_string}\",\"query-input\":\"required name=search_term_string\"}],\"inLanguage\":\"en-US\"},{\"@type\":\"WebPage\",\"@id\":\"https:\/\/www.lktwg.com\/en\/zawodnicy-wyczola-podium-supermoto\/#webpage\",\"url\":\"https:\/\/www.lktwg.com\/en\/zawodnicy-wyczola-podium-supermoto\/\",\"name\":\"Zawodnicy Wycz\\u00f3\\u0142a na podium Supermoto - LKT Wycz\\u00f3\\u0142 Go\\u015bcieradz Polska\",\"isPartOf\":{\"@id\":\"https:\/\/www.lktwg.com\/en\/#website\"},\"datePublished\":\"2017-09-07T16:03:16+00:00\",\"dateModified\":\"2017-09-12T06:23:17+00:00\",\"author\":{\"@id\":\"https:\/\/www.lktwg.com\/en\/#\/schema\/person\/6bdf16306d63f6890497ce5c248c00ab\"},\"inLanguage\":\"en-US\",\"potentialAction\":[{\"@type\":\"ReadAction\",\"target\":[\"https:\/\/www.lktwg.com\/en\/zawodnicy-wyczola-podium-supermoto\/\"]}]},{\"@type\":\"Person\",\"@id\":\"https:\/\/www.lktwg.com\/en\/#\/schema\/person\/6bdf16306d63f6890497ce5c248c00ab\",\"name\":\"Szymon Krupa\",\"image\":{\"@type\":\"ImageObject\",\"@id\":\"https:\/\/www.lktwg.com\/en\/#personlogo\",\"inLanguage\":\"en-US\",\"url\":\"https:\/\/secure.gravatar.com\/avatar\/c0e2b7c0f015fe0d6c14ac0951d89111?s=96&d=mm&r=g\",\"caption\":\"Szymon Krupa\"}}]}<\/script>\n<!-- \/ Yoast SEO plugin. -->","_links":{"self":[{"href":"https:\/\/www.lktwg.com\/en\/wp-json\/wp\/v2\/posts\/1272"}],"collection":[{"href":"https:\/\/www.lktwg.com\/en\/wp-json\/wp\/v2\/posts"}],"about":[{"href":"https:\/\/www.lktwg.com\/en\/wp-json\/wp\/v2\/types\/post"}],"author":[{"embeddable":true,"href":"https:\/\/www.lktwg.com\/en\/wp-json\/wp\/v2\/users\/4"}],"replies":[{"embeddable":true,"href":"https:\/\/www.lktwg.com\/en\/wp-json\/wp\/v2\/comments?post=1272"}],"version-history":[{"count":1,"href":"https:\/\/www.lktwg.com\/en\/wp-json\/wp\/v2\/posts\/1272\/revisions"}],"predecessor-version":[{"id":1283,"href":"https:\/\/www.lktwg.com\/en\/wp-json\/wp\/v2\/posts\/1272\/revisions\/1283"}],"wp:attachment":[{"href":"https:\/\/www.lktwg.com\/en\/wp-json\/wp\/v2\/media?parent=1272"}],"wp:term":[{"taxonomy":"category","embeddable":true,"href":"https:\/\/www.lktwg.com\/en\/wp-json\/wp\/v2\/categories?post=1272"},{"taxonomy":"post_tag","embeddable":true,"href":"https:\/\/www.lktwg.com\/en\/wp-json\/wp\/v2\/tags?post=1272"}],"curies":[{"name":"wp","href":"https:\/\/api.w.org\/{rel}","templated":true}]}}