{"id":1264,"date":"2017-08-31T07:19:57","date_gmt":"2017-08-31T05:19:57","guid":{"rendered":"http:\/\/www.lktwg.com\/?p=1264"},"modified":"2017-09-06T05:53:35","modified_gmt":"2017-09-06T03:53:35","slug":"zapraszamy-xxi-ogolnopolski-rajd-ekologiczny","status":"publish","type":"post","link":"https:\/\/www.lktwg.com\/en\/zapraszamy-xxi-ogolnopolski-rajd-ekologiczny\/","title":{"rendered":"Zapraszamy na XXI Og\u00f3lnopolski Rajd Ekologiczny"},"content":{"rendered":"<p class=\"qtranxs-available-languages-message qtranxs-available-languages-message-en\">Sorry, this entry is only available in <a href=\"https:\/\/www.lktwg.com\/pl\/wp-json\/wp\/v2\/posts\/1264\" class=\"qtranxs-available-language-link qtranxs-available-language-link-pl\" title=\"Polski\">Polish<\/a>. For the sake of viewer convenience, the content is shown below in the alternative language. You may click the link to switch the active language.<\/p><style type=\"text\/css\"><\/style><p>Serdecznie zapraszamy na XXI Og\u00f3lnopolski Rajd Ekologiczny, kt\u00f3ry jest jednocze\u015bnie XVII rund\u0105 Turystycznego Pucharu Polski. 16 wrze\u015bnia na uczestnik\u00f3w czeka szereg atrakcji na 52 km trasie Go\u015bcieradz -Nogawica.<\/p>\n<p>Formularz zg\u0142oszenia oraz regulamin jest dost\u0119pny pod tym <a href=\"https:\/\/drive.google.com\/open?id=0B5xLdtDkT7UkNEowbDZYaXZMYUE\">linkiem<\/a><\/p>\n<p>Kontakt telefoniczny: 607596838 Jerzy Gwizda\u0142a &#8211; Komandor Rajdu.<\/p>\n<p>Serdecznie zapraszamy<\/p>","protected":false},"excerpt":{"rendered":"<p>Sorry, this entry is only available in Polish. For the sake of viewer convenience, the content is shown below in the alternative language. You may click the link to switch the active language.Serdecznie zapraszamy na XXI Og\u00f3lnopolski Rajd Ekologiczny, kt\u00f3ry jest jednocze\u015bnie XVII rund\u0105 Turystycznego Pucharu Polski. 16 wrze\u015bnia na uczestnik\u00f3w czeka szereg atrakcji na&#8230;<\/p>\n","protected":false},"author":4,"featured_media":1265,"comment_status":"closed","ping_status":"open","sticky":false,"template":"","format":"image","meta":[],"categories":[1],"tags":[100,84],"yoast_head":"<!-- This site is optimized with the Yoast SEO plugin v15.2.1 - https:\/\/yoast.com\/wordpress\/plugins\/seo\/ -->\n<title>Zapraszamy na XXI Og\u00f3lnopolski Rajd Ekologiczny - LKT Wycz\u00f3\u0142 Go\u015bcieradz Polska<\/title>\n<meta name=\"robots\" content=\"index, follow, max-snippet:-1, max-image-preview:large, max-video-preview:-1\" \/>\n<link rel=\"canonical\" href=\"https:\/\/www.lktwg.com\/zapraszamy-xxi-ogolnopolski-rajd-ekologiczny\/\" \/>\n<meta property=\"og:locale\" content=\"en_US\" \/>\n<meta property=\"og:type\" content=\"article\" \/>\n<meta property=\"og:title\" content=\"Zapraszamy na XXI Og\u00f3lnopolski Rajd Ekologiczny - LKT Wycz\u00f3\u0142 Go\u015bcieradz Polska\" \/>\n<meta property=\"og:description\" content=\"Sorry, this entry is only available in Polish. For the sake of viewer convenience, the content is shown below in the alternative language. You may click the link to switch the active language.Serdecznie zapraszamy na XXI Og\u00f3lnopolski Rajd Ekologiczny, kt\u00f3ry jest jednocze\u015bnie XVII rund\u0105 Turystycznego Pucharu Polski. 16 wrze\u015bnia na uczestnik\u00f3w czeka szereg atrakcji na...\" \/>\n<meta property=\"og:url\" content=\"https:\/\/www.lktwg.com\/zapraszamy-xxi-ogolnopolski-rajd-ekologiczny\/\" \/>\n<meta property=\"og:site_name\" content=\"LKT Wycz\u00f3\u0142 Go\u015bcieradz Polska\" \/>\n<meta property=\"article:publisher\" content=\"https:\/\/www.facebook.com\/lktwyczol\/\" \/>\n<meta property=\"article:published_time\" content=\"2017-08-31T05:19:57+00:00\" \/>\n<meta property=\"article:modified_time\" content=\"2017-09-06T03:53:35+00:00\" \/>\n<meta property=\"og:image\" content=\"https:\/\/www.lktwg.com\/wp-content\/uploads\/2017\/08\/kasztany.jpg\" \/>\n\t<meta property=\"og:image:width\" content=\"1024\" \/>\n\t<meta property=\"og:image:height\" content=\"768\" \/>\n<meta name=\"twitter:card\" content=\"summary\" \/>\n<meta name=\"twitter:label1\" content=\"Written by\">\n\t<meta name=\"twitter:data1\" content=\"Szymon Krupa\">\n\t<meta name=\"twitter:label2\" content=\"Est. reading time\">\n\t<meta name=\"twitter:data2\" content=\"0 minutes\">\n<script type=\"application\/ld+json\" class=\"yoast-schema-graph\">{\"@context\":\"https:\/\/schema.org\",\"@graph\":[{\"@type\":\"WebSite\",\"@id\":\"https:\/\/www.lktwg.com\/en\/#website\",\"url\":\"https:\/\/www.lktwg.com\/en\/\",\"name\":\"LKT Wycz\\u00f3\\u0142 Go\\u015bcieradz Polska\",\"description\":\"Ludowy Klub Turystyczny\",\"potentialAction\":[{\"@type\":\"SearchAction\",\"target\":\"https:\/\/www.lktwg.com\/en\/?s={search_term_string}\",\"query-input\":\"required name=search_term_string\"}],\"inLanguage\":\"en-US\"},{\"@type\":\"ImageObject\",\"@id\":\"https:\/\/www.lktwg.com\/zapraszamy-xxi-ogolnopolski-rajd-ekologiczny\/#primaryimage\",\"inLanguage\":\"en-US\",\"url\":\"https:\/\/www.lktwg.com\/wp-content\/uploads\/2017\/08\/kasztany.jpg\",\"width\":1024,\"height\":768},{\"@type\":\"WebPage\",\"@id\":\"https:\/\/www.lktwg.com\/zapraszamy-xxi-ogolnopolski-rajd-ekologiczny\/#webpage\",\"url\":\"https:\/\/www.lktwg.com\/zapraszamy-xxi-ogolnopolski-rajd-ekologiczny\/\",\"name\":\"Zapraszamy na XXI Og\\u00f3lnopolski Rajd Ekologiczny - LKT Wycz\\u00f3\\u0142 Go\\u015bcieradz Polska\",\"isPartOf\":{\"@id\":\"https:\/\/www.lktwg.com\/en\/#website\"},\"primaryImageOfPage\":{\"@id\":\"https:\/\/www.lktwg.com\/zapraszamy-xxi-ogolnopolski-rajd-ekologiczny\/#primaryimage\"},\"datePublished\":\"2017-08-31T05:19:57+00:00\",\"dateModified\":\"2017-09-06T03:53:35+00:00\",\"author\":{\"@id\":\"https:\/\/www.lktwg.com\/en\/#\/schema\/person\/6bdf16306d63f6890497ce5c248c00ab\"},\"inLanguage\":\"en-US\",\"potentialAction\":[{\"@type\":\"ReadAction\",\"target\":[\"https:\/\/www.lktwg.com\/zapraszamy-xxi-ogolnopolski-rajd-ekologiczny\/\"]}]},{\"@type\":\"Person\",\"@id\":\"https:\/\/www.lktwg.com\/en\/#\/schema\/person\/6bdf16306d63f6890497ce5c248c00ab\",\"name\":\"Szymon Krupa\",\"image\":{\"@type\":\"ImageObject\",\"@id\":\"https:\/\/www.lktwg.com\/en\/#personlogo\",\"inLanguage\":\"en-US\",\"url\":\"https:\/\/secure.gravatar.com\/avatar\/c0e2b7c0f015fe0d6c14ac0951d89111?s=96&d=mm&r=g\",\"caption\":\"Szymon Krupa\"}}]}<\/script>\n<!-- \/ Yoast SEO plugin. -->","_links":{"self":[{"href":"https:\/\/www.lktwg.com\/en\/wp-json\/wp\/v2\/posts\/1264"}],"collection":[{"href":"https:\/\/www.lktwg.com\/en\/wp-json\/wp\/v2\/posts"}],"about":[{"href":"https:\/\/www.lktwg.com\/en\/wp-json\/wp\/v2\/types\/post"}],"author":[{"embeddable":true,"href":"https:\/\/www.lktwg.com\/en\/wp-json\/wp\/v2\/users\/4"}],"replies":[{"embeddable":true,"href":"https:\/\/www.lktwg.com\/en\/wp-json\/wp\/v2\/comments?post=1264"}],"version-history":[{"count":3,"href":"https:\/\/www.lktwg.com\/en\/wp-json\/wp\/v2\/posts\/1264\/revisions"}],"predecessor-version":[{"id":1270,"href":"https:\/\/www.lktwg.com\/en\/wp-json\/wp\/v2\/posts\/1264\/revisions\/1270"}],"wp:featuredmedia":[{"embeddable":true,"href":"https:\/\/www.lktwg.com\/en\/wp-json\/wp\/v2\/media\/1265"}],"wp:attachment":[{"href":"https:\/\/www.lktwg.com\/en\/wp-json\/wp\/v2\/media?parent=1264"}],"wp:term":[{"taxonomy":"category","embeddable":true,"href":"https:\/\/www.lktwg.com\/en\/wp-json\/wp\/v2\/categories?post=1264"},{"taxonomy":"post_tag","embeddable":true,"href":"https:\/\/www.lktwg.com\/en\/wp-json\/wp\/v2\/tags?post=1264"}],"curies":[{"name":"wp","href":"https:\/\/api.w.org\/{rel}","templated":true}]}}