{"id":1247,"date":"2017-08-13T08:01:31","date_gmt":"2017-08-13T06:01:31","guid":{"rendered":"http:\/\/www.lktwg.com\/?p=1247"},"modified":"2017-08-13T08:01:31","modified_gmt":"2017-08-13T06:01:31","slug":"gacek-26-rajdzie-rzeszowskim","status":"publish","type":"post","link":"https:\/\/www.lktwg.com\/en\/gacek-26-rajdzie-rzeszowskim\/","title":{"rendered":"Gacek na  26 Rajdzie Rzeszowskim"},"content":{"rendered":"<p class=\"qtranxs-available-languages-message qtranxs-available-languages-message-en\">Sorry, this entry is only available in <a href=\"https:\/\/www.lktwg.com\/pl\/wp-json\/wp\/v2\/posts\/1247\" class=\"qtranxs-available-language-link qtranxs-available-language-link-pl\" title=\"Polski\">Polish<\/a>. For the sake of viewer convenience, the content is shown below in the alternative language. You may click the link to switch the active language.<\/p><style type=\"text\/css\"><\/style><p>Ekipa Oponeo Motorsport i Marcin Gagacki przygotowa\u0142a relacj\u0119 z udzia\u0142u w 26 Rajdzie Rzeszowskim, kt\u00f3ry wsp\u00f3lnie z pilotem Paw\u0142em Drahanem uko\u0144czyli na 7 pozycji.<\/p>\n<p>Gacek: <em>To by\u0142 dobry, ciekawy rajd i mam nadziej\u0119, \u017ce zebrane do\u015bwiadczenie prze\u0142o\u017cy si\u0119 na lepsze wyniki w kolejnych startach. Oby\u015bmy cz\u0119\u015bciej spotykali si\u0119, by rywalizowa\u0107 na spektakularnych szutrowych odcinkach. Najtrudniejsze dla mnie by\u0142o przystosowanie si\u0119 do charakterystyki i mo\u017cliwo\u015bci samochodu R5. My\u015bla\u0142em, \u017ce b\u0119dzie to nieco \u0142atwiejsze, podobnie jak w Rajdzie \u015awidnickim, gdzie ju\u017c od pocz\u0105tku jechali\u015bmy dobrym tempem. Na kaszubskich oesach nie mog\u0142em si\u0119 odnale\u017a\u0107, cho\u0107 lubi\u0119 je\u017adzi\u0107 po tej nawierzchni i par\u0119 fajnych wynik\u00f3w na szutrze mam w swoim dorobku. Dopiero w ko\u0144c\u00f3wce rajdu zacz\u0105\u0142em si\u0119 dogadywa\u0107 z samochodem i czu\u0107 jak nim jecha\u0107, jak trzeba si\u0119 zachowywa\u0107 za jego kierownic\u0105, wi\u0119c te cenny kilometry \u201ezostan\u0105 w g\u0142owie\u201d. Potrzeba jeszcze kolejnych kilometr\u00f3w, test\u00f3w i do\u015bwiadcze\u0144 i na pewno b\u0119dzie lepiej, a co za tym idzie \u2013 szybciej.<\/em><\/p>\n<p>Relacj\u0119 video znajdziecie pod tym <a href=\"https:\/\/www.facebook.com\/gagacki\/videos\/1082462258557294\/\">linkiem<\/a><\/p>\n<p>&nbsp;<\/p>","protected":false},"excerpt":{"rendered":"<p>Sorry, this entry is only available in Polish. For the sake of viewer convenience, the content is shown below in the alternative language. You may click the link to switch the active language.Ekipa Oponeo Motorsport i Marcin Gagacki przygotowa\u0142a relacj\u0119 z udzia\u0142u w 26 Rajdzie Rzeszowskim, kt\u00f3ry wsp\u00f3lnie z pilotem Paw\u0142em Drahanem uko\u0144czyli na 7&#8230;<\/p>\n","protected":false},"author":4,"featured_media":1248,"comment_status":"closed","ping_status":"open","sticky":false,"template":"","format":"image","meta":[],"categories":[1],"tags":[105,138,137,86,85,100,139,140],"yoast_head":"<!-- This site is optimized with the Yoast SEO plugin v15.2.1 - https:\/\/yoast.com\/wordpress\/plugins\/seo\/ -->\n<title>Gacek na 26 Rajdzie Rzeszowskim - LKT Wycz\u00f3\u0142 Go\u015bcieradz Polska<\/title>\n<meta name=\"robots\" content=\"index, follow, max-snippet:-1, max-image-preview:large, max-video-preview:-1\" \/>\n<link rel=\"canonical\" href=\"https:\/\/www.lktwg.com\/gacek-26-rajdzie-rzeszowskim\/\" \/>\n<meta property=\"og:locale\" content=\"en_US\" \/>\n<meta property=\"og:type\" content=\"article\" \/>\n<meta property=\"og:title\" content=\"Gacek na 26 Rajdzie Rzeszowskim - LKT Wycz\u00f3\u0142 Go\u015bcieradz Polska\" \/>\n<meta property=\"og:description\" content=\"Sorry, this entry is only available in Polish. For the sake of viewer convenience, the content is shown below in the alternative language. You may click the link to switch the active language.Ekipa Oponeo Motorsport i Marcin Gagacki przygotowa\u0142a relacj\u0119 z udzia\u0142u w 26 Rajdzie Rzeszowskim, kt\u00f3ry wsp\u00f3lnie z pilotem Paw\u0142em Drahanem uko\u0144czyli na 7...\" \/>\n<meta property=\"og:url\" content=\"https:\/\/www.lktwg.com\/gacek-26-rajdzie-rzeszowskim\/\" \/>\n<meta property=\"og:site_name\" content=\"LKT Wycz\u00f3\u0142 Go\u015bcieradz Polska\" \/>\n<meta property=\"article:publisher\" content=\"https:\/\/www.facebook.com\/lktwyczol\/\" \/>\n<meta property=\"article:published_time\" content=\"2017-08-13T06:01:31+00:00\" \/>\n<meta property=\"og:image\" content=\"https:\/\/www.lktwg.com\/wp-content\/uploads\/2017\/08\/rzeszowski-gagacki.jpg\" \/>\n\t<meta property=\"og:image:width\" content=\"465\" \/>\n\t<meta property=\"og:image:height\" content=\"309\" \/>\n<meta name=\"twitter:card\" content=\"summary\" \/>\n<meta name=\"twitter:label1\" content=\"Written by\">\n\t<meta name=\"twitter:data1\" content=\"Szymon Krupa\">\n\t<meta name=\"twitter:label2\" content=\"Est. reading time\">\n\t<meta name=\"twitter:data2\" content=\"1 minute\">\n<script type=\"application\/ld+json\" class=\"yoast-schema-graph\">{\"@context\":\"https:\/\/schema.org\",\"@graph\":[{\"@type\":\"WebSite\",\"@id\":\"https:\/\/www.lktwg.com\/en\/#website\",\"url\":\"https:\/\/www.lktwg.com\/en\/\",\"name\":\"LKT Wycz\\u00f3\\u0142 Go\\u015bcieradz Polska\",\"description\":\"Ludowy Klub Turystyczny\",\"potentialAction\":[{\"@type\":\"SearchAction\",\"target\":\"https:\/\/www.lktwg.com\/en\/?s={search_term_string}\",\"query-input\":\"required name=search_term_string\"}],\"inLanguage\":\"en-US\"},{\"@type\":\"ImageObject\",\"@id\":\"https:\/\/www.lktwg.com\/gacek-26-rajdzie-rzeszowskim\/#primaryimage\",\"inLanguage\":\"en-US\",\"url\":\"https:\/\/www.lktwg.com\/wp-content\/uploads\/2017\/08\/rzeszowski-gagacki.jpg\",\"width\":465,\"height\":309},{\"@type\":\"WebPage\",\"@id\":\"https:\/\/www.lktwg.com\/gacek-26-rajdzie-rzeszowskim\/#webpage\",\"url\":\"https:\/\/www.lktwg.com\/gacek-26-rajdzie-rzeszowskim\/\",\"name\":\"Gacek na 26 Rajdzie Rzeszowskim - LKT Wycz\\u00f3\\u0142 Go\\u015bcieradz Polska\",\"isPartOf\":{\"@id\":\"https:\/\/www.lktwg.com\/en\/#website\"},\"primaryImageOfPage\":{\"@id\":\"https:\/\/www.lktwg.com\/gacek-26-rajdzie-rzeszowskim\/#primaryimage\"},\"datePublished\":\"2017-08-13T06:01:31+00:00\",\"dateModified\":\"2017-08-13T06:01:31+00:00\",\"author\":{\"@id\":\"https:\/\/www.lktwg.com\/en\/#\/schema\/person\/6bdf16306d63f6890497ce5c248c00ab\"},\"inLanguage\":\"en-US\",\"potentialAction\":[{\"@type\":\"ReadAction\",\"target\":[\"https:\/\/www.lktwg.com\/gacek-26-rajdzie-rzeszowskim\/\"]}]},{\"@type\":\"Person\",\"@id\":\"https:\/\/www.lktwg.com\/en\/#\/schema\/person\/6bdf16306d63f6890497ce5c248c00ab\",\"name\":\"Szymon Krupa\",\"image\":{\"@type\":\"ImageObject\",\"@id\":\"https:\/\/www.lktwg.com\/en\/#personlogo\",\"inLanguage\":\"en-US\",\"url\":\"https:\/\/secure.gravatar.com\/avatar\/c0e2b7c0f015fe0d6c14ac0951d89111?s=96&d=mm&r=g\",\"caption\":\"Szymon Krupa\"}}]}<\/script>\n<!-- \/ Yoast SEO plugin. -->","_links":{"self":[{"href":"https:\/\/www.lktwg.com\/en\/wp-json\/wp\/v2\/posts\/1247"}],"collection":[{"href":"https:\/\/www.lktwg.com\/en\/wp-json\/wp\/v2\/posts"}],"about":[{"href":"https:\/\/www.lktwg.com\/en\/wp-json\/wp\/v2\/types\/post"}],"author":[{"embeddable":true,"href":"https:\/\/www.lktwg.com\/en\/wp-json\/wp\/v2\/users\/4"}],"replies":[{"embeddable":true,"href":"https:\/\/www.lktwg.com\/en\/wp-json\/wp\/v2\/comments?post=1247"}],"version-history":[{"count":1,"href":"https:\/\/www.lktwg.com\/en\/wp-json\/wp\/v2\/posts\/1247\/revisions"}],"predecessor-version":[{"id":1249,"href":"https:\/\/www.lktwg.com\/en\/wp-json\/wp\/v2\/posts\/1247\/revisions\/1249"}],"wp:featuredmedia":[{"embeddable":true,"href":"https:\/\/www.lktwg.com\/en\/wp-json\/wp\/v2\/media\/1248"}],"wp:attachment":[{"href":"https:\/\/www.lktwg.com\/en\/wp-json\/wp\/v2\/media?parent=1247"}],"wp:term":[{"taxonomy":"category","embeddable":true,"href":"https:\/\/www.lktwg.com\/en\/wp-json\/wp\/v2\/categories?post=1247"},{"taxonomy":"post_tag","embeddable":true,"href":"https:\/\/www.lktwg.com\/en\/wp-json\/wp\/v2\/tags?post=1247"}],"curies":[{"name":"wp","href":"https:\/\/api.w.org\/{rel}","templated":true}]}}