{"id":1201,"date":"2017-07-23T09:17:33","date_gmt":"2017-07-23T07:17:33","guid":{"rendered":"http:\/\/www.lktwg.com\/?p=1201"},"modified":"2017-07-23T09:17:33","modified_gmt":"2017-07-23T07:17:33","slug":"wystartowalismy-72-fim-rally","status":"publish","type":"post","link":"https:\/\/www.lktwg.com\/en\/wystartowalismy-72-fim-rally\/","title":{"rendered":"Wystartowali\u015bmy do 72 FIM Rally!"},"content":{"rendered":"<p class=\"qtranxs-available-languages-message qtranxs-available-languages-message-en\">Sorry, this entry is only available in <a href=\"https:\/\/www.lktwg.com\/pl\/wp-json\/wp\/v2\/posts\/1201\" class=\"qtranxs-available-language-link qtranxs-available-language-link-pl\" title=\"Polski\">Polish<\/a>. For the sake of viewer convenience, the content is shown below in the alternative language. You may click the link to switch the active language.<\/p><style type=\"text\/css\"><\/style><p>W samo po\u0142udnie w pi\u0105tek 21 lipca ekipa LKT Wycz\u00f3\u0142 Go\u015bcieradz wystartowa\u0142a na FIM Rally. Tegoroczna 72 edycja imprezy odb\u0119dzie si\u0119 w szwedzkiej miejscowo\u015bci <span class=\"st\">Sundsvall w dniach 26-29 lipca. Warto podkre\u015bli\u0107, \u017ce FIM Rally to wyj\u0105tkowe wydarzenie, gdzie podczas kilku dni spotykaj\u0105 si\u0119 motocykli\u015bci z ca\u0142ego \u015bwiata. Idea FIM Rally narodzi\u0142a si\u0119 w 1935 roku, kiedy to w Brukseli zosta\u0142 zorganizowany pierwszy zlot motocykli turystycznych.W 2012r nasz klub mia\u0142 zaszczyt organizowa\u0142 67 edycj\u0119 tej presti\u017cowej imprezy.<br \/>\n<\/span><\/p>\n<p><span class=\"st\">Barwy klubu w 72 FIM Rally reprezentuj\u0105:<\/span><\/p>\n<p>Boles\u0142aw Zwolanowski, <a href=\"https:\/\/www.facebook.com\/bartek.zwolanowski?fref=mentions\" data-hovercard=\"\/ajax\/hovercard\/user.php?id=100002998853273&amp;extragetparams=%7B%22fref%22%3A%22mentions%22%7D\" data-hovercard-prefer-more-content-show=\"1\">Bartek Zwolanowski<\/a>, <a href=\"https:\/\/www.facebook.com\/zbyszek.ginter1?fref=mentions\" data-hovercard=\"\/ajax\/hovercard\/user.php?id=100001954548166&amp;extragetparams=%7B%22fref%22%3A%22mentions%22%7D\" data-hovercard-prefer-more-content-show=\"1\">Zbyszek Ginter<\/a>, <a href=\"https:\/\/www.facebook.com\/profile.php?id=100001295045346&amp;fref=mentions\" data-hovercard=\"\/ajax\/hovercard\/user.php?id=100001295045346&amp;extragetparams=%7B%22fref%22%3A%22mentions%22%7D\" data-hovercard-prefer-more-content-show=\"1\">Micha\u0142 Chorz\u0119pa<\/a>, <a href=\"https:\/\/www.facebook.com\/buryz?fref=mentions\" data-hovercard=\"\/ajax\/hovercard\/user.php?id=792877349&amp;extragetparams=%7B%22fref%22%3A%22mentions%22%7D\" data-hovercard-prefer-more-content-show=\"1\">Wojtek Burzych<\/a>, <a href=\"https:\/\/www.facebook.com\/profile.php?id=100002022140705&amp;fref=mentions\" data-hovercard=\"\/ajax\/hovercard\/user.php?id=100002022140705&amp;extragetparams=%7B%22fref%22%3A%22mentions%22%7D\" data-hovercard-prefer-more-content-show=\"1\">Robert Ma\u0142ek<\/a>, <a href=\"https:\/\/www.facebook.com\/mirek.kowalczyk.92?fref=mentions\" data-hovercard=\"\/ajax\/hovercard\/user.php?id=100001834557949&amp;extragetparams=%7B%22fref%22%3A%22mentions%22%7D\" data-hovercard-prefer-more-content-show=\"1\">Mirek Kowalczyk<\/a>, Joanna Kowalczyk, <a href=\"https:\/\/www.facebook.com\/jacek.szynka.10?fref=mentions\" data-hovercard=\"\/ajax\/hovercard\/user.php?id=100000067100225&amp;extragetparams=%7B%22fref%22%3A%22mentions%22%7D\" data-hovercard-prefer-more-content-show=\"1\">Jacek Szynka<\/a>, <a href=\"https:\/\/www.facebook.com\/profile.php?id=100006933465995&amp;fref=mentions\" data-hovercard=\"\/ajax\/hovercard\/user.php?id=100006933465995&amp;extragetparams=%7B%22fref%22%3A%22mentions%22%7D\" data-hovercard-prefer-more-content-show=\"1\">Damian Zielas Zieli\u0144ski<\/a>, Wojtek B\u0142a\u017cejewski, Marek Wiczy\u0144ski, Andrzej Moch, Waldek Malesa, <a href=\"https:\/\/www.facebook.com\/maciej.zawadzki.357?fref=mentions\" data-hovercard=\"\/ajax\/hovercard\/user.php?id=1159507192&amp;extragetparams=%7B%22fref%22%3A%22mentions%22%7D\" data-hovercard-prefer-more-content-show=\"1\">Maciej Zawadzki<\/a><\/p>\n<p>&nbsp;<\/p>","protected":false},"excerpt":{"rendered":"<p>Sorry, this entry is only available in Polish. For the sake of viewer convenience, the content is shown below in the alternative language. You may click the link to switch the active language.W samo po\u0142udnie w pi\u0105tek 21 lipca ekipa LKT Wycz\u00f3\u0142 Go\u015bcieradz wystartowa\u0142a na FIM Rally. Tegoroczna 72 edycja imprezy odb\u0119dzie si\u0119 w szwedzkiej&#8230;<\/p>\n","protected":false},"author":4,"featured_media":1203,"comment_status":"closed","ping_status":"open","sticky":false,"template":"","format":"gallery","meta":[],"categories":[1],"tags":[123,124,126,127,125],"yoast_head":"<!-- This site is optimized with the Yoast SEO plugin v15.2.1 - https:\/\/yoast.com\/wordpress\/plugins\/seo\/ -->\n<title>Wystartowali\u015bmy do 72 FIM Rally! - LKT Wycz\u00f3\u0142 Go\u015bcieradz Polska<\/title>\n<meta name=\"robots\" content=\"index, follow, max-snippet:-1, max-image-preview:large, max-video-preview:-1\" \/>\n<link rel=\"canonical\" href=\"https:\/\/www.lktwg.com\/en\/wystartowalismy-72-fim-rally\/\" \/>\n<meta property=\"og:locale\" content=\"en_US\" \/>\n<meta property=\"og:type\" content=\"article\" \/>\n<meta property=\"og:title\" content=\"Wystartowali\u015bmy do 72 FIM Rally! - LKT Wycz\u00f3\u0142 Go\u015bcieradz Polska\" \/>\n<meta property=\"og:description\" content=\"Sorry, this entry is only available in Polish. For the sake of viewer convenience, the content is shown below in the alternative language. You may click the link to switch the active language.W samo po\u0142udnie w pi\u0105tek 21 lipca ekipa LKT Wycz\u00f3\u0142 Go\u015bcieradz wystartowa\u0142a na FIM Rally. Tegoroczna 72 edycja imprezy odb\u0119dzie si\u0119 w szwedzkiej...\" \/>\n<meta property=\"og:url\" content=\"https:\/\/www.lktwg.com\/en\/wystartowalismy-72-fim-rally\/\" \/>\n<meta property=\"og:site_name\" content=\"LKT Wycz\u00f3\u0142 Go\u015bcieradz Polska\" \/>\n<meta property=\"article:publisher\" content=\"https:\/\/www.facebook.com\/lktwyczol\/\" \/>\n<meta property=\"article:published_time\" content=\"2017-07-23T07:17:33+00:00\" \/>\n<meta property=\"og:image\" content=\"https:\/\/www.lktwg.com\/wp-content\/uploads\/2017\/07\/20157928_685502934992650_1230010258285185056_o.jpg\" \/>\n\t<meta property=\"og:image:width\" content=\"1440\" \/>\n\t<meta property=\"og:image:height\" content=\"810\" \/>\n<meta name=\"twitter:card\" content=\"summary\" \/>\n<meta name=\"twitter:label1\" content=\"Written by\">\n\t<meta name=\"twitter:data1\" content=\"Szymon Krupa\">\n\t<meta name=\"twitter:label2\" content=\"Est. reading time\">\n\t<meta name=\"twitter:data2\" content=\"1 minute\">\n<script type=\"application\/ld+json\" class=\"yoast-schema-graph\">{\"@context\":\"https:\/\/schema.org\",\"@graph\":[{\"@type\":\"WebSite\",\"@id\":\"https:\/\/www.lktwg.com\/en\/#website\",\"url\":\"https:\/\/www.lktwg.com\/en\/\",\"name\":\"LKT Wycz\\u00f3\\u0142 Go\\u015bcieradz Polska\",\"description\":\"Ludowy Klub Turystyczny\",\"potentialAction\":[{\"@type\":\"SearchAction\",\"target\":\"https:\/\/www.lktwg.com\/en\/?s={search_term_string}\",\"query-input\":\"required name=search_term_string\"}],\"inLanguage\":\"en-US\"},{\"@type\":\"ImageObject\",\"@id\":\"https:\/\/www.lktwg.com\/en\/wystartowalismy-72-fim-rally\/#primaryimage\",\"inLanguage\":\"en-US\",\"url\":\"https:\/\/www.lktwg.com\/wp-content\/uploads\/2017\/07\/20157928_685502934992650_1230010258285185056_o.jpg\",\"width\":1440,\"height\":810},{\"@type\":\"WebPage\",\"@id\":\"https:\/\/www.lktwg.com\/en\/wystartowalismy-72-fim-rally\/#webpage\",\"url\":\"https:\/\/www.lktwg.com\/en\/wystartowalismy-72-fim-rally\/\",\"name\":\"Wystartowali\\u015bmy do 72 FIM Rally! - LKT Wycz\\u00f3\\u0142 Go\\u015bcieradz Polska\",\"isPartOf\":{\"@id\":\"https:\/\/www.lktwg.com\/en\/#website\"},\"primaryImageOfPage\":{\"@id\":\"https:\/\/www.lktwg.com\/en\/wystartowalismy-72-fim-rally\/#primaryimage\"},\"datePublished\":\"2017-07-23T07:17:33+00:00\",\"dateModified\":\"2017-07-23T07:17:33+00:00\",\"author\":{\"@id\":\"https:\/\/www.lktwg.com\/en\/#\/schema\/person\/6bdf16306d63f6890497ce5c248c00ab\"},\"inLanguage\":\"en-US\",\"potentialAction\":[{\"@type\":\"ReadAction\",\"target\":[\"https:\/\/www.lktwg.com\/en\/wystartowalismy-72-fim-rally\/\"]}]},{\"@type\":\"Person\",\"@id\":\"https:\/\/www.lktwg.com\/en\/#\/schema\/person\/6bdf16306d63f6890497ce5c248c00ab\",\"name\":\"Szymon Krupa\",\"image\":{\"@type\":\"ImageObject\",\"@id\":\"https:\/\/www.lktwg.com\/en\/#personlogo\",\"inLanguage\":\"en-US\",\"url\":\"https:\/\/secure.gravatar.com\/avatar\/c0e2b7c0f015fe0d6c14ac0951d89111?s=96&d=mm&r=g\",\"caption\":\"Szymon Krupa\"}}]}<\/script>\n<!-- \/ Yoast SEO plugin. -->","_links":{"self":[{"href":"https:\/\/www.lktwg.com\/en\/wp-json\/wp\/v2\/posts\/1201"}],"collection":[{"href":"https:\/\/www.lktwg.com\/en\/wp-json\/wp\/v2\/posts"}],"about":[{"href":"https:\/\/www.lktwg.com\/en\/wp-json\/wp\/v2\/types\/post"}],"author":[{"embeddable":true,"href":"https:\/\/www.lktwg.com\/en\/wp-json\/wp\/v2\/users\/4"}],"replies":[{"embeddable":true,"href":"https:\/\/www.lktwg.com\/en\/wp-json\/wp\/v2\/comments?post=1201"}],"version-history":[{"count":1,"href":"https:\/\/www.lktwg.com\/en\/wp-json\/wp\/v2\/posts\/1201\/revisions"}],"predecessor-version":[{"id":1207,"href":"https:\/\/www.lktwg.com\/en\/wp-json\/wp\/v2\/posts\/1201\/revisions\/1207"}],"wp:featuredmedia":[{"embeddable":true,"href":"https:\/\/www.lktwg.com\/en\/wp-json\/wp\/v2\/media\/1203"}],"wp:attachment":[{"href":"https:\/\/www.lktwg.com\/en\/wp-json\/wp\/v2\/media?parent=1201"}],"wp:term":[{"taxonomy":"category","embeddable":true,"href":"https:\/\/www.lktwg.com\/en\/wp-json\/wp\/v2\/categories?post=1201"},{"taxonomy":"post_tag","embeddable":true,"href":"https:\/\/www.lktwg.com\/en\/wp-json\/wp\/v2\/tags?post=1201"}],"curies":[{"name":"wp","href":"https:\/\/api.w.org\/{rel}","templated":true}]}}