{"id":1174,"date":"2017-07-08T06:52:20","date_gmt":"2017-07-08T04:52:20","guid":{"rendered":"http:\/\/www.lktwg.com\/?p=1174"},"modified":"2017-07-08T06:53:14","modified_gmt":"2017-07-08T04:53:14","slug":"polski-dakar-mielnie","status":"publish","type":"post","link":"https:\/\/www.lktwg.com\/en\/polski-dakar-mielnie\/","title":{"rendered":"Polski Dakar w Mielnie"},"content":{"rendered":"<p class=\"qtranxs-available-languages-message qtranxs-available-languages-message-en\">Sorry, this entry is only available in <a href=\"https:\/\/www.lktwg.com\/pl\/wp-json\/wp\/v2\/posts\/1174\" class=\"qtranxs-available-language-link qtranxs-available-language-link-pl\" title=\"Polski\">Polish<\/a>. For the sake of viewer convenience, the content is shown below in the alternative language. You may click the link to switch the active language.<\/p><style type=\"text\/css\"><\/style><p>W dw\u00f3ch pierwszych dniach lipca w nadmorskiej miejscowo\u015bci <a class=\"profileLink\" href=\"https:\/\/www.facebook.com\/pages\/Pla%C5%BCa-Mielno\/990373044392143?fref=mentions\" data-hovercard=\"\/ajax\/hovercard\/page.php?id=990373044392143&amp;extragetparams=%7B%22fref%22%3A%22mentions%22%7D\" data-hovercard-prefer-more-content-show=\"1\">Pla\u017ca Mielno<\/a> zosta\u0142a rozegrana IX i X runda serii <a class=\"profileLink\" href=\"https:\/\/www.facebook.com\/Mistrzostwa-Pomorza-Zachodniego-373037919512542\/?fref=mentions\" data-hovercard=\"\/ajax\/hovercard\/page.php?id=373037919512542&amp;extragetparams=%7B%22fref%22%3A%22mentions%22%7D\" data-hovercard-prefer-more-content-show=\"1\">Mistrzostwa Pomorza Zachodniego<\/a> Cross Country. W tym roku impreza zosta\u0142a zorganizowana pod honorowym patronatem naszego Rafa\u0142a Sonika, kt\u00f3ry ufundowa\u0142 nagrody dla najszybszych kierowc\u00f3w. Tradycyjnie trasa i przebiega\u0142a po dawnym poligonie oraz po pla\u017cy, gdzie odby\u0142 si\u0119 start oraz przejazd przez kilkuset metrowy odcinek blisko linii brzegowej mo<span class=\"text_exposed_show\">rza. Pomimo padaj\u0105cego zimnego deszczu w pierwszym dniu zawod\u00f3w zapisa\u0142o si\u0119 ponad 140 zawodnik\u00f3w. W\u015br\u00f3d startuj\u0105cych barwy naszego klubu reprezentowa\u0142 <a class=\"profileLink\" href=\"https:\/\/www.facebook.com\/maksym.szulc.7?fref=mentions\" data-hovercard=\"\/ajax\/hovercard\/user.php?id=100003837472007&amp;extragetparams=%7B%22fref%22%3A%22mentions%22%7D\" data-hovercard-prefer-more-content-show=\"1\">Maksym Szulc<\/a> w klasie quad. W\u015br\u00f3d motocyklist\u00f3w w Mielnie zameldowali si\u0119 <a class=\"profileLink\" href=\"https:\/\/www.facebook.com\/profile.php?id=100000970662882&amp;fref=mentions\" data-hovercard=\"\/ajax\/hovercard\/user.php?id=100000970662882&amp;extragetparams=%7B%22fref%22%3A%22mentions%22%7D\" data-hovercard-prefer-more-content-show=\"1\">Rafa\u0142 Bvzala<\/a> w klasie Masters oraz Pawe\u0142 Budziak w klasie Open. <\/span><\/p>\n<div class=\"text_exposed_show\">\n<p>Pawe\u0142 tak relacjonuje 2 dni zmaga\u0144:<br \/>\n,,By\u0142y to najci\u0119\u017csze zawody CC Mielno w jakich bra\u0142em udzia\u0142. Pierwszego dnia towarzyszy\u0142y nam opady deszczu wraz z wiatrem, kt\u00f3ry drugiego dnia wia\u0142 3 razy mocniej. Do tego na ca\u0142ej trasie wytworzy\u0142y si\u0119 muldy i g\u0142\u0119bokie koleiny i ka\u017cda zatrzymanie si\u0119 skutkowa\u0142o zakopaniem motocykla. Do ca\u0142o\u015bci nale\u017cy doda\u0107 fakt, \u017ce ze wzgl\u0119d\u00f3w zawodowych to by\u0142 to m\u00f3j drugi start w zawodach w tym sezonie, wi\u0119c brak trening\u00f3w szybko zosta\u0142 zweryfikowany ju\u017c w pierwszym dniu.&#8221;<\/p>\n<p>Pawe\u0142 ca\u0142e zawody uko\u0144czy\u0142 na 7 miejscu w swojej klasie. Rafa\u0142 Buza\u0142a w pierwszym dniu zaliczy\u0142 mocny upadek, kt\u00f3ry wykluczy\u0142 go z drugiego dnia zawod\u00f3w. Finalnie Rafa\u0142 wr\u00f3ci\u0142 z Mielna z kontuzj\u0105 nadgarstka i gipsem na r\u0119ku, kt\u00f3ry b\u0119dzie towarzyszy\u0142 jemu przez kolejne 2-3 tygodnia. R\u00f3wnie\u017c Max Szulc z powodu kontuzji musia\u0142 odpu\u015bci\u0107 drugi dzie\u0144. W pierwszym dniu dojecha\u0142 na 11 pozycji w Quad Open.<br \/>\nKolejny Polski Dakar@Cross Country Mielno ju\u017c za rok!<\/p>\n<p>Zdj\u0119cia: <a class=\"profileLink\" href=\"https:\/\/www.facebook.com\/profile.php?id=100010027835052&amp;fref=mentions\" data-hovercard=\"\/ajax\/hovercard\/user.php?id=100010027835052&amp;extragetparams=%7B%22fref%22%3A%22mentions%22%7D\" data-hovercard-prefer-more-content-show=\"1\">Tomasz Kuczy\u0144ski<\/a> oraz <a class=\"profileLink\" href=\"https:\/\/www.facebook.com\/profile.php?id=100010507206395&amp;fref=mentions\" data-hovercard=\"\/ajax\/hovercard\/user.php?id=100010507206395&amp;extragetparams=%7B%22fref%22%3A%22mentions%22%7D\" data-hovercard-prefer-more-content-show=\"1\">Foto Sport<\/a> &#8211; dzi\u0119kujemy za udost\u0119pnienie!<\/p>\n<\/div>\n<p><\/p>","protected":false},"excerpt":{"rendered":"<p>Sorry, this entry is only available in Polish. For the sake of viewer convenience, the content is shown below in the alternative language. You may click the link to switch the active language.W dw\u00f3ch pierwszych dniach lipca w nadmorskiej miejscowo\u015bci Pla\u017ca Mielno zosta\u0142a rozegrana IX i X runda serii Mistrzostwa Pomorza Zachodniego Cross Country. W&#8230;<\/p>\n","protected":false},"author":4,"featured_media":1177,"comment_status":"closed","ping_status":"open","sticky":false,"template":"","format":"gallery","meta":[],"categories":[1],"tags":[71,115,92,114,111,113,110,112],"yoast_head":"<!-- This site is optimized with the Yoast SEO plugin v15.2.1 - https:\/\/yoast.com\/wordpress\/plugins\/seo\/ -->\n<title>Polski Dakar w Mielnie - LKT Wycz\u00f3\u0142 Go\u015bcieradz Polska<\/title>\n<meta name=\"robots\" content=\"index, follow, max-snippet:-1, max-image-preview:large, max-video-preview:-1\" \/>\n<link rel=\"canonical\" href=\"https:\/\/www.lktwg.com\/en\/polski-dakar-mielnie\/\" \/>\n<meta property=\"og:locale\" content=\"en_US\" \/>\n<meta property=\"og:type\" content=\"article\" \/>\n<meta property=\"og:title\" content=\"Polski Dakar w Mielnie - LKT Wycz\u00f3\u0142 Go\u015bcieradz Polska\" \/>\n<meta property=\"og:description\" content=\"Sorry, this entry is only available in Polish. For the sake of viewer convenience, the content is shown below in the alternative language. You may click the link to switch the active language.W dw\u00f3ch pierwszych dniach lipca w nadmorskiej miejscowo\u015bci Pla\u017ca Mielno zosta\u0142a rozegrana IX i X runda serii Mistrzostwa Pomorza Zachodniego Cross Country. W...\" \/>\n<meta property=\"og:url\" content=\"https:\/\/www.lktwg.com\/en\/polski-dakar-mielnie\/\" \/>\n<meta property=\"og:site_name\" content=\"LKT Wycz\u00f3\u0142 Go\u015bcieradz Polska\" \/>\n<meta property=\"article:publisher\" content=\"https:\/\/www.facebook.com\/lktwyczol\/\" \/>\n<meta property=\"article:published_time\" content=\"2017-07-08T04:52:20+00:00\" \/>\n<meta property=\"article:modified_time\" content=\"2017-07-08T04:53:14+00:00\" \/>\n<meta property=\"og:image\" content=\"https:\/\/www.lktwg.com\/wp-content\/uploads\/2017\/07\/19720199_458720871154816_1040371345_o.jpg\" \/>\n\t<meta property=\"og:image:width\" content=\"2048\" \/>\n\t<meta property=\"og:image:height\" content=\"1536\" \/>\n<meta name=\"twitter:card\" content=\"summary\" \/>\n<meta name=\"twitter:label1\" content=\"Written by\">\n\t<meta name=\"twitter:data1\" content=\"Szymon Krupa\">\n\t<meta name=\"twitter:label2\" content=\"Est. reading time\">\n\t<meta name=\"twitter:data2\" content=\"1 minute\">\n<script type=\"application\/ld+json\" class=\"yoast-schema-graph\">{\"@context\":\"https:\/\/schema.org\",\"@graph\":[{\"@type\":\"WebSite\",\"@id\":\"https:\/\/www.lktwg.com\/en\/#website\",\"url\":\"https:\/\/www.lktwg.com\/en\/\",\"name\":\"LKT Wycz\\u00f3\\u0142 Go\\u015bcieradz Polska\",\"description\":\"Ludowy Klub Turystyczny\",\"potentialAction\":[{\"@type\":\"SearchAction\",\"target\":\"https:\/\/www.lktwg.com\/en\/?s={search_term_string}\",\"query-input\":\"required name=search_term_string\"}],\"inLanguage\":\"en-US\"},{\"@type\":\"ImageObject\",\"@id\":\"https:\/\/www.lktwg.com\/en\/polski-dakar-mielnie\/#primaryimage\",\"inLanguage\":\"en-US\",\"url\":\"https:\/\/www.lktwg.com\/wp-content\/uploads\/2017\/07\/19720199_458720871154816_1040371345_o.jpg\",\"width\":2048,\"height\":1536},{\"@type\":\"WebPage\",\"@id\":\"https:\/\/www.lktwg.com\/en\/polski-dakar-mielnie\/#webpage\",\"url\":\"https:\/\/www.lktwg.com\/en\/polski-dakar-mielnie\/\",\"name\":\"Polski Dakar w Mielnie - LKT Wycz\\u00f3\\u0142 Go\\u015bcieradz Polska\",\"isPartOf\":{\"@id\":\"https:\/\/www.lktwg.com\/en\/#website\"},\"primaryImageOfPage\":{\"@id\":\"https:\/\/www.lktwg.com\/en\/polski-dakar-mielnie\/#primaryimage\"},\"datePublished\":\"2017-07-08T04:52:20+00:00\",\"dateModified\":\"2017-07-08T04:53:14+00:00\",\"author\":{\"@id\":\"https:\/\/www.lktwg.com\/en\/#\/schema\/person\/6bdf16306d63f6890497ce5c248c00ab\"},\"inLanguage\":\"en-US\",\"potentialAction\":[{\"@type\":\"ReadAction\",\"target\":[\"https:\/\/www.lktwg.com\/en\/polski-dakar-mielnie\/\"]}]},{\"@type\":\"Person\",\"@id\":\"https:\/\/www.lktwg.com\/en\/#\/schema\/person\/6bdf16306d63f6890497ce5c248c00ab\",\"name\":\"Szymon Krupa\",\"image\":{\"@type\":\"ImageObject\",\"@id\":\"https:\/\/www.lktwg.com\/en\/#personlogo\",\"inLanguage\":\"en-US\",\"url\":\"https:\/\/secure.gravatar.com\/avatar\/c0e2b7c0f015fe0d6c14ac0951d89111?s=96&d=mm&r=g\",\"caption\":\"Szymon Krupa\"}}]}<\/script>\n<!-- \/ Yoast SEO plugin. -->","_links":{"self":[{"href":"https:\/\/www.lktwg.com\/en\/wp-json\/wp\/v2\/posts\/1174"}],"collection":[{"href":"https:\/\/www.lktwg.com\/en\/wp-json\/wp\/v2\/posts"}],"about":[{"href":"https:\/\/www.lktwg.com\/en\/wp-json\/wp\/v2\/types\/post"}],"author":[{"embeddable":true,"href":"https:\/\/www.lktwg.com\/en\/wp-json\/wp\/v2\/users\/4"}],"replies":[{"embeddable":true,"href":"https:\/\/www.lktwg.com\/en\/wp-json\/wp\/v2\/comments?post=1174"}],"version-history":[{"count":1,"href":"https:\/\/www.lktwg.com\/en\/wp-json\/wp\/v2\/posts\/1174\/revisions"}],"predecessor-version":[{"id":1190,"href":"https:\/\/www.lktwg.com\/en\/wp-json\/wp\/v2\/posts\/1174\/revisions\/1190"}],"wp:featuredmedia":[{"embeddable":true,"href":"https:\/\/www.lktwg.com\/en\/wp-json\/wp\/v2\/media\/1177"}],"wp:attachment":[{"href":"https:\/\/www.lktwg.com\/en\/wp-json\/wp\/v2\/media?parent=1174"}],"wp:term":[{"taxonomy":"category","embeddable":true,"href":"https:\/\/www.lktwg.com\/en\/wp-json\/wp\/v2\/categories?post=1174"},{"taxonomy":"post_tag","embeddable":true,"href":"https:\/\/www.lktwg.com\/en\/wp-json\/wp\/v2\/tags?post=1174"}],"curies":[{"name":"wp","href":"https:\/\/api.w.org\/{rel}","templated":true}]}}